{"id":151749,"date":"2025-12-15T09:55:12","date_gmt":"2025-12-15T09:55:12","guid":{"rendered":"https:\/\/www.europesays.com\/pl\/151749\/"},"modified":"2025-12-15T09:55:12","modified_gmt":"2025-12-15T09:55:12","slug":"smiszek-uderza-w-szefa-bbn-niebezpieczne-dla-prezydenta","status":"publish","type":"post","link":"https:\/\/www.europesays.com\/pl\/151749\/","title":{"rendered":"\u015amiszek uderza w szefa BBN. &#8222;Niebezpieczne dla prezydenta&#8221;"},"content":{"rendered":"<p>&#8211; Wok\u00f3\u0142 pana Cenckiewicza jest du\u017co znak\u00f3w zapytania, wielka chmura gradowa pe\u0142na znak\u00f3w zapytania, a pan prezydent nadal chce wsp\u00f3\u0142pracowa\u0107 z osob\u0105, kt\u00f3ra generuje wok\u00f3\u0142 siebie tyle emocji i szumu medialnego &#8211; m\u00f3wi\u0142 w poniedzia\u0142kowym &#8222;Graffiti&#8221; Krzysztof \u015amiszek.<\/p>\n<p>\u00a0<\/p>\n<p>Polityk zosta\u0142 zapytany przez Grzegorza K\u0119pk\u0119 o najnowsze doniesienia &#8222;Gazety Wyborczej&#8221;, kt\u00f3ra pozna\u0142a nazwy lek\u00f3w, kt\u00f3rych przyjmowanie S\u0142awomir Cenckiewicz mia\u0142 zatai\u0107 przed s\u0142u\u017cbami w ankiecie bezpiecze\u0144stwa. Jak ustali\u0142a gazeta, jeden z preparat\u00f3w przyjmowanych przez szefa BBN zalicza\u0142 si\u0119 grupy lek\u00f3w psychotropowych.<\/p>\n<p>\u00a0<\/p>\n<p>\u015amiszek stwierdzi\u0142, \u017ce ze wzgl\u0119du na zatajanie wspomnianych informacji, obecny szef BBN nie powinien d\u0142u\u017cej pe\u0142ni\u0107 swojej funkcji na rzecz pa\u0144stwa.<\/p>\n<p>\u015amiszek o post\u0119powaniu wobec Cenckiewicza. &#8222;Niebezpieczne dla prezydenta&#8221;<\/p>\n<p>&#8211; Mnie si\u0119 wydaje, \u017ce szef BBN powinien by\u0107 kompletnie niewidoczny, pracowa\u0107 w cieniu, bo zajmuje si\u0119 strategiczn\u0105 dzia\u0142k\u0105, je\u015bli chodzi o prowadzenie polityki pa\u0144stwowej. A pan prof. Cenckiewicz ma niestety tak\u0105 przypad\u0142o\u015b\u0107, \u017ce chyba czuje si\u0119 bardziej politykiem ni\u017c urz\u0119dnikiem, kt\u00f3ry ma wykonywa\u0107 swoje rzemios\u0142o i zapewnia\u0107 Polakom bezpiecze\u0144stwo &#8211; m\u00f3wi\u0142.<\/p>\n<p>\u00a0<\/p>\n<p>Jak poinformowa\u0142a &#8222;GW&#8221;, pod koniec pa\u017adziernika do redakcji zg\u0142osi\u0142 si\u0119 informator, kt\u00f3ry poda\u0142 nazwy lek\u00f3w, jakich przyjmowanie S\u0142awomir Cenckiewicz mia\u0142 zatai\u0107. Dziennik ustali\u0142, \u017ce za\u017cywane przez szefa BBN substancje dzia\u0142aj\u0105 na o\u015brodkowy uk\u0142ad nerwowy i musz\u0105 by\u0107 uwzgl\u0119dniony w ankiecie bezpiecze\u0144stwa.<\/p>\n<p>\u00a0<\/p>\n<p>&#8222;Spokojnie! Posiada\u0107 kolejny dow\u00f3d na to jak tajne s\u0142u\u017cby przekazuj\u0105 dane wra\u017cliwe patologicznym nienawistnikom &#8211; to jest spory uzysk. Pami\u0119tajcie, p\u00f3jdziecie do lekarza, wykupicie recept\u0119 i nie daj B\u00f3g macie konserwatywne pogl\u0105dy &#8211; opisz\u0105 to w gazecie!&#8221; &#8211; odni\u00f3s\u0142 si\u0119 Cenckiewicz do zapowiedzi artyku\u0142u GW.<\/p>\n<p>\u00a0<\/p>\n<p>W &#8222;Graffiti&#8221; Krzysztof \u015amiszek odni\u00f3s\u0142 si\u0119 tak\u017ce do innych post\u0119powa\u0144 i oskar\u017ce\u0144 wobec szefa BBN, m.in. dotycz\u0105cych odtajnienia informacji pa\u0144stwowych.\u00a0<\/p>\n<p>&#8211; To ju\u017c w moim przekonaniu dyskwalifikuje ca\u0142kowicie cz\u0142owieka, kt\u00f3ry mia\u0142by sta\u0107 na stra\u017cy naszego polskiego bezpiecze\u0144stwa i pracowa\u0107 w kancelarii prezydenta &#8211; stwierdzi\u0142 go\u015b\u0107 &#8222;Graffiti&#8221;. Jak doda\u0142, obecno\u015b\u0107 S\u0142awomira Cenckiewicza w otoczeniu prezydenta Nawrockiego mo\u017ce zaszkodzi\u0107 g\u0142owie pa\u0144stwa i bezpiecze\u0144stwu Polski.<\/p>\n<p>\u00a0<\/p>\n<p>ZOBACZ: <a href=\"https:\/\/www.polsatnews.pl\/gosc-wydarzen\/2025-12-14\/europosel-uderza-w-nawrockiego-lech-kaczynski-przewraca-sie-w-grobie\/\" rel=\"nofollow noopener\" target=\"_blank\">Europose\u0142 uderza w Nawrockiego. &#8222;Lech Kaczy\u0144ski przewraca si\u0119 w grobie&#8221;<\/a><\/p>\n<p>\u00a0<\/p>\n<p>&#8211; Jest to niebezpieczne dla samego prezydenta i bezpiecze\u0144stwa pa\u0144stwa. Im d\u0142u\u017cej pan prezydent Nawrocki trzyma pana Cenckiewicza, bo wierzy w niego, bo by\u0107 mo\u017ce by\u0142 kiedy\u015b jego mentorem politycznym i intelektualnym, tym bardziej nara\u017ca pan prezydent siebie na r\u00f3\u017cne pytania i podejrzenia &#8211; m\u00f3wi\u0142.<\/p>\n<p>Europose\u0142 Lewicy uderza w Nawrockiego. &#8222;Robi wojn\u0119 domow\u0105&#8221;<\/p>\n<p>Zdaniem Krzysztofa \u015amiszka, prezydent Karol Nawrocki pope\u0142nia wiele z\u0142ych decyzji, pozostaj\u0105c w bliskiej wsp\u00f3\u0142pracy z Cenckiewiczem. Jak stwierdzi\u0142, cz\u0119\u015b\u0107 z nich powoduje w Polsce &#8222;wojn\u0119 domow\u0105&#8221;.<\/p>\n<p>\u00a0<\/p>\n<p>&#8211; To on jest t\u0105 osob\u0105, kt\u00f3ra podpowiada prezydentowi bardzo wiele z\u0142ych rzeczy. Ale pan prezydent jest doros\u0142y i mo\u017ce decydowa\u0107. Jak na razie idzie za lini\u0105 pana Cenckiewicza i robi w Polsce wojn\u0119 domow\u0105 &#8211; uzna\u0142 polityk.<\/p>\n<p>\u00a0<\/p>\n<p>ZOBACZ: <a href=\"https:\/\/www.polsatnews.pl\/wiadomosc\/2025-12-14\/nowa-lewica-wybrala-przewodniczacego-bede-z-nawrockim-walczyl\/\" rel=\"nofollow noopener\" target=\"_blank\">Nowa Lewica wybra\u0142a przewodnicz\u0105cego. &#8222;B\u0119d\u0119 z Nawrockim walczy\u0142&#8221;<\/a><\/p>\n<p>\u00a0<\/p>\n<p>Dopytywany o szczeg\u00f3\u0142y wspomnianej wojny polsko-polskiej, \u015amiszek wymieni\u0142 szereg element\u00f3w polityki pa\u0144stwowej, kt\u00f3re w jego mniemaniu staj\u0105 si\u0119 ko\u015bci\u0105 niezgody w\u015br\u00f3d Polak\u00f3w.<\/p>\n<p>&#8211; Ja uwa\u017cam, \u017ce prezydent dzisiaj w Polsce podpala ten spok\u00f3j spo\u0142eczny i robi wojn\u0119 domow\u0105. To masowe wetowanie ustaw, ci\u0105g\u0142e dosypywanie do pieca, oskar\u017canie rz\u0105du o to, \u017ce jest najgorszym rz\u0105dem w historii, ci\u0105g\u0142e zaczepki, pr\u00f3by kolanami i \u0142okciami wybijania sobie pozycji w naszym kraju powoduje, \u017ce zamiast zasypywa\u0107 podzia\u0142y, prezydent zamiast by\u0107 predydentem wszystkich Polak\u00f3w jest dzisiaj prezydentem skrajnej i bardzo skrajnej prawicy &#8211; kontynuowa\u0142 europose\u0142.\u00a0<\/p>\n<p>\u00a0<\/p>\n<p>Dopytywany o dalsz\u0105 wsp\u00f3\u0142prac\u0119 prezydenta z rz\u0105dem, Krzyszfot \u015amiszek podkre\u015bli\u0142, \u017ce koalicja rz\u0105dowa uzyska\u0142a od obywateli r\u00f3wnie wa\u017cny spo\u0142eczny mandat i musi wype\u0142nia\u0107 swoje obowi\u0105zki bez wzgl\u0119du na decyzje Karola Nawrockiego.<\/p>\n<p>&#8211; Nie mo\u017ce by\u0107 tak, \u017ce koalicja, kt\u00f3ra dosta\u0142a mandat, kt\u00f3ra rz\u0105dzi w Polsce, b\u0119dzie k\u0142ad\u0142a uszy po sobie i b\u0119dzie sz\u0142a za niekonstytucyjnymi podpowiedziami pana prezydenta &#8211; powiedzia\u0142 polityk. &#8211; Ja uwa\u017cam, \u017ce w polityce trzeba umie\u0107 si\u0119 postawi\u0107, kiedy to jest wa\u017cne &#8211; doda\u0142.<\/p>\n<p>Spotkanie Nawrocki-Ze\u0142enski. Polityk Lewicy: Ja si\u0119 tego obawiam<\/p>\n<p>Prezydent Ukrainy Wo\u0142odymyr Ze\u0142enski potwierdzi\u0142, \u017ce w najbli\u017cszy pi\u0105tek odwiedzi Warszaw\u0119 i spotka si\u0119 z prezydentem Polski. Jak przekaza\u0142 ukrai\u0144ski przyw\u00f3dca, utrzymanie dobrych relacji z Polsk\u0105 jest dla niego bardzo wa\u017cne, dlatego jak najszybciej zaakceptowa\u0142 dat\u0119 zaproponowan\u0105 przez Pa\u0142ac Prezydencki.<\/p>\n<p>\u00a0<\/p>\n<p>Krzysztof \u015amiszek w programie &#8222;Graffiti&#8221; stwierdzi\u0142, \u017ce spotkanie obu przyw\u00f3dc\u00f3w jest w\u0142a\u015bciwym krokiem, jednak obawia si\u0119, \u017ce prezydent Nawrocki, kt\u00f3ry dotychczas &#8222;unika\u0142&#8221; konfrontacji z Ze\u0142enskim, nie wykorzysta w pe\u0142ni jego potencja\u0142u.\u00a0<\/p>\n<p>\u00a0<\/p>\n<p>ZOBACZ: <a href=\"https:\/\/www.polsatnews.pl\/wiadomosc\/2025-12-15\/czlowiek-trumpa-podsumowal-negocjacje-w-berlinie-znaczny-postep\/\" rel=\"nofollow noopener\" target=\"_blank\">Cz\u0142owiek Trumpa podsumowa\u0142 negocjacje w Berlinie. &#8222;Znaczny post\u0119p&#8221;<\/a><\/p>\n<p>\u00a0<\/p>\n<p>&#8211; Ja si\u0119 tego spotkania obawiam &#8211; m\u00f3wi\u0142 europose\u0142. &#8211; My\u015bl\u0119, \u017ce pan prezydent Nawrocki za bardzo zapatrzy\u0142 si\u0119 w to, jak dzia\u0142a prezydent Trump i boj\u0119 si\u0119, \u017ce Nawrocki wykorzysta te sytuacj\u0119 na polskiej ziemi, \u017ceby upokorzy\u0107 pana prezydenta &#8211; przewidywa\u0142.<\/p>\n<p>\u00a0<\/p>\n<p>Jego zdaniem pi\u0105tkowe spotkanie obu prezydent\u00f3w &#8222;to b\u0119dzie moment, w kt\u00f3rym Karol Nawrocki mo\u017ce uruchomi\u0107 swoje antyukrai\u0144skie fobie i ch\u0119\u0107 ukazania si\u0142y&#8221;.\u00a0<\/p>\n<p>\u00a0<\/p>\n<p>&#8211; Boj\u0119 si\u0119, \u017ce na tej go\u015bcinnej polskiej ziemi, kt\u00f3ra przyj\u0119\u0142a tyle milion\u00f3w ukrai\u0144skich uchod\u017ac\u00f3w, nagle prezydent Nawrocki zacznie czego\u015b nadmiarowego \u017c\u0105da\u0107 od prezydenta Ze\u0142enskiego, a to pan prezydent Ze\u0142enski i jego nar\u00f3d walcz\u0105 o to, \u017ceby pan prezydent Nawrocki m\u00f3g\u0142 spokojnie spa\u0107 w pa\u0142acu prezydenckim &#8211; podsumowa\u0142.<\/p>\n<p>\u00a0<\/p>\n<p>Widzia\u0142e\u015b co\u015b wa\u017cnego? Przy\u015blij zdj\u0119cie, film lub napisz, co si\u0119 sta\u0142o. Skorzystaj z naszej <a href=\"https:\/\/www.polsatnews.pl\/platforma-widzow\/\" target=\"_blank\" rel=\"noopener noreferrer nofollow\">Wrzutni<\/a><\/p>\n<p>                <img decoding=\"async\" src=\"https:\/\/www.europesays.com\/pl\/wp-content\/uploads\/2025\/12\/g23ciu76z46igzyhy2uo2xwp6vdcuxre.jpg\" alt=\"\" itemprop=\"contentUrl\" style=\"position:absolute; width: 100%; max-height: 100%;\"\/><video controls=\"\" controlslist=\"nodownload\" poster=\"https:\/\/www.europesays.com\/pl\/wp-content\/uploads\/2025\/12\/g23ciu76z46igzyhy2uo2xwp6vdcuxre.jpg\" class=\"videoPlayer player6855674 news__video\" data-id=\"6855674\">Twoja przegl\u0105darka nie wspiera odtwarzacza wideo&#8230;<\/video><\/p>\n<p>                <a class=\"news__read-more-button\" href=\"https:\/\/www.polsatnews.pl\/\" rel=\"nofollow noopener\" target=\"_blank\">Czytaj wi\u0119cej<\/a><\/p>\n","protected":false},"excerpt":{"rendered":"&#8211; Wok\u00f3\u0142 pana Cenckiewicza jest du\u017co znak\u00f3w zapytania, wielka chmura gradowa pe\u0142na znak\u00f3w zapytania, a pan prezydent nadal&hellip;\n","protected":false},"author":2,"featured_media":151750,"comment_status":"","ping_status":"","sticky":false,"template":"","format":"standard","meta":{"footnotes":""},"categories":[5],"tags":[32,33,36,37,27,34,35,28,31,25,42,38,40,39,41,29,30,26],"class_list":{"0":"post-151749","1":"post","2":"type-post","3":"status-publish","4":"format-standard","5":"has-post-thumbnail","7":"category-naglowki","8":"tag-breaking-news","9":"tag-breakingnews","10":"tag-featured-news","11":"tag-featurednews","12":"tag-headlines","13":"tag-latest-news","14":"tag-latestnews","15":"tag-naglowki","16":"tag-najwazniejsze-artykuly","17":"tag-news","18":"tag-pl","19":"tag-poland","20":"tag-polish","21":"tag-polska","22":"tag-polski","23":"tag-top-stories","24":"tag-topstories","25":"tag-wiadomosci"},"share_on_mastodon":{"url":"https:\/\/pubeurope.com\/@pl\/115722985784745947","error":""},"_links":{"self":[{"href":"https:\/\/www.europesays.com\/pl\/wp-json\/wp\/v2\/posts\/151749","targetHints":{"allow":["GET"]}}],"collection":[{"href":"https:\/\/www.europesays.com\/pl\/wp-json\/wp\/v2\/posts"}],"about":[{"href":"https:\/\/www.europesays.com\/pl\/wp-json\/wp\/v2\/types\/post"}],"author":[{"embeddable":true,"href":"https:\/\/www.europesays.com\/pl\/wp-json\/wp\/v2\/users\/2"}],"replies":[{"embeddable":true,"href":"https:\/\/www.europesays.com\/pl\/wp-json\/wp\/v2\/comments?post=151749"}],"version-history":[{"count":0,"href":"https:\/\/www.europesays.com\/pl\/wp-json\/wp\/v2\/posts\/151749\/revisions"}],"wp:featuredmedia":[{"embeddable":true,"href":"https:\/\/www.europesays.com\/pl\/wp-json\/wp\/v2\/media\/151750"}],"wp:attachment":[{"href":"https:\/\/www.europesays.com\/pl\/wp-json\/wp\/v2\/media?parent=151749"}],"wp:term":[{"taxonomy":"category","embeddable":true,"href":"https:\/\/www.europesays.com\/pl\/wp-json\/wp\/v2\/categories?post=151749"},{"taxonomy":"post_tag","embeddable":true,"href":"https:\/\/www.europesays.com\/pl\/wp-json\/wp\/v2\/tags?post=151749"}],"curies":[{"name":"wp","href":"https:\/\/api.w.org\/{rel}","templated":true}]}}