{"id":151757,"date":"2025-12-15T10:00:12","date_gmt":"2025-12-15T10:00:12","guid":{"rendered":"https:\/\/www.europesays.com\/pl\/151757\/"},"modified":"2025-12-15T10:00:12","modified_gmt":"2025-12-15T10:00:12","slug":"obama-i-harris-wstrzasnieci-smiercia-rezysera-kochal-nasz-kraj-onet","status":"publish","type":"post","link":"https:\/\/www.europesays.com\/pl\/151757\/","title":{"rendered":"Obama i Harris wstrz\u0105\u015bni\u0119ci \u015bmierci\u0105 re\u017cysera. &quot;Kocha\u0142 nasz kraj&quot; &#8211; Onet"},"content":{"rendered":"<ol>\n<li><a href=\"https:\/\/news.google.com\/rss\/articles\/CBMiyAFBVV95cUxNbkdsdF9fT0gwRXRtS2FYbFRsNjlnMHc0LVYtN1FMYVdadEFhU3BVcXQxQms1cFFfUi1WY1pMdkFUV0hXUG5zV3pVYVQxWW5WQ0pGNjZTZXFWUE1SVGdkMG5CN2poYVpVOFJfUTJXMUIwTU13Sm83anpMRVgycVFVZmVMRXJwaUdGNEtuRW4ybFRGUExKV3pldS1QRUFyZFNsQ284cjZxbUlJeVlPemtvdGl3bzh0TzNnc19zdVgwY0Rjal9WTlhWbg?oc=5\" target=\"_blank\" rel=\"nofollow noopener\">Obama i Harris wstrz\u0105\u015bni\u0119ci \u015bmierci\u0105 re\u017cysera. &#8222;Kocha\u0142 nasz kraj&#8221;<\/a>&nbsp;&nbsp;Onet<\/li>\n<li><a href=\"https:\/\/news.google.com\/rss\/articles\/CBMiswFBVV95cUxNWGotSmU4NzRBWHA1RVhWYXJxZDRlZU5hNWJuY0RxM1hpYnBYZnd4T2w5NFVteDE5RjB3bnRJVEtrQlNhYng4NWs4aDAxYlZIT3JramEtX0lPOGdTdi1rTEdHYmp1SUkyNHZYdldZckV3Z3p1OFZkNnl4bWxjRXhiQ21LZFlnZEFTczNJWmFucTRLRHU2Q0Vlemk3S253SFhjRzlBWFhYdTZWYjMxOVY5QkJnTQ?oc=5\" target=\"_blank\" rel=\"nofollow noopener\">Legendarny re\u017cyser znaleziony z \u017con\u0105. Mieli rany k\u0142ute<\/a>&nbsp;&nbsp;Onet<\/li>\n<li><a href=\"https:\/\/news.google.com\/rss\/articles\/CBMiugFBVV95cUxQMTZnWERYRmVJOWpoVFpOdnk0UENDVHhaTG4ycno1MkIyWk9vOG1mLXJkUHVjdkkteEZHVEM3cEZ3aWUxLXlBakVtQ1JzTTl5cEtoanhuR1FxWXotanF0SGhfVlMyWlhxU2thSjBEemxyZFpQYzYxQXR3ZXd3NWROOFRVc1FwT2FSWTZSemJnTmVLQndidmwtN2dmZ19TeE9uSkFZYmNXZkZTV01LVUg0ZGprU0gyTlUzVFE?oc=5\" target=\"_blank\" rel=\"nofollow noopener\">Tragedia w domu znanego hollywoodzkiego filmowca<\/a>&nbsp;&nbsp;TVN24<\/li>\n<li><a href=\"https:\/\/news.google.com\/rss\/articles\/CBMiswFBVV95cUxQSjlaWWFrZktMZHVaYWV4V3U0S1ZSUWg2ZF8yS3huMUI0X1dnRGc3dUk5VVZWalFERGZtczlXaXlFMVRfdjNXR1FtQksyS3JJUGVlX2RnMThOQ1lqcTdZSXdwalV3ZVRjX0dUcWlnRmU1OHRSNDFaejk1NndMaXNkWC1RWHZDN1ROLTZpd2dIZXdiekI0QjhsdHVVV1MteFd4eVdrMng5QlFiYmd6ajVIRjRUdw?oc=5\" target=\"_blank\" rel=\"nofollow noopener\">Nie \u017cyje Rob Reiner. Szokuj\u0105ce okoliczno\u015bci \u015bmierci re\u017cysera i jego \u017cony<\/a>&nbsp;&nbsp;Film Interia<\/li>\n<li><a href=\"https:\/\/news.google.com\/rss\/articles\/CBMingFBVV95cUxOYWV1bFdOVXJFRHpIdGVRN3owbzYzcDliMHJ0b2hDUTQzakdsR1RRZkV1blNWV2N0am9qZUNwUGZqYXhNM3p0S091ZEUtUjJCYmJsQmxwSGJGV2NpNXltX0hYenp6X1FjeWhSMWRrVXlZVE9oWERoZ09Rc01XaW5lTkxzTzF1U0N6VDJrU21IdWVVZmtVSWpic3FhWHRXQQ?oc=5\" target=\"_blank\" rel=\"nofollow noopener\">Rob Reiner nie \u017cyje. Legendarny re\u017cyser zmar\u0142 w wieku 78 lat<\/a>&nbsp;&nbsp;WP Film<\/li>\n<\/ol>\n","protected":false},"excerpt":{"rendered":"Obama i Harris wstrz\u0105\u015bni\u0119ci \u015bmierci\u0105 re\u017cysera. &#8222;Kocha\u0142 nasz kraj&#8221;&nbsp;&nbsp;Onet Legendarny re\u017cyser znaleziony z \u017con\u0105. Mieli rany k\u0142ute&nbsp;&nbsp;Onet Tragedia&hellip;\n","protected":false},"author":2,"featured_media":151758,"comment_status":"","ping_status":"","sticky":false,"template":"","format":"standard","meta":{"footnotes":""},"categories":[14],"tags":[2113,32,33,27,67,17188,261,34,35,28,8426,31,53,25,52,68,51,55,40,41,30518,30564,47,80,29,30,65,50,26,82,83,84],"class_list":{"0":"post-151757","1":"post","2":"type-post","3":"status-publish","4":"format-standard","5":"has-post-thumbnail","7":"category-swiat","8":"tag-barack_obama","9":"tag-breaking-news","10":"tag-breakingnews","11":"tag-headlines","12":"tag-intextvideo_splayer","13":"tag-kamala_harris","14":"tag-kultura","15":"tag-latest-news","16":"tag-latestnews","17":"tag-naglowki","18":"tag-najnowsze","19":"tag-najwazniejsze-artykuly","20":"tag-new_header","21":"tag-news","22":"tag-onet3","23":"tag-onet3d","24":"tag-onet3d_2i","25":"tag-phx","26":"tag-polish","27":"tag-polski","28":"tag-rob_reiner_rezyser","29":"tag-roseanne_barr_aktorka","30":"tag-screening_general","31":"tag-swiat","32":"tag-top-stories","33":"tag-topstories","34":"tag-update_me","35":"tag-v2021","36":"tag-wiadomosci","37":"tag-world","38":"tag-world-news","39":"tag-worldnews"},"share_on_mastodon":{"url":"https:\/\/pubeurope.com\/@pl\/115723005056205000","error":""},"_links":{"self":[{"href":"https:\/\/www.europesays.com\/pl\/wp-json\/wp\/v2\/posts\/151757","targetHints":{"allow":["GET"]}}],"collection":[{"href":"https:\/\/www.europesays.com\/pl\/wp-json\/wp\/v2\/posts"}],"about":[{"href":"https:\/\/www.europesays.com\/pl\/wp-json\/wp\/v2\/types\/post"}],"author":[{"embeddable":true,"href":"https:\/\/www.europesays.com\/pl\/wp-json\/wp\/v2\/users\/2"}],"replies":[{"embeddable":true,"href":"https:\/\/www.europesays.com\/pl\/wp-json\/wp\/v2\/comments?post=151757"}],"version-history":[{"count":0,"href":"https:\/\/www.europesays.com\/pl\/wp-json\/wp\/v2\/posts\/151757\/revisions"}],"wp:featuredmedia":[{"embeddable":true,"href":"https:\/\/www.europesays.com\/pl\/wp-json\/wp\/v2\/media\/151758"}],"wp:attachment":[{"href":"https:\/\/www.europesays.com\/pl\/wp-json\/wp\/v2\/media?parent=151757"}],"wp:term":[{"taxonomy":"category","embeddable":true,"href":"https:\/\/www.europesays.com\/pl\/wp-json\/wp\/v2\/categories?post=151757"},{"taxonomy":"post_tag","embeddable":true,"href":"https:\/\/www.europesays.com\/pl\/wp-json\/wp\/v2\/tags?post=151757"}],"curies":[{"name":"wp","href":"https:\/\/api.w.org\/{rel}","templated":true}]}}