{"id":151759,"date":"2025-12-15T10:01:10","date_gmt":"2025-12-15T10:01:10","guid":{"rendered":"https:\/\/www.europesays.com\/pl\/151759\/"},"modified":"2025-12-15T10:01:10","modified_gmt":"2025-12-15T10:01:10","slug":"juz-nie-tylko-zakopane-opanowali-kolejne-miasto-w-polsce-nagranie","status":"publish","type":"post","link":"https:\/\/www.europesays.com\/pl\/151759\/","title":{"rendered":"Ju\u017c nie tylko Zakopane. Opanowali kolejne miasto w Polsce. Nagranie"},"content":{"rendered":"<p>TikToka obiega filmik z\u00a0Wroc\u0142awia. Jedna z\u00a0u\u017cytkowniczek opublikowa\u0142a materia\u0142, na kt\u00f3rym wida\u0107 fragment wyst\u0119pu romskiej kapeli. <\/p>\n<p>&#8222;Trzy \u015bwiaty Johna Scherera&#8221;. Ekspertka zach\u0119ca, by\u00a0wypr\u00f3bowa\u0107 <\/p>\n<p>Niekt\u00f3rzy bawili si\u0119 w\u00a0rytm muzyki, a\u00a0inni wyci\u0105gali telefony i\u00a0nagrywali. Generalnie wyst\u0119p wywo\u0142a\u0142 zainteresowanie przechodz\u0105cych os\u00f3b.<\/p>\n<p>Uj\u0119cia z\u00a0Wroc\u0142awia zosta\u0142y wy\u015bwietlone ju\u017c przez ponad 250 tys. os\u00f3b. Pojawi\u0142o si\u0119 te\u017c sporo komentarzy.<\/p>\n<p>Co internauci pisz\u0105 pod filmikiem ukazuj\u0105cym wyst\u0119p romskiej kapeli we Wroc\u0142awiu?<\/p>\n<p>Do tej pory wyst\u0119py Rom\u00f3w kojarzy\u0142y si\u0119 g\u0142\u00f3wnie z\u00a0Zakopanem &#8211;\u00a0pojawiali si\u0119 m.in. na Krup\u00f3wkach. Tatrza\u0144ska miejscowo\u015b\u0107 podj\u0119\u0142a starania, kt\u00f3rych celem jest uniemo\u017cliwienie tego typu &#8222;koncert\u00f3w&#8221;.<\/p>\n<p>Z pojawiaj\u0105cych si\u0119 doniesie\u0144 wynika jednak, \u017ce wysi\u0142ki na niewiele si\u0119 zdaj\u0105, bo Romowie powracaj\u0105 do Zakopanego niczym bumerang. <\/p>\n","protected":false},"excerpt":{"rendered":"TikToka obiega filmik z\u00a0Wroc\u0142awia. Jedna z\u00a0u\u017cytkowniczek opublikowa\u0142a materia\u0142, na kt\u00f3rym wida\u0107 fragment wyst\u0119pu romskiej kapeli. &#8222;Trzy \u015bwiaty Johna&hellip;\n","protected":false},"author":2,"featured_media":151760,"comment_status":"","ping_status":"","sticky":false,"template":"","format":"standard","meta":{"footnotes":""},"categories":[12],"tags":[32,33,36,37,27,34,35,28,31,25,42,38,40,39,41,29,30,26],"class_list":{"0":"post-151759","1":"post","2":"type-post","3":"status-publish","4":"format-standard","5":"has-post-thumbnail","7":"category-polska","8":"tag-breaking-news","9":"tag-breakingnews","10":"tag-featured-news","11":"tag-featurednews","12":"tag-headlines","13":"tag-latest-news","14":"tag-latestnews","15":"tag-naglowki","16":"tag-najwazniejsze-artykuly","17":"tag-news","18":"tag-pl","19":"tag-poland","20":"tag-polish","21":"tag-polska","22":"tag-polski","23":"tag-top-stories","24":"tag-topstories","25":"tag-wiadomosci"},"share_on_mastodon":{"url":"https:\/\/pubeurope.com\/@pl\/115723008964895271","error":""},"_links":{"self":[{"href":"https:\/\/www.europesays.com\/pl\/wp-json\/wp\/v2\/posts\/151759","targetHints":{"allow":["GET"]}}],"collection":[{"href":"https:\/\/www.europesays.com\/pl\/wp-json\/wp\/v2\/posts"}],"about":[{"href":"https:\/\/www.europesays.com\/pl\/wp-json\/wp\/v2\/types\/post"}],"author":[{"embeddable":true,"href":"https:\/\/www.europesays.com\/pl\/wp-json\/wp\/v2\/users\/2"}],"replies":[{"embeddable":true,"href":"https:\/\/www.europesays.com\/pl\/wp-json\/wp\/v2\/comments?post=151759"}],"version-history":[{"count":0,"href":"https:\/\/www.europesays.com\/pl\/wp-json\/wp\/v2\/posts\/151759\/revisions"}],"wp:featuredmedia":[{"embeddable":true,"href":"https:\/\/www.europesays.com\/pl\/wp-json\/wp\/v2\/media\/151760"}],"wp:attachment":[{"href":"https:\/\/www.europesays.com\/pl\/wp-json\/wp\/v2\/media?parent=151759"}],"wp:term":[{"taxonomy":"category","embeddable":true,"href":"https:\/\/www.europesays.com\/pl\/wp-json\/wp\/v2\/categories?post=151759"},{"taxonomy":"post_tag","embeddable":true,"href":"https:\/\/www.europesays.com\/pl\/wp-json\/wp\/v2\/tags?post=151759"}],"curies":[{"name":"wp","href":"https:\/\/api.w.org\/{rel}","templated":true}]}}