{"id":151763,"date":"2025-12-15T10:04:07","date_gmt":"2025-12-15T10:04:07","guid":{"rendered":"https:\/\/www.europesays.com\/pl\/151763\/"},"modified":"2025-12-15T10:04:07","modified_gmt":"2025-12-15T10:04:07","slug":"mateusz-damiecki-wspomina-rozwod-z-patrycja-krogulska-rozczarowanie","status":"publish","type":"post","link":"https:\/\/www.europesays.com\/pl\/151763\/","title":{"rendered":"Mateusz Dami\u0119cki wspomina rozw\u00f3d z Patrycj\u0105 Krogulsk\u0105. &#8222;Rozczarowanie&#8221;"},"content":{"rendered":"<p class=\"ods-c-paragraph \">Aktor mia\u0142 29 lat, kiedy po o\u015bmiu miesi\u0105cach zako\u0144czy\u0142 swoje pierwsze ma\u0142\u017ce\u0144stwo. P\u00f3\u017aniej rzadko opowiada\u0142 o by\u0142ej \u017conie Patrycji Krogulskiej. Teraz gdy pad\u0142o pytanie, jak podni\u00f3s\u0142 si\u0119 po tak druzgoc\u0105cym do\u015bwiadczeniu, stwierdza:<\/p>\n<blockquote class=\"ods-o-quota\">\n<p class=\"ods-o-quota__paragraph\">Najtrudniejsze by\u0142o to, \u017ceby pogodzi\u0107 si\u0119 gdzie\u015b tam w \u015brodku z tym, \u017ce to, \u017ce s\u0105 b\u0142\u0119dy mniejsze i troszk\u0119 b\u0142\u0119dy wi\u0119ksze i mo\u017cna by\u0142oby do tych wi\u0119kszych nie dopu\u015bci\u0107.<\/p>\n<\/blockquote>\n<p>&#8222;Nie poszed\u0142em w d\u0142ug\u0105&#8221;<\/p>\n<p class=\"ods-c-paragraph \">\u2014 Ale to jest \u017cyciowe do\u015bwiadczenie, kt\u00f3re zbieramy ca\u0142e \u017cycie i nigdy si\u0119 nie dowiemy, co nas b\u0119dzie czeka\u0142o, je\u017celi nie b\u0119dziemy wykonywa\u0107 pewnych gest\u00f3w i je\u017celi nie b\u0119dziemy podejmowali pewnych decyzji, z kt\u00f3rych b\u0119dziemy si\u0119 p\u00f3\u017aniej musieli rozliczy\u0107 \u2014 uwa\u017ca.<\/p>\n<p>Dalszy ci\u0105g artyku\u0142u pod materia\u0142em wideo<\/p>\n<p> Jak Mateusz Dami\u0119cki ocenia swoje ma\u0142\u017ce\u0144stwo z Patrycj\u0105 Krogulsk\u0105? <\/p>\n<p> Ile czasu trwa\u0142o ma\u0142\u017ce\u0144stwo Dami\u0119ckiego? <\/p>\n<p> Co najtrudniejszego Dami\u0119cki odczuwa\u0142 po rozwodzie? <\/p>\n<p> Jakie do\u015bwiadczenie Dami\u0119cki uznaje za w \u017cyciu znacz\u0105ce? <\/p>\n<p class=\"ods-c-paragraph \">Zdaniem Dami\u0119ckiego &#8222;co\u015b go gdzie\u015b tak z\u0142apa\u0142o w pewnym momencie, ale te\u017c nie poszed\u0142em w jak\u0105\u015b d\u0142ug\u0105&#8221;. \u2014 Nie robi\u0142em jakich\u015b g\u0142upot. Pami\u0119tam, \u017ce wtedy jako\u015b tam w prac\u0119 sobie poszed\u0142em i to te\u017c by\u0142o ciekawe dla mnie do\u015bwiadczenie \u2014 kontynuuje. Rozw\u00f3d okre\u015bla rozczarowaniem.<\/p>\n<blockquote class=\"ods-o-quota\">\n<p class=\"ods-o-quota__paragraph\">I rozczarowaniem w\u0142a\u015bnie wobec samego siebie. A tego si\u0119 bardziej boj\u0119. Nie samej z\u0142o\u015bci<\/p>\n<\/blockquote>\n<p class=\"ods-c-paragraph \">\u2014 t\u0142umaczy.<\/p>\n<p>&#8222;Mi\u0142o\u015b\u0107 i pomy\u0142ka, rado\u015b\u0107 i niewypa\u0142, s\u0142o\u0144ce i deszcz&#8221;<\/p>\n<p class=\"ods-c-paragraph \">Aktor i t\u0142umaczka wzi\u0119li \u015blub w warszawskim ko\u015bciele \u015bw. Anny. Towarzyszy\u0142y im t\u0142umy warszawiak\u00f3w i horda paparazzi. &#8211; Nigdy od niej nie uciekn\u0119. Ju\u017c pr\u0119dzej ona ode mnie \u2014 deklarowa\u0142 Mateusz. Osiem miesi\u0119cy po z\u0142o\u017ceniu przysi\u0119gi ma\u0142\u017ce\u0144skiej spotka\u0142 si\u0119 z Patrycj\u0105 w s\u0105dzie. <\/p>\n<p class=\"ods-c-paragraph \">Potem na jego drodze stan\u0119\u0142a tancerka i pedago\u017cka Paulina Andrzejewska. Ju\u017c jako jej m\u0105\u017c ostro zareagowa\u0142, gdy &#8222;Viva!&#8221; opublikowa\u0142a w mediach spo\u0142eczno\u015bciowych kola\u017c \u015blubnych zdj\u0119\u0107 gwiazd. Jedno przedstawia\u0142o Dami\u0119ckiego i Krogulsk\u0105, cho\u0107 podpis sugerowa\u0142, \u017ce jest na nim&#8230; Andrzejewska. To wytr\u0105ci\u0142o go z r\u00f3wnowagi. Zwr\u00f3ci\u0142 si\u0119 wtedy do redakcji s\u0142owami: &#8222;Czy nie ma dla was znaczenia r\u00f3\u017cnica mi\u0119dzy imionami: Paulina i Patrycja, uczuciami szcz\u0119\u015bcia i nieszcz\u0119\u015bcia, s\u0142owami: mi\u0142o\u015b\u0107 i pomy\u0142ka, rado\u015b\u0107 i niewypa\u0142, s\u0142o\u0144ce i deszcz?&#8221;.<\/p>\n<p class=\"ods-c-paragraph \">Ukochana artysty swego czasu tak wspomina\u0142a ich pocz\u0105tki:<\/p>\n<blockquote class=\"ods-o-quota\">\n<p class=\"ods-o-quota__paragraph\">Mateusz poda\u0142 mi r\u0119k\u0119 i twierdzi, \u017ce ju\u017c wtedy si\u0119 zauroczy\u0142. Ja s\u0105dzi\u0142am, \u017ce pewnie tak d\u0142ugo si\u0119 zastanawia, bo wcze\u015bniej mijali\u015bmy si\u0119 zawodowo i szuka\u0142 w pami\u0119ci naszych wcze\u015bniejszych spotka\u0144. Chcia\u0142am mu nawet o tym przypomnie\u0107\u2026 Wygl\u0105da na to, \u017ce ja my\u015bla\u0142am o czym\u015b innym i on te\u017c, ale rzeczywi\u015bcie mieli\u015bmy si\u0119 ku sobie i to by\u0142 dobry moment na poznanie. Oboje byli\u015bmy po przej\u015bciach, z jakim\u015b baga\u017cem do\u015bwiadcze\u0144, przez co te\u017c dojrzalsi. Wiedzieli\u015bmy, czego potrzebujemy od zwi\u0105zku tak, \u017ceby by\u0142o w \u017cyciu \u0142atwiej.<\/p>\n<\/blockquote>\n","protected":false},"excerpt":{"rendered":"Aktor mia\u0142 29 lat, kiedy po o\u015bmiu miesi\u0105cach zako\u0144czy\u0142 swoje pierwsze ma\u0142\u017ce\u0144stwo. P\u00f3\u017aniej rzadko opowiada\u0142 o by\u0142ej \u017conie&hellip;\n","protected":false},"author":2,"featured_media":151764,"comment_status":"","ping_status":"","sticky":false,"template":"","format":"standard","meta":{"footnotes":""},"categories":[22],"tags":[122,13668,48,46,30566,30565,42,38,40,39,41,123,47,26],"class_list":{"0":"post-151763","1":"post","2":"type-post","3":"status-publish","4":"format-standard","5":"has-post-thumbnail","7":"category-rozrywka","8":"tag-entertainment","9":"tag-mateusz_damiecki","10":"tag-nat_styl","11":"tag-omp","12":"tag-patrycja_krogulska","13":"tag-paulina_andrzejewska","14":"tag-pl","15":"tag-poland","16":"tag-polish","17":"tag-polska","18":"tag-polski","19":"tag-rozrywka","20":"tag-screening_general","21":"tag-wiadomosci"},"share_on_mastodon":{"url":"https:\/\/pubeurope.com\/@pl\/115723020723999791","error":""},"_links":{"self":[{"href":"https:\/\/www.europesays.com\/pl\/wp-json\/wp\/v2\/posts\/151763","targetHints":{"allow":["GET"]}}],"collection":[{"href":"https:\/\/www.europesays.com\/pl\/wp-json\/wp\/v2\/posts"}],"about":[{"href":"https:\/\/www.europesays.com\/pl\/wp-json\/wp\/v2\/types\/post"}],"author":[{"embeddable":true,"href":"https:\/\/www.europesays.com\/pl\/wp-json\/wp\/v2\/users\/2"}],"replies":[{"embeddable":true,"href":"https:\/\/www.europesays.com\/pl\/wp-json\/wp\/v2\/comments?post=151763"}],"version-history":[{"count":0,"href":"https:\/\/www.europesays.com\/pl\/wp-json\/wp\/v2\/posts\/151763\/revisions"}],"wp:featuredmedia":[{"embeddable":true,"href":"https:\/\/www.europesays.com\/pl\/wp-json\/wp\/v2\/media\/151764"}],"wp:attachment":[{"href":"https:\/\/www.europesays.com\/pl\/wp-json\/wp\/v2\/media?parent=151763"}],"wp:term":[{"taxonomy":"category","embeddable":true,"href":"https:\/\/www.europesays.com\/pl\/wp-json\/wp\/v2\/categories?post=151763"},{"taxonomy":"post_tag","embeddable":true,"href":"https:\/\/www.europesays.com\/pl\/wp-json\/wp\/v2\/tags?post=151763"}],"curies":[{"name":"wp","href":"https:\/\/api.w.org\/{rel}","templated":true}]}}