{"id":151769,"date":"2025-12-15T10:08:09","date_gmt":"2025-12-15T10:08:09","guid":{"rendered":"https:\/\/www.europesays.com\/pl\/151769\/"},"modified":"2025-12-15T10:08:09","modified_gmt":"2025-12-15T10:08:09","slug":"pijany-prokurator-spowodowal-kolizje-ruch-prokuratury-sa-zarzuty","status":"publish","type":"post","link":"https:\/\/www.europesays.com\/pl\/151769\/","title":{"rendered":"Pijany prokurator spowodowa\u0142 kolizj\u0119. Ruch prokuratury. S\u0105 zarzuty"},"content":{"rendered":"<p class=\"ods-c-paragraph \">&#8222;Prokurator Wydzia\u0142u Spraw Wewn\u0119trznych Prokuratury Krajowej, po uzyskaniu zgody S\u0105du Najwy\u017cszego, przedstawi\u0142 w dniu 13 grudnia 2025 r. prokuratorowi Dariuszowi K. zarzuty: prowadzenia w dniu 11 grudnia 2025 r. samochodu w stanie nietrze\u017awo\u015bci, a tak\u017ce nak\u0142aniania funkcjonariuszy Policji do przekroczenia uprawnie\u0144 i utrudniania post\u0119powania karnego&#8221; \u2014 czytamy w komunikacie.<\/p>\n<p> Jakie zarzuty us\u0142ysza\u0142 prokurator Dariusz K.? <\/p>\n<p> Kiedy prokurator spowodowa\u0142 wypadek? <\/p>\n<p> Co znaleziono w samochodzie prokuratora? <\/p>\n<p> Gdzie mia\u0142a miejsce kolizja? <\/p>\n<p class=\"ods-c-paragraph \">Wcze\u015bniej <a href=\"https:\/\/wiadomosci.onet.pl\/poznan\/pijany-prokurator-spowodowal-kolizje-zdecyduje-sad-najwyzszy\/j6w6c31\" id=\"c5ba9880-47ac-404b-8ac8-43824e6b313c\" rel=\"nofollow noopener\" target=\"_blank\">Dariusz K. zosta\u0142 zawieszony w czynno\u015bciach<\/a>.<\/p>\n<p> Pijany prokurator spowodowa\u0142 kolizj\u0119. Prokuratura ujawnia szczeg\u00f3\u0142y zatrzymania<\/p>\n<p class=\"ods-c-paragraph \"><a href=\"https:\/\/wiadomosci.onet.pl\/poznan\/pijany-prokurator-spowodowal-kolizje-noc-spedzil-w-izbie-wytrzezwien\/gs5xz1w\" id=\"55c53eb9-1e5f-431c-b3fe-51ded5f95a34\" rel=\"nofollow noopener\" target=\"_blank\">Sytuacja mia\u0142a miejsce w czwartek, 11 grudnia po po\u0142udniu w okolicach Ko\u0142a<\/a> (woj. wielkopolskie). W tym miejscu trwa remont drogi. Pracownik kieruj\u0105cy ruchem da\u0142 sygna\u0142 nadje\u017cd\u017caj\u0105cemu pojazdowi, aby si\u0119 zatrzyma\u0142. Gdy kierowca wykona\u0142 jego polecenie, w ty\u0142 jego samochodu uderzy\u0142 inny pojazd, kt\u00f3rym jak si\u0119 okaza\u0142o, kierowa\u0142 prokurator.<\/p>\n<p class=\"ods-c-paragraph \">Jak podaje prokuratura, &#8222;samoch\u00f3d Dariusza K. pr\u00f3bowa\u0142 wymin\u0105\u0107 uderzony pojazd i odjecha\u0107 pasem awaryjnym, jednak zosta\u0142 powstrzymany przez osob\u0119 kieruj\u0105c\u0105 ruchem&#8221;.<\/p>\n<p class=\"ods-c-paragraph \">Policja po przyje\u017adzie na miejsce chcia\u0142a zbada\u0107 go alkomatem, jednak nie wyrazi\u0142 na to zgody. Pobrano wi\u0119c od niego krew, gdy\u017c istnia\u0142y powa\u017cne podejrzenia, \u017ce jest pod wp\u0142ywem alkoholu. Wynik okaza\u0142 si\u0119 pozytywny, a prokurator noc sp\u0119dzi\u0142 w policyjnej izbie wytrze\u017awie\u0144.<\/p>\n<p class=\"ods-c-paragraph \">\u015aledczy relacjonuj\u0105, \u017ce w trakcie zatrzymania &#8222;w pewnym momencie Dariusz K. podszed\u0142 do okna radiowozu, w kt\u00f3rym siedzia\u0142 jeden z policjant\u00f3w, i zapyta\u0142, czy \u00bbdmuchnie za niego\u00ab&#8221;. Policjant odm\u00f3wi\u0142, po czym poinformowa\u0142 dy\u017curnego o przebiegu zdarzenia. Dok\u0142adnie takimi samymi s\u0142owami Dariusz K. zwr\u00f3ci\u0142 si\u0119 nast\u0119pnie do drugiego funkcjonariusza&#8221;. <\/p>\n<p class=\"ods-c-paragraph \">W samochodzie s\u0142u\u017cby znalaz\u0142y pust\u0105 p\u00f3\u0142litrow\u0105 butelk\u0119 w\u00f3dki.<\/p>\n","protected":false},"excerpt":{"rendered":"&#8222;Prokurator Wydzia\u0142u Spraw Wewn\u0119trznych Prokuratury Krajowej, po uzyskaniu zgody S\u0105du Najwy\u017cszego, przedstawi\u0142 w dniu 13 grudnia 2025 r.&hellip;\n","protected":false},"author":2,"featured_media":140982,"comment_status":"","ping_status":"","sticky":false,"template":"","format":"standard","meta":{"footnotes":""},"categories":[12],"tags":[32,33,36,37,27,49,34,35,28,31,48,25,46,42,38,414,40,39,41,412,1627,47,29,30,26,3033],"class_list":{"0":"post-151769","1":"post","2":"type-post","3":"status-publish","4":"format-standard","5":"has-post-thumbnail","7":"category-polska","8":"tag-breaking-news","9":"tag-breakingnews","10":"tag-featured-news","11":"tag-featurednews","12":"tag-headlines","13":"tag-kraj","14":"tag-latest-news","15":"tag-latestnews","16":"tag-naglowki","17":"tag-najwazniejsze-artykuly","18":"tag-nat_styl","19":"tag-news","20":"tag-omp","21":"tag-pl","22":"tag-poland","23":"tag-policja","24":"tag-polish","25":"tag-polska","26":"tag-polski","27":"tag-prawo_sady_prawnicy","28":"tag-prokuratura","29":"tag-screening_general","30":"tag-top-stories","31":"tag-topstories","32":"tag-wiadomosci","33":"tag-wielkopolska_wojewodztwo_wielkopolskie"},"share_on_mastodon":{"url":"https:\/\/pubeurope.com\/@pl\/115723036534038288","error":""},"_links":{"self":[{"href":"https:\/\/www.europesays.com\/pl\/wp-json\/wp\/v2\/posts\/151769","targetHints":{"allow":["GET"]}}],"collection":[{"href":"https:\/\/www.europesays.com\/pl\/wp-json\/wp\/v2\/posts"}],"about":[{"href":"https:\/\/www.europesays.com\/pl\/wp-json\/wp\/v2\/types\/post"}],"author":[{"embeddable":true,"href":"https:\/\/www.europesays.com\/pl\/wp-json\/wp\/v2\/users\/2"}],"replies":[{"embeddable":true,"href":"https:\/\/www.europesays.com\/pl\/wp-json\/wp\/v2\/comments?post=151769"}],"version-history":[{"count":0,"href":"https:\/\/www.europesays.com\/pl\/wp-json\/wp\/v2\/posts\/151769\/revisions"}],"wp:featuredmedia":[{"embeddable":true,"href":"https:\/\/www.europesays.com\/pl\/wp-json\/wp\/v2\/media\/140982"}],"wp:attachment":[{"href":"https:\/\/www.europesays.com\/pl\/wp-json\/wp\/v2\/media?parent=151769"}],"wp:term":[{"taxonomy":"category","embeddable":true,"href":"https:\/\/www.europesays.com\/pl\/wp-json\/wp\/v2\/categories?post=151769"},{"taxonomy":"post_tag","embeddable":true,"href":"https:\/\/www.europesays.com\/pl\/wp-json\/wp\/v2\/tags?post=151769"}],"curies":[{"name":"wp","href":"https:\/\/api.w.org\/{rel}","templated":true}]}}