{"id":151770,"date":"2025-12-15T10:09:08","date_gmt":"2025-12-15T10:09:08","guid":{"rendered":"https:\/\/www.europesays.com\/pl\/151770\/"},"modified":"2025-12-15T10:09:08","modified_gmt":"2025-12-15T10:09:08","slug":"nizsze-rachunki-minister-to-ostatni-dzien-na-wniosek-oto-co-trzeba-zrobic-money-pl","status":"publish","type":"post","link":"https:\/\/www.europesays.com\/pl\/151770\/","title":{"rendered":"Ni\u017csze rachunki. Minister: to ostatni dzie\u0144 na wniosek. Oto co trzeba zrobi\u0107 &#8211; Money.pl"},"content":{"rendered":"<ol>\n<li><a href=\"https:\/\/news.google.com\/rss\/articles\/CBMixwFBVV95cUxQNGNGNkdsaUZnMnEzMVF6LVRNRW1qbHpDYXJCX2llcTFnWDhSY1l5S1dmc0Fwelo0Z1dLUlNxUjR2ZXRKd0ExSGRNVlpubTZZTUdnVE5BVE5BU0ttNmdVbkFpaURscFhTbkx5TlprT3ZuMWRiMFJTV3IwWnVHQlVFQ2lxbUlfb0toNW1wcnFBWHNCS2dPR3hSanlZRkJvc25wQkZlbXBBc2ZyV0pqNDJ6SnZ4WVEtTlU1RFlDVGNQQVhVMHBYcGpn?oc=5\" target=\"_blank\" rel=\"nofollow noopener\">Ni\u017csze rachunki. Minister: to ostatni dzie\u0144 na wniosek. Oto co trzeba zrobi\u0107<\/a>&nbsp;&nbsp;Money.pl<\/li>\n<li><a href=\"https:\/\/news.google.com\/rss\/articles\/CBMiywJBVV95cUxPeU9BUWZuZnpTUWpXZGY2bWRMSlhnWTZmMmhiU1hnN29sWml3b1VIeE9YVTVyd211UWZoRHMtSVJGNjNxa2pFUHFxSG1YVXVoZDItWjZXbjd1N0pJTkRLdHo1bVVHRjMySWZSTzRmbDhSRE1zQUVFM2pueUpES1Nmc2NzZlR2aDNOOGtGT256QTNobUV0OFp1Yk9ZcTd4OUpqT1RkcWo3akpvWmZGVXphLUg1NUdfb05qS0pENzFGemw1b2s0UGdfZmk1V1NVZ2piWFVURXktLU9FLWhlS2R6S3pHR0ZrVHcwQVZxNzU0Q1JfSDF6WVlmMEUxajNiZTJQTXFPMHQ1bmlBOUs0Q2pZQWRrV1dZSERadXBZRkxvZW9DZmVycHpiTFRkc2VtNDFFd1E4S2V5RW0tRWsxc3VoR1VXeEpXZjAyVVNn0gHQAkFVX3lxTE9XcS05bXY5WVFHZWpaOVVJSWExYnp4UDFyTldfa0tMVS1OblZlMmRReGxqSGpwdW9GWDI2N1laR3hGcGxZTGNIYW1UV1VVZjJnUUoxaWJ5UmVXSHZ1bEJOVFJweGpMeGh2VHZpYzl1OEZmOHdyTTBEb29uckpNeV8zSlZpYWh5LXBzVDZmVGFPak5XZTVmT2NoaTFtSl9yUHZUdHFmcWdnSTFVa0lMbExBNnBrRHNFS0ZhVzJKV1BBVmtrYUxxMnlFbjNOUDl3Mks5UE1XVXl6cGttTDFMaTBoa20xZF9VZVFXWmtzQUdZZ3ZjYXh6V0VtdF9YVXJJLUlXa1dwbUZzVWw3VG5JcE1VMThBNThSX1Q5RTJ1MjFJWHZzdUxfQUNhRklNYURGWUlpS2tnVmk1d0szNnNEWW15bTlETlpoZ2ZJZXAtTldvaQ?oc=5\" target=\"_blank\" rel=\"nofollow noopener\">Od 500 do 1750 z\u0142 nowego \u015bwiadczenia dla senior\u00f3w (i nie tylko), kt\u00f3rych miesi\u0119czny doch\u00f3d za 2024 r. nie przekracza\u0142 kwoty 3 272,69 z\u0142. Wnioski tylko do 15 grudnia 2025 r.<\/a>&nbsp;&nbsp;Infor PL S.A.<\/li>\n<li><a href=\"https:\/\/news.google.com\/rss\/articles\/CBMisgFBVV95cUxQQ2I2akRUZHlTT0p4OWhPOElZbmY4dWtsakFDT00yVDZCMm9INUdHMzJYN3h4d0JkR0VTUDY0a0otOW9MT21aWTV1cUh5RHFmYUk3MWFmeTBHNTJYREZHREFOT0hOUi02aENHcm1OdzIzSzlVYU54UVhsNFJqV1RnLUhUb2Zra2ZoM19wLW1icGg3SFZsUWFyNlVsSnBWdk5mNGgxUjRodFdNX1ZYYzRTTmtR?oc=5\" target=\"_blank\" rel=\"nofollow noopener\">Ostatni dzie\u0144 na z\u0142o\u017cenie wa\u017cnego wniosku. Tyle mo\u017cna dosta\u0107<\/a>&nbsp;&nbsp;Biznes Interia<\/li>\n<li><a href=\"https:\/\/news.google.com\/rss\/articles\/CBMitgJBVV95cUxOSm1iVlZxeTdmejVtZjBUeE1TR3hIMmZpSTRIczlRazk2WWg5T3RFYW1CXzl0MFhOWElteDF3c2xWWW55MVFCNVpYQlBicmpHaXYxYlJyQm92RFRsOS02emE1RXAzdmw5NTBEVVlaQXVNcVdfYTY3MzBpd3JJTU1ndzBBU1dzSF9kbzh0NE9lVEcwUWMxeXdnMDR2bTRpS1RueTNNOUhrWDNlQUFUVE00Wi1LaEQ1dGlaOXVRTGVyRnVkelQ1SXduMzRheXFtU2ZLdVVveUFoTWxnUGhqYnVBZmYxUVpyaFZjNFMwVVZjY2NzRkVQbW1lZVdzRkFTTWYzTEozV3RhRGNab0otNVNkaWlSSXdjakVwc1YyeDhTMVp3MFpIWVRhWGNxM0d3bjNWQ3VSS0J3?oc=5\" target=\"_blank\" rel=\"nofollow noopener\">Tylko do 15 grudnia mo\u017cna z\u0142o\u017cy\u0107 wniosek o bon ciep\u0142owniczy. Przegapisz &#8211; stracisz 1750 z\u0142 na ogrzewanie<\/a>&nbsp;&nbsp;Forsal<\/li>\n<li><a href=\"https:\/\/news.google.com\/rss\/articles\/CBMikAFBVV95cUxQNU1Ob09tdUxieXV3aHFDN3BEM0hVMkZFSVI5dWxXT3FoLW5KY3JnODBweEM3VHZyYS1Xb050QTlTQU9BWkZqaVBNVVZTWmM4SjlkRmpmX1QxdWpfQVRjOEpjTEkwczJQajFKcjFPdkF5c3NoaHEzSExjLXBjQnlDSDM3T1NJU0k0S0dHMndmVHg?oc=5\" target=\"_blank\" rel=\"nofollow noopener\">Do dzi\u015b mo\u017cna sk\u0142ada\u0107 wnioski o bon ciep\u0142owniczy<\/a>&nbsp;&nbsp;RadioMaryja.pl<\/li>\n<\/ol>\n","protected":false},"excerpt":{"rendered":"Ni\u017csze rachunki. Minister: to ostatni dzie\u0144 na wniosek. Oto co trzeba zrobi\u0107&nbsp;&nbsp;Money.pl Od 500 do 1750 z\u0142 nowego&hellip;\n","protected":false},"author":2,"featured_media":151771,"comment_status":"","ping_status":"","sticky":false,"template":"","format":"standard","meta":{"footnotes":""},"categories":[5],"tags":[32,33,36,37,27,34,35,28,31,25,42,38,40,39,41,29,30,26],"class_list":{"0":"post-151770","1":"post","2":"type-post","3":"status-publish","4":"format-standard","5":"has-post-thumbnail","7":"category-naglowki","8":"tag-breaking-news","9":"tag-breakingnews","10":"tag-featured-news","11":"tag-featurednews","12":"tag-headlines","13":"tag-latest-news","14":"tag-latestnews","15":"tag-naglowki","16":"tag-najwazniejsze-artykuly","17":"tag-news","18":"tag-pl","19":"tag-poland","20":"tag-polish","21":"tag-polska","22":"tag-polski","23":"tag-top-stories","24":"tag-topstories","25":"tag-wiadomosci"},"share_on_mastodon":{"url":"https:\/\/pubeurope.com\/@pl\/115723040902820960","error":""},"_links":{"self":[{"href":"https:\/\/www.europesays.com\/pl\/wp-json\/wp\/v2\/posts\/151770","targetHints":{"allow":["GET"]}}],"collection":[{"href":"https:\/\/www.europesays.com\/pl\/wp-json\/wp\/v2\/posts"}],"about":[{"href":"https:\/\/www.europesays.com\/pl\/wp-json\/wp\/v2\/types\/post"}],"author":[{"embeddable":true,"href":"https:\/\/www.europesays.com\/pl\/wp-json\/wp\/v2\/users\/2"}],"replies":[{"embeddable":true,"href":"https:\/\/www.europesays.com\/pl\/wp-json\/wp\/v2\/comments?post=151770"}],"version-history":[{"count":0,"href":"https:\/\/www.europesays.com\/pl\/wp-json\/wp\/v2\/posts\/151770\/revisions"}],"wp:featuredmedia":[{"embeddable":true,"href":"https:\/\/www.europesays.com\/pl\/wp-json\/wp\/v2\/media\/151771"}],"wp:attachment":[{"href":"https:\/\/www.europesays.com\/pl\/wp-json\/wp\/v2\/media?parent=151770"}],"wp:term":[{"taxonomy":"category","embeddable":true,"href":"https:\/\/www.europesays.com\/pl\/wp-json\/wp\/v2\/categories?post=151770"},{"taxonomy":"post_tag","embeddable":true,"href":"https:\/\/www.europesays.com\/pl\/wp-json\/wp\/v2\/tags?post=151770"}],"curies":[{"name":"wp","href":"https:\/\/api.w.org\/{rel}","templated":true}]}}