{"id":151777,"date":"2025-12-15T10:14:07","date_gmt":"2025-12-15T10:14:07","guid":{"rendered":"https:\/\/www.europesays.com\/pl\/151777\/"},"modified":"2025-12-15T10:14:07","modified_gmt":"2025-12-15T10:14:07","slug":"zle-wiesci-dla-orbana-nowe-sondaze-wyborcze-pokazuja-przewage-tisza","status":"publish","type":"post","link":"https:\/\/www.europesays.com\/pl\/151777\/","title":{"rendered":"Z\u0142e wie\u015bci dla Orbana. Nowe sonda\u017ce wyborcze pokazuj\u0105 przewag\u0119 TISZA"},"content":{"rendered":"<p>&#8222;Trzy \u015bwiaty Johna Scherera&#8221;. Ekspertka zach\u0119ca, by\u00a0wypr\u00f3bowa\u0107 <\/p>\n<p>Peter Magyar, lider opozycyjnej w\u0119gierskiej partii, ma powody do rado\u015bci. Ostatni sonda\u017c przeprowadzony przez IDEA, prezentuj\u0105cy aktualny podzia\u0142 preferencji wyborczych na W\u0119grzech, jest sprzyjaj\u0105cy dla jego ugrupowania. Gdyby w\u0119gierskie wybory odbywa\u0142y si\u0119 w\u00a0minion\u0105 niedziel\u0119, wygra\u0142aby TISZA, pokonuj\u0105c rz\u0105dz\u0105cy teraz Fidesz.<\/p>\n<p>W\u015br\u00f3d ca\u0142ej populacji TISZA gromadzi 35 proc. poparcia, wyprzedzaj\u0105c Fidesz, kt\u00f3ry teraz ma tylko 28 proc. Wielu W\u0119gr\u00f3w, bior\u0105cych udzia\u0142 w\u00a0badaniach sonda\u017cowych, nie ma zdania w\u00a0sprawie swoich wybor\u00f3w. <\/p>\n<p>A\u017c 26 proc. respondent\u00f3w pozostaje niezdecydowanych w\u00a0swoich wyborach. To mo\u017ce by\u0107 skutkiem prowadzonych od wielu lat propagandowych dzia\u0142a\u0144 na W\u0119grzech. W\u0142adza Viktora Orbana podporz\u0105dkowa\u0142a sobie media i\u00a0sprawowa\u0142a przez o\u00a0<\/p>\n<p>Dane s\u0105 jeszcze bardziej interesuj\u0105ce w\u00a0analizie zdeklarowanych wyborc\u00f3w. W\u00a0tej grupie TISZA zdobywa 47 proc., wyra\u017anie wyprzedzaj\u0105c Fidesz z\u00a0wynikiem 39 proc. Koalicja Demokratyczna uzyskuje jedynie 5\u00a0proc., co stanowi wynik na granicy progu b\u0142\u0119du statystycznego.<\/p>\n<p>Koalicja Demokratyczna zjednuje sobie jedynie 5\u00a0proc. g\u0142os\u00f3w w\u015br\u00f3d zdeklarowanych wyborc\u00f3w, co wskazuje na bardzo niepewn\u0105 sytuacj\u0119 tej partii. Cho\u0107 jest to wynik na granicy b\u0142\u0119du statystycznego, pokazuje, \u017ce partia musi intensywnie zabiega\u0107 o\u00a0g\u0142osy, by utrzyma\u0107 si\u0119 na scenie politycznej. Wybory parlamentarne na W\u0119grzech maj\u0105 si\u0119 odby\u0107 w\u00a0kwietniu 2026 roku.<\/p>\n","protected":false},"excerpt":{"rendered":"&#8222;Trzy \u015bwiaty Johna Scherera&#8221;. Ekspertka zach\u0119ca, by\u00a0wypr\u00f3bowa\u0107 Peter Magyar, lider opozycyjnej w\u0119gierskiej partii, ma powody do rado\u015bci. Ostatni&hellip;\n","protected":false},"author":2,"featured_media":151778,"comment_status":"","ping_status":"","sticky":false,"template":"","format":"standard","meta":{"footnotes":""},"categories":[14],"tags":[32,33,27,34,35,28,31,25,40,41,80,29,30,26,82,83,84],"class_list":{"0":"post-151777","1":"post","2":"type-post","3":"status-publish","4":"format-standard","5":"has-post-thumbnail","7":"category-swiat","8":"tag-breaking-news","9":"tag-breakingnews","10":"tag-headlines","11":"tag-latest-news","12":"tag-latestnews","13":"tag-naglowki","14":"tag-najwazniejsze-artykuly","15":"tag-news","16":"tag-polish","17":"tag-polski","18":"tag-swiat","19":"tag-top-stories","20":"tag-topstories","21":"tag-wiadomosci","22":"tag-world","23":"tag-world-news","24":"tag-worldnews"},"share_on_mastodon":{"url":"https:\/\/pubeurope.com\/@pl\/115723060443319083","error":""},"_links":{"self":[{"href":"https:\/\/www.europesays.com\/pl\/wp-json\/wp\/v2\/posts\/151777","targetHints":{"allow":["GET"]}}],"collection":[{"href":"https:\/\/www.europesays.com\/pl\/wp-json\/wp\/v2\/posts"}],"about":[{"href":"https:\/\/www.europesays.com\/pl\/wp-json\/wp\/v2\/types\/post"}],"author":[{"embeddable":true,"href":"https:\/\/www.europesays.com\/pl\/wp-json\/wp\/v2\/users\/2"}],"replies":[{"embeddable":true,"href":"https:\/\/www.europesays.com\/pl\/wp-json\/wp\/v2\/comments?post=151777"}],"version-history":[{"count":0,"href":"https:\/\/www.europesays.com\/pl\/wp-json\/wp\/v2\/posts\/151777\/revisions"}],"wp:featuredmedia":[{"embeddable":true,"href":"https:\/\/www.europesays.com\/pl\/wp-json\/wp\/v2\/media\/151778"}],"wp:attachment":[{"href":"https:\/\/www.europesays.com\/pl\/wp-json\/wp\/v2\/media?parent=151777"}],"wp:term":[{"taxonomy":"category","embeddable":true,"href":"https:\/\/www.europesays.com\/pl\/wp-json\/wp\/v2\/categories?post=151777"},{"taxonomy":"post_tag","embeddable":true,"href":"https:\/\/www.europesays.com\/pl\/wp-json\/wp\/v2\/tags?post=151777"}],"curies":[{"name":"wp","href":"https:\/\/api.w.org\/{rel}","templated":true}]}}