{"id":151779,"date":"2025-12-15T10:15:11","date_gmt":"2025-12-15T10:15:11","guid":{"rendered":"https:\/\/www.europesays.com\/pl\/151779\/"},"modified":"2025-12-15T10:15:11","modified_gmt":"2025-12-15T10:15:11","slug":"najbardziej-szkodliwy-scenariusz-dla-polski-rzecznik-rzadu-nie-gryzl-sie-w-jezyk","status":"publish","type":"post","link":"https:\/\/www.europesays.com\/pl\/151779\/","title":{"rendered":"&#8222;Najbardziej szkodliwy scenariusz dla Polski&#8221;. Rzecznik rz\u0105du nie gryz\u0142 si\u0119 w j\u0119zyk"},"content":{"rendered":"<p class=\"hyphenate \" data-text-len=\"339\" data-scroll=\"paragraph_2\">Rzecznik rz\u0105du pytany by\u0142 w &#8222;Rzeczpospolitej&#8221; o <a href=\"https:\/\/www.dziennik.pl\/tagi\/sondaze\" id=\"c3996981-850e-497b-82e1-0c1aaffe5772\" title=\"sonda\u017ce\" rel=\"nofollow noopener\" target=\"_blank\">sonda\u017ce<\/a>, z kt\u00f3rych wynika, \u017ce formacje koalicyjne nie mia\u0142yby wi\u0119kszo\u015bci pozwalaj\u0105cej rz\u0105dzi\u0107, w przeciwie\u0144stwie do PiS, Konfederacji i Konfederacji Korony Polskiej.<\/p>\n<p>    Sz\u0142apka: To najbardziej szkodliwy scenariusz dla Polski<\/p>\n<p class=\"hyphenate \" data-text-len=\"274\" data-scroll=\"paragraph_4\">Jak oceni\u0142 Sz\u0142apka w odpowiedzi, &#8222;<a href=\"https:\/\/www.dziennik.pl\/tagi\/pis\" id=\"04ba1635-ccc4-4477-8e4f-83ae1c0d31aa\" title=\"PiS\" rel=\"nofollow noopener\" target=\"_blank\">PiS<\/a> z Konfederacj\u0105 i Braunem u w\u0142adzy to najbardziej szkodliwy scenariusz dla Polski, przed kt\u00f3rym trzeba broni\u0107 Polak\u00f3w&#8221;.<\/p>\n<p class=\"hyphenate \" data-text-len=\"438\" data-scroll=\"paragraph_5\">Co do przekroczenia progu wyborczego przez naszych koalicjant\u00f3w \u2013 nie wiadomo, w jakiej konfiguracji p\u00f3jdziemy do wybor\u00f3w w 2027 r. B\u0119dziemy robi\u0107 jeszcze wi\u0119cej przez dwa lata, \u017ceby skrajna prawica nie wygra\u0142a i nie wyprowadzi\u0142a Polski z <a href=\"https:\/\/www.dziennik.pl\/tagi\/unia-europejska\" id=\"58ef32e3-f337-4e7a-a420-ae46b3281251\" title=\"Unia Europejska\" rel=\"nofollow noopener\" target=\"_blank\">Unii Europejskiej<\/a> \u2013 zaznaczy\u0142.<\/p>\n<p>    Sz\u0142apka: Jedna trzecia obietnic wyborczych zosta\u0142a zrealizowana<\/p>\n<p class=\"hyphenate \" data-text-len=\"376\" data-scroll=\"paragraph_7\">Dopytywany o niezrealizowane obietnice wyborcze, stwierdzi\u0142, \u017ce jedna trzecia z nich jest zrealizowana, a wi\u0119kszo\u015b\u0107 jest w trakcie realizacji. Doda\u0142, \u017ce rz\u0105d jest w naturalny spos\u00f3b ograniczony koalicjantami, kt\u00f3rzy maj\u0105 inne pogl\u0105dy, jak PSL i <a href=\"https:\/\/www.dziennik.pl\/tagi\/lewica\" id=\"d7a15341-544b-424c-8d75-79f53a62efde\" title=\"Lewica\" rel=\"nofollow noopener\" target=\"_blank\">Lewica<\/a>.<\/p>\n<p class=\"hyphenate \" data-text-len=\"210\" data-scroll=\"paragraph_8\">Odnosz\u0105c si\u0119 do liberalizacji prawa aborcyjnego, oceni\u0142, \u017ce zrealizowanie tego postulatu jest niemo\u017cliwe, &#8222;chocia\u017cby przez zapowied\u017a prezydenta Karola Nawrockiego, \u017ce nic takiego nie podpisze&#8221;.<\/p>\n<p>    Sz\u0142apka: Nawrocki b\u0119dzie sypa\u0142 piach w tryby rz\u0105du<\/p>\n<p class=\"hyphenate \" data-text-len=\"461\" data-scroll=\"paragraph_10\">Jest komisja w Sejmie, kt\u00f3ra b\u0119dzie wypracowywa\u0107 rozwi\u0105zanie. By\u0142y wytyczne minister Izabeli Leszczyny i ministra Adama Bodnara w tym zakresie, kt\u00f3re te\u017c zmieni\u0142y sytuacj\u0119. Postulat jest aktualny i na pewno b\u0119dziemy przygotowywa\u0107 takie rozwi\u0105zanie, kt\u00f3re b\u0119dzie akceptowane przez ca\u0142\u0105 koalicj\u0119, mimo \u017ce wiemy, \u017ce prezydent Nawrocki b\u0119dzie sypa\u0142 piach w tryby rz\u0105du i wetowa\u0142 dobre i potrzebne rozwi\u0105zania \u2013 zaznaczy\u0142.<\/p>\n<p>    Sz\u0142apka o USA i UE: To mog\u0105 by\u0107 relacje sprz\u0119\u017cone<\/p>\n<p class=\"hyphenate \" data-text-len=\"206\" data-scroll=\"paragraph_12\">Sz\u0142apka pytany o relacje z USA podkre\u015bli\u0142, \u017ce zawsze najwa\u017cniejszy jest interes Polski, a w jej interesie jest to, \u017ceby mia\u0142a siln\u0105 pozycj\u0119 w UE i NATO, kt\u00f3re s\u0105 fundamentem bezpiecze\u0144stwa.<\/p>\n<p class=\"hyphenate \" data-text-len=\"498\" data-scroll=\"paragraph_13\">Wbrew temu, co m\u00f3wi PiS, nie ma sprzeczno\u015bci w dobrych relacjach ze Stanami Zjednoczonymi i w mocnej pozycji w <a href=\"https:\/\/www.dziennik.pl\/tagi\/unia-europejska\" id=\"bf54fa5d-c0ff-48b1-bacb-dd3abd11ac22\" title=\"Unia Europejska\" rel=\"nofollow noopener\" target=\"_blank\">Unii Europejskiej<\/a>. Przeciwnie, to mog\u0105 by\u0107 relacje sprz\u0119\u017cone. Maj\u0105c mocniejsz\u0105 pozycj\u0119 w Europie, jeste\u015bmy atrakcyjniejszym partnerem dla Amerykan\u00f3w. Maj\u0105c dobre relacje z Amerykanami, mamy mocn\u0105 pozycj\u0119 w Europie \u2013 stwierdzi\u0142.<\/p>\n","protected":false},"excerpt":{"rendered":"Rzecznik rz\u0105du pytany by\u0142 w &#8222;Rzeczpospolitej&#8221; o sonda\u017ce, z kt\u00f3rych wynika, \u017ce formacje koalicyjne nie mia\u0142yby wi\u0119kszo\u015bci pozwalaj\u0105cej&hellip;\n","protected":false},"author":2,"featured_media":151780,"comment_status":"","ping_status":"","sticky":false,"template":"","format":"standard","meta":{"footnotes":""},"categories":[12],"tags":[32,33,36,37,27,34,35,28,31,25,42,38,40,39,41,29,30,26],"class_list":{"0":"post-151779","1":"post","2":"type-post","3":"status-publish","4":"format-standard","5":"has-post-thumbnail","7":"category-polska","8":"tag-breaking-news","9":"tag-breakingnews","10":"tag-featured-news","11":"tag-featurednews","12":"tag-headlines","13":"tag-latest-news","14":"tag-latestnews","15":"tag-naglowki","16":"tag-najwazniejsze-artykuly","17":"tag-news","18":"tag-pl","19":"tag-poland","20":"tag-polish","21":"tag-polska","22":"tag-polski","23":"tag-top-stories","24":"tag-topstories","25":"tag-wiadomosci"},"share_on_mastodon":{"url":"https:\/\/pubeurope.com\/@pl\/115723064150456373","error":""},"_links":{"self":[{"href":"https:\/\/www.europesays.com\/pl\/wp-json\/wp\/v2\/posts\/151779","targetHints":{"allow":["GET"]}}],"collection":[{"href":"https:\/\/www.europesays.com\/pl\/wp-json\/wp\/v2\/posts"}],"about":[{"href":"https:\/\/www.europesays.com\/pl\/wp-json\/wp\/v2\/types\/post"}],"author":[{"embeddable":true,"href":"https:\/\/www.europesays.com\/pl\/wp-json\/wp\/v2\/users\/2"}],"replies":[{"embeddable":true,"href":"https:\/\/www.europesays.com\/pl\/wp-json\/wp\/v2\/comments?post=151779"}],"version-history":[{"count":0,"href":"https:\/\/www.europesays.com\/pl\/wp-json\/wp\/v2\/posts\/151779\/revisions"}],"wp:featuredmedia":[{"embeddable":true,"href":"https:\/\/www.europesays.com\/pl\/wp-json\/wp\/v2\/media\/151780"}],"wp:attachment":[{"href":"https:\/\/www.europesays.com\/pl\/wp-json\/wp\/v2\/media?parent=151779"}],"wp:term":[{"taxonomy":"category","embeddable":true,"href":"https:\/\/www.europesays.com\/pl\/wp-json\/wp\/v2\/categories?post=151779"},{"taxonomy":"post_tag","embeddable":true,"href":"https:\/\/www.europesays.com\/pl\/wp-json\/wp\/v2\/tags?post=151779"}],"curies":[{"name":"wp","href":"https:\/\/api.w.org\/{rel}","templated":true}]}}