{"id":151781,"date":"2025-12-15T10:16:11","date_gmt":"2025-12-15T10:16:11","guid":{"rendered":"https:\/\/www.europesays.com\/pl\/151781\/"},"modified":"2025-12-15T10:16:11","modified_gmt":"2025-12-15T10:16:11","slug":"karol-nawrocki-o-ukrainie-i-spotkaniu-z-wolodymyrem-zelenskim-nie-zgodze-sie","status":"publish","type":"post","link":"https:\/\/www.europesays.com\/pl\/151781\/","title":{"rendered":"Karol Nawrocki o Ukrainie i spotkaniu z Wo\u0142odymyrem Ze\u0142enskim. &#8222;Nie zgodz\u0119 si\u0119&#8221;"},"content":{"rendered":"<p class=\"Paragraph_desktopParagraph__U31Gm\">W weekend pojawi\u0142a si\u0119 informacja, \u017ce prezydent Ukrainy <a href=\"https:\/\/wiadomosci.onet.pl\/swiat\/zelenski-moze-spotkac-sie-z-nawrockim-padla-data-przyjazdu-do-polski\/3ypk469\" id=\"6bf8c6f1-8d51-469b-bbfe-b3b30269cce8\" rel=\"nofollow noopener\" target=\"_blank\">Wo\u0142odymyr Ze\u0142enski 19 grudnia z\u0142o\u017cy wizyt\u0119 w Polsce<\/a>. O mo\u017cliwe spotkanie z s\u0105siadem WP zapyta\u0142a prezydenta Nawrockiego. Jak twierdzi, &#8222;prezydent Ukrainy b\u0119dzie mia\u0142 okazj\u0119 porozmawia\u0107 ze mn\u0105 o sprawach, kt\u00f3re nie tylko nie zosta\u0142y zrealizowane, ale w wielu przypadkach nawet nie zosta\u0142y rozpocz\u0119te&#8221;.<\/p>\n<p class=\"VideoPlayerText_videoPlayerText__iDwyz\">Dalszy ci\u0105g materia\u0142u pod wideo<\/p>\n<ul class=\"OchatFollowUps_wrapper__1ry7X\">\n<li class=\"OchatFollowUps_item__Dhyly OchatFollowUps_itemDesktop__R6aBv\">Jakie b\u0119d\u0105 pierwsze s\u0142owa Karola Nawrockiego do Wo\u0142odymyra Ze\u0142enskiego?<\/li>\n<li class=\"OchatFollowUps_item__Dhyly OchatFollowUps_itemDesktop__R6aBv\">Kiedy Wo\u0142odymyr Ze\u0142enski przyjedzie do Polski?<\/li>\n<li class=\"OchatFollowUps_item__Dhyly OchatFollowUps_itemDesktop__R6aBv\">Co nawrocki s\u0105dzi o polityce Donalda Tuska?<\/li>\n<li class=\"OchatFollowUps_item__Dhyly OchatFollowUps_itemDesktop__R6aBv\">Jakie kwestie dotycz\u0105ce Ukrainy poruszy Nawrocki podczas rozmowy?<\/li>\n<\/ul>\n<p>Karol Nawrocki o Ukrainie i spotkaniu z Wo\u0142odymyrem Ze\u0142enskim. &#8222;Nie zgodz\u0119 si\u0119&#8221; <\/p>\n<p class=\"Paragraph_desktopParagraph__U31Gm\">W\u015br\u00f3d b\u0142\u0119d\u00f3w strony ukrai\u0144skiej Nawrocki wymienia kwesti\u0119 ekshumacji na Wo\u0142yniu, przywo\u0142uje g\u0142o\u015bne wyst\u0105pienie prezydenta Ukrainy w ONZ, gdy Ze\u0142enski m\u00f3wi\u0142, \u017ce jego kraj po wybuchu wojny zosta\u0142 sam, wspomina tak\u017ce s\u0142owa by\u0142ego szefa MSZ Ukrainy Dmytro Ku\u0142eby, kt\u00f3ry bagatelizowa\u0142 trudn\u0105 przesz\u0142o\u015b\u0107 polsko-ukrai\u0144sk\u0105. \u2014 Jako prezydent nie mog\u0119, nie chc\u0119 i nie b\u0119d\u0119 zgadza\u0142 si\u0119 na stawianie Polski w roli wy\u0142\u0105cznie &#8222;przedpokoju&#8221; czy &#8222;korytarza&#8221; w sprawach, kt\u00f3re s\u0105 dla nas strategicznie wa\u017cne \u2014 m\u00f3wi.<\/p>\n<p class=\"Paragraph_desktopParagraph__U31Gm\">Mimo wszystko Karol Nawrocki zapewnia: &#8222;wspieramy Ukrain\u0119 i b\u0119dziemy to robi\u0107 nadal, tylko musimy nauczy\u0107 si\u0119 funkcjonowa\u0107 jak partnerzy, a nie jak junior partnerzy&#8221;, poniewa\u017c jest to strategiczny interes Polski.<\/p>\n<p class=\"Paragraph_desktopParagraph__U31Gm\">\u2014 Mam poczucie, \u017ce prezydent Wo\u0142odymyr Ze\u0142enski przez ostatnie lata przywyk\u0142 do sytuacji, w kt\u00f3rej bierze Polsk\u0119 za pewnik. Z nami nic nie trzeba ustala\u0107, nie trzeba rozmawia\u0107, bo byli\u015bmy i dawali\u015bmy wszystko \u2014 dodaje.<\/p>\n<p class=\"Paragraph_desktopParagraph__U31Gm\">Pytany, czy wie, co powie Ze\u0142enskiemu w pierwszych s\u0142owach, odpowiada: \u2014 Jestem w takich sprawach do\u015b\u0107 spontaniczny i intuicyjny. Nie planowa\u0142em konkretnych sformu\u0142owa\u0144, natomiast strona ukrai\u0144ska doskonale zna nasze wymagania dotycz\u0105ce agendy.<\/p>\n<p>Donald Tusk czy Grzegorz Braun? Karol Nawrocki oceni\u0142 <\/p>\n<p class=\"Paragraph_desktopParagraph__U31Gm\">Rozmowa z Wirtualn\u0105 Polsk\u0105 dotyczy tak\u017ce sytuacji na krajowej scenie politycznej. Karol Nawrocki ocenia, \u017ce rozpocz\u0119cie ekshumacji ofiar Wo\u0142ynia &#8222;to \u017caden prze\u0142om, tylko kolejna gra premiera&#8221;.<\/p>\n<p class=\"Paragraph_desktopParagraph__U31Gm\">\u2014 Zd\u0105\u017cyli\u015bmy si\u0119 przyzwyczai\u0107 do stylu dzia\u0142ania pana premiera Donalda Tuska. Dla niego sukcesem mo\u017ce by\u0107 to, \u017ce Centralny Port Komunikacyjny b\u0119dzie si\u0119 nazywa\u0142 &#8222;Port Polska&#8221; albo \u017ce w Pu\u017anikach rozpocz\u0119to ekshumacje. To nie s\u0105 realne osi\u0105gni\u0119cia. Wci\u0105\u017c jest ponad 1500 miejsc, gdzie spoczywaj\u0105 szcz\u0105tki polskich kobiet i dzieci zamordowanych przez ukrai\u0144skich nacjonalist\u00f3w \u2014 m\u00f3wi.<\/p>\n<p class=\"Paragraph_desktopParagraph__U31Gm\">Wirtualna Polska zapyta\u0142a prezydenta, &#8222;kto jest lepszy: Donald Tusk czy Grzegorz Braun?&#8221;. \u2014 Odpowiadaj\u0105c na takie pytanie, trzeba zachowa\u0107 pragmatyzm. Donald Tusk jest dzi\u015b premierem, wi\u0119c, w mojej ocenie, w obecnej sytuacji, szkodzi Polsce bardziej. To jego polityka prowadzi do kryzys\u00f3w: w polskich finansach publicznych, w s\u0142u\u017cbie zdrowia oraz w potencjale Polski na arenie mi\u0119dzynarodowej. To pytanie nale\u017cy wi\u0119c odnosi\u0107 do realnych mo\u017cliwo\u015bci obu polityk\u00f3w w tym momencie \u2014 ocenia Karol Nawrocki.<\/p>\n","protected":false},"excerpt":{"rendered":"W weekend pojawi\u0142a si\u0119 informacja, \u017ce prezydent Ukrainy Wo\u0142odymyr Ze\u0142enski 19 grudnia z\u0142o\u017cy wizyt\u0119 w Polsce. O mo\u017cliwe&hellip;\n","protected":false},"author":2,"featured_media":151782,"comment_status":"","ping_status":"","sticky":false,"template":"","format":"standard","meta":{"footnotes":""},"categories":[5],"tags":[32,33,200,36,37,7514,27,67,240,34,35,28,31,53,25,52,68,51,55,42,38,40,39,2847,41,47,29,30,390,65,50,26,309,7659],"class_list":{"0":"post-151781","1":"post","2":"type-post","3":"status-publish","4":"format-standard","5":"has-post-thumbnail","7":"category-naglowki","8":"tag-breaking-news","9":"tag-breakingnews","10":"tag-donald_tusk_polityk","11":"tag-featured-news","12":"tag-featurednews","13":"tag-grzegorz_braun_polityk_rezyser","14":"tag-headlines","15":"tag-intextvideo_splayer","16":"tag-karol_nawrocki_prezydent","17":"tag-latest-news","18":"tag-latestnews","19":"tag-naglowki","20":"tag-najwazniejsze-artykuly","21":"tag-new_header","22":"tag-news","23":"tag-onet3","24":"tag-onet3d","25":"tag-onet3d_2i","26":"tag-phx","27":"tag-pl","28":"tag-poland","29":"tag-polish","30":"tag-polska","31":"tag-polska_polak_polka_polacy_polki","32":"tag-polski","33":"tag-screening_general","34":"tag-top-stories","35":"tag-topstories","36":"tag-ukraina_ukrainiec_ukrainka_ukraincy_ukrainki","37":"tag-update_me","38":"tag-v2021","39":"tag-wiadomosci","40":"tag-wolodymyr_zelenski","41":"tag-wolyn"},"share_on_mastodon":{"url":"","error":"Validation failed: Text character limit of 500 exceeded"},"_links":{"self":[{"href":"https:\/\/www.europesays.com\/pl\/wp-json\/wp\/v2\/posts\/151781","targetHints":{"allow":["GET"]}}],"collection":[{"href":"https:\/\/www.europesays.com\/pl\/wp-json\/wp\/v2\/posts"}],"about":[{"href":"https:\/\/www.europesays.com\/pl\/wp-json\/wp\/v2\/types\/post"}],"author":[{"embeddable":true,"href":"https:\/\/www.europesays.com\/pl\/wp-json\/wp\/v2\/users\/2"}],"replies":[{"embeddable":true,"href":"https:\/\/www.europesays.com\/pl\/wp-json\/wp\/v2\/comments?post=151781"}],"version-history":[{"count":0,"href":"https:\/\/www.europesays.com\/pl\/wp-json\/wp\/v2\/posts\/151781\/revisions"}],"wp:featuredmedia":[{"embeddable":true,"href":"https:\/\/www.europesays.com\/pl\/wp-json\/wp\/v2\/media\/151782"}],"wp:attachment":[{"href":"https:\/\/www.europesays.com\/pl\/wp-json\/wp\/v2\/media?parent=151781"}],"wp:term":[{"taxonomy":"category","embeddable":true,"href":"https:\/\/www.europesays.com\/pl\/wp-json\/wp\/v2\/categories?post=151781"},{"taxonomy":"post_tag","embeddable":true,"href":"https:\/\/www.europesays.com\/pl\/wp-json\/wp\/v2\/tags?post=151781"}],"curies":[{"name":"wp","href":"https:\/\/api.w.org\/{rel}","templated":true}]}}