{"id":151783,"date":"2025-12-15T10:17:10","date_gmt":"2025-12-15T10:17:10","guid":{"rendered":"https:\/\/www.europesays.com\/pl\/151783\/"},"modified":"2025-12-15T10:17:10","modified_gmt":"2025-12-15T10:17:10","slug":"nie-milion-euro-sa-kolejne-wiesci-ile-legia-zaplaci-za-papszuna","status":"publish","type":"post","link":"https:\/\/www.europesays.com\/pl\/151783\/","title":{"rendered":"Nie milion euro. S\u0105 kolejne wie\u015bci, ile Legia zap\u0142aci za Papszuna"},"content":{"rendered":"\n<p class=\"contentpart contentpart--default contentpart--text\" data-position=\"0\">W ostatnich tygodniach to jeden z najbardziej elektryzuj\u0105cych temat\u00f3w w polskim futbolu. Pogr\u0105\u017cona w kryzysie <a href=\"https:\/\/sportowefakty.wp.pl\/pilka-nozna\/legia-warszawa\" rel=\"nofollow noopener\" target=\"_blank\">Legia Warszawa<\/a>\u00a0pod koniec pa\u017adziernika rozsta\u0142a si\u0119 z <a href=\"https:\/\/sportowefakty.wp.pl\/pilka-nozna\/edward-iordanescu\" rel=\"nofollow noopener\" target=\"_blank\">Edwardem Iordanescu<\/a>, a na swojego nowego trenera wybra\u0142a aktualnego opiekuna\u00a0<a href=\"https:\/\/sportowefakty.wp.pl\/pilka-nozna\/rakow-czestochowa\" rel=\"nofollow noopener\" target=\"_blank\">Rakowa Cz\u0119stochowa<\/a>, Marka Papszuna. On sam nie kryje si\u0119 z tym, \u017ce zamierza opu\u015bci\u0107 obecny zesp\u00f3\u0142 i przej\u0105\u0107 &#8222;Wojskowych&#8221;.<\/p>\n<p class=\"contentpart contentpart--default contentpart--text\" data-position=\"1\">Pocz\u0105tkowo pojawia\u0142y si\u0119 g\u0142osy, \u017ce kluby nie potrafi\u0105 doj\u015b\u0107 do porozumienia w kwestii warunk\u00f3w tego transferu. Rak\u00f3w mia\u0142 oczekiwa\u0107 za odej\u015bcie Papszuna 1-1,5 mln euro, a Legia chcia\u0142a go pozyska\u0107 praktycznie za darmo, oferuj\u0105c tylko trudne do zrealizowania bonusy, takie jak awans do Ligi Mistrz\u00f3w w przysz\u0142ym sezonie. Wygl\u0105da jednak na to, \u017ce stronom uda\u0142o si\u0119 osi\u0105gn\u0105\u0107 konsensus.<\/p>\n<p> <img role=\"presentation\" src=\"https:\/\/std.wpcdn.pl\/images\/adv\/placeholder_wp.svg\" loading=\"lazy\" alt=\"\" decoding=\"async\"\/>  <\/p>\n<p class=\"contentpart contentpart--default contentpart--text\" data-position=\"2\">ZOBACZ WIDEO: #dziejesiewsporcie: Gol z po\u0142owy boiska. Mo\u017cna ogl\u0105da\u0107 i ogl\u0105da\u0107<\/p>\n<p class=\"contentpart contentpart--default contentpart--text\" data-position=\"4\">Z najnowszych ustale\u0144 serwisu Wesz\u0142o wynika, \u017ce Rak\u00f3w otrzyma za Papszuna oko\u0142o 300-400 tys. euro sta\u0142ej op\u0142aty. Do tego maj\u0105 doj\u015b\u0107 r\u00f3wnie\u017c ewentualne bonusy za wyniki osi\u0105gane przez Legi\u0119 pod wodz\u0105 51-letniego trenera. Transakcja ma zosta\u0107 dopi\u0119ta podczas zimowej przerwy w Ekstraklasie.<\/p>\n<p class=\"contentpart contentpart--default contentpart--text\" data-position=\"5\">Dodajmy, \u017ce Legi\u0119 po Iordanescu tymczasowo przej\u0105\u0142 by\u0142y gracz tego zespo\u0142u, <a href=\"https:\/\/sportowefakty.wp.pl\/pilka-nozna\/inaki-astiz\" rel=\"nofollow noopener\" target=\"_blank\">Inaki Astiz<\/a>. Efekt nowej miot\u0142y nie zadzia\u0142a\u0142 &#8211; &#8222;Wojskowi&#8221; notuj\u0105 seri\u0119 11 mecz\u00f3w bez zwyci\u0119stwa. Znajduj\u0105 si\u0119 w strefie spadkowej PKO Ekstraklasy, przed ostatni\u0105 kolejk\u0105 fazy ligowej Ligi Konferencji stracili te\u017c szans\u0119 na awans do fazy play-off.<\/p>\n<p class=\"contentpart contentpart--default contentpart--text\" data-position=\"6\">Inne nastroje panuj\u0105 w Rakowie, kt\u00f3ry jest czwarty w tabeli Ekstraklasy, z zaledwie punktem straty do lideruj\u0105cej Wis\u0142y P\u0142ock. Ekipa z Cz\u0119stochowy \u015bwietnie radzi sobie tak\u017ce w LKE i po pi\u0119ciu seriach gier plasuje si\u0119 na trzeciej lokacie. W\u0142adze klubu na zast\u0119pc\u0119 Papszuna wytypowa\u0142y \u0141ukasza Tomczyka, aktualnego trenera Polonii Bytom.<\/p>\n","protected":false},"excerpt":{"rendered":"W ostatnich tygodniach to jeden z najbardziej elektryzuj\u0105cych temat\u00f3w w polskim futbolu. Pogr\u0105\u017cona w kryzysie Legia Warszawa\u00a0pod koniec&hellip;\n","protected":false},"author":2,"featured_media":151784,"comment_status":"","ping_status":"","sticky":false,"template":"","format":"standard","meta":{"footnotes":""},"categories":[24],"tags":[9930,19126,713,269,42,38,40,39,41,2369,127,126],"class_list":{"0":"post-151783","1":"post","2":"type-post","3":"status-publish","4":"format-standard","5":"has-post-thumbnail","7":"category-sport","8":"tag-edward-iordanescu","9":"tag-inaki-astiz","10":"tag-legia-warszawa","11":"tag-pilka-nozna","12":"tag-pl","13":"tag-poland","14":"tag-polish","15":"tag-polska","16":"tag-polski","17":"tag-rakow-czestochowa","18":"tag-sport","19":"tag-sports"},"share_on_mastodon":{"url":"https:\/\/pubeurope.com\/@pl\/115723072242075795","error":""},"_links":{"self":[{"href":"https:\/\/www.europesays.com\/pl\/wp-json\/wp\/v2\/posts\/151783","targetHints":{"allow":["GET"]}}],"collection":[{"href":"https:\/\/www.europesays.com\/pl\/wp-json\/wp\/v2\/posts"}],"about":[{"href":"https:\/\/www.europesays.com\/pl\/wp-json\/wp\/v2\/types\/post"}],"author":[{"embeddable":true,"href":"https:\/\/www.europesays.com\/pl\/wp-json\/wp\/v2\/users\/2"}],"replies":[{"embeddable":true,"href":"https:\/\/www.europesays.com\/pl\/wp-json\/wp\/v2\/comments?post=151783"}],"version-history":[{"count":0,"href":"https:\/\/www.europesays.com\/pl\/wp-json\/wp\/v2\/posts\/151783\/revisions"}],"wp:featuredmedia":[{"embeddable":true,"href":"https:\/\/www.europesays.com\/pl\/wp-json\/wp\/v2\/media\/151784"}],"wp:attachment":[{"href":"https:\/\/www.europesays.com\/pl\/wp-json\/wp\/v2\/media?parent=151783"}],"wp:term":[{"taxonomy":"category","embeddable":true,"href":"https:\/\/www.europesays.com\/pl\/wp-json\/wp\/v2\/categories?post=151783"},{"taxonomy":"post_tag","embeddable":true,"href":"https:\/\/www.europesays.com\/pl\/wp-json\/wp\/v2\/tags?post=151783"}],"curies":[{"name":"wp","href":"https:\/\/api.w.org\/{rel}","templated":true}]}}