{"id":151785,"date":"2025-12-15T10:18:10","date_gmt":"2025-12-15T10:18:10","guid":{"rendered":"https:\/\/www.europesays.com\/pl\/151785\/"},"modified":"2025-12-15T10:18:10","modified_gmt":"2025-12-15T10:18:10","slug":"pogrzeb-agnieszki-maciag-bliscy-zegnaja-56-latke","status":"publish","type":"post","link":"https:\/\/www.europesays.com\/pl\/151785\/","title":{"rendered":"Pogrzeb Agnieszki Maci\u0105g. Bliscy \u017cegnaj\u0105 56-latk\u0119"},"content":{"rendered":"<p class=\"Paragraph_desktopParagraph__U31Gm\">Agnieszka Maci\u0105g w przesz\u0142o\u015bci zmaga\u0142a si\u0119 z nowotworem, a choroba niespodziewanie powr\u00f3ci\u0142a w tym roku. Pod koniec listopada jej partner, Robert Wola\u0144ski, poinformowa\u0142 o odej\u015bciu pisarki. W poniedzia\u0142ek, 15 grudnia, na Pow\u0105zkach Wojskowych zgromadzi\u0142 si\u0119 t\u0142um bliskich, aby po\u017cegna\u0107 modelk\u0119.<\/p>\n<p class=\"Paragraph_desktopParagraph__U31Gm\">Informuj\u0105c o pogrzebie Agnieszki Maci\u0105g, rodzina mia\u0142a szczeg\u00f3ln\u0105 pro\u015bb\u0119 do \u017ca\u0142obnik\u00f3w. &#8222;Zamiast kwiat\u00f3w zach\u0119camy wszystkich, aby z wdzi\u0119czno\u015bci za niezwyk\u0142e wsparcie Agnieszki w leczeniu, przeznaczy\u0107 pieni\u0105dze na Fundacj\u0119 Onkologiczn\u0105 Rakiety, kt\u00f3ra nadal wspiera wiele wspania\u0142ych os\u00f3b walcz\u0105cych z nowotworem&#8221; \u2014 przekaza\u0142 m\u0105\u017c 56-latki.<\/p>\n<ul class=\"OchatFollowUps_wrapper__1ry7X\">\n<li class=\"OchatFollowUps_item__Dhyly OchatFollowUps_itemDesktop__R6aBv\">Kiedy odb\u0119dzie si\u0119 pogrzeb Agnieszki Maci\u0105g?<\/li>\n<li class=\"OchatFollowUps_item__Dhyly OchatFollowUps_itemDesktop__R6aBv\">Gdzie b\u0119dzie mia\u0142 miejsce pogrzeb Agnieszki Maci\u0105g?<\/li>\n<li class=\"OchatFollowUps_item__Dhyly OchatFollowUps_itemDesktop__R6aBv\">Jak\u0105 pro\u015bb\u0119 maj\u0105 bliscy Agnieszki Maci\u0105g do \u017ca\u0142obnik\u00f3w?<\/li>\n<li class=\"OchatFollowUps_item__Dhyly OchatFollowUps_itemDesktop__R6aBv\">Kim by\u0142a Agnieszka Maci\u0105g?<\/li>\n<\/ul>\n<p><img decoding=\"async\" class=\"Image_image__0tuHp Image_autoHeight__f2n87 \" height=\"381\" width=\"572\" src=\"https:\/\/www.europesays.com\/pl\/wp-content\/uploads\/2025\/12\/s7jk9kpTURBXy81Yjg5YTBiYWRjN2QzMDI1OTEwMGI4NDhmYjk1M2JmOC5qcGeSlQLNAjwAwsOVAgDNAtDCw94AA6EwAaExAaEzw.jpeg\" alt=\"Pogrzeb Agnieszki Maci\u0105g\" loading=\"lazy\" \/>East News<img decoding=\"async\" class=\"Image_image__0tuHp Image_autoHeight__f2n87 \" height=\"381\" width=\"572\" src=\"https:\/\/www.europesays.com\/pl\/wp-content\/uploads\/2025\/12\/eZHk9kpTURBXy9iMzU2NTIzNTAzNmYzYTYxNDZmMjllN2UxMGMwN2ExZi5qcGeSlQLNAjwAwsOVAgDNAtDCw94AA6EwAaExAaEzw.jpeg\" alt=\"Pogrzeb Agnieszki Maci\u0105g\" loading=\"lazy\" \/>Artur Zawadzki\/ \/ East News<\/p>\n","protected":false},"excerpt":{"rendered":"Agnieszka Maci\u0105g w przesz\u0142o\u015bci zmaga\u0142a si\u0119 z nowotworem, a choroba niespodziewanie powr\u00f3ci\u0142a w tym roku. Pod koniec listopada&hellip;\n","protected":false},"author":2,"featured_media":151786,"comment_status":"","ping_status":"","sticky":false,"template":"","format":"standard","meta":{"footnotes":""},"categories":[22],"tags":[26052,122,53,52,68,51,55,42,393,38,40,39,41,123,47,196,65,50],"class_list":{"0":"post-151785","1":"post","2":"type-post","3":"status-publish","4":"format-standard","5":"has-post-thumbnail","7":"category-rozrywka","8":"tag-agnieszka_maciag_b_modelka","9":"tag-entertainment","10":"tag-new_header","11":"tag-onet3","12":"tag-onet3d","13":"tag-onet3d_2i","14":"tag-phx","15":"tag-pl","16":"tag-pogrzeb","17":"tag-poland","18":"tag-polish","19":"tag-polska","20":"tag-polski","21":"tag-rozrywka","22":"tag-screening_general","23":"tag-styl_zycia","24":"tag-update_me","25":"tag-v2021"},"share_on_mastodon":{"url":"https:\/\/pubeurope.com\/@pl\/115723076201430497","error":""},"_links":{"self":[{"href":"https:\/\/www.europesays.com\/pl\/wp-json\/wp\/v2\/posts\/151785","targetHints":{"allow":["GET"]}}],"collection":[{"href":"https:\/\/www.europesays.com\/pl\/wp-json\/wp\/v2\/posts"}],"about":[{"href":"https:\/\/www.europesays.com\/pl\/wp-json\/wp\/v2\/types\/post"}],"author":[{"embeddable":true,"href":"https:\/\/www.europesays.com\/pl\/wp-json\/wp\/v2\/users\/2"}],"replies":[{"embeddable":true,"href":"https:\/\/www.europesays.com\/pl\/wp-json\/wp\/v2\/comments?post=151785"}],"version-history":[{"count":0,"href":"https:\/\/www.europesays.com\/pl\/wp-json\/wp\/v2\/posts\/151785\/revisions"}],"wp:featuredmedia":[{"embeddable":true,"href":"https:\/\/www.europesays.com\/pl\/wp-json\/wp\/v2\/media\/151786"}],"wp:attachment":[{"href":"https:\/\/www.europesays.com\/pl\/wp-json\/wp\/v2\/media?parent=151785"}],"wp:term":[{"taxonomy":"category","embeddable":true,"href":"https:\/\/www.europesays.com\/pl\/wp-json\/wp\/v2\/categories?post=151785"},{"taxonomy":"post_tag","embeddable":true,"href":"https:\/\/www.europesays.com\/pl\/wp-json\/wp\/v2\/tags?post=151785"}],"curies":[{"name":"wp","href":"https:\/\/api.w.org\/{rel}","templated":true}]}}