{"id":151787,"date":"2025-12-15T10:20:10","date_gmt":"2025-12-15T10:20:10","guid":{"rendered":"https:\/\/www.europesays.com\/pl\/151787\/"},"modified":"2025-12-15T10:20:10","modified_gmt":"2025-12-15T10:20:10","slug":"co-sie-zmieni-w-wydawaniu-orzeczen-o-niepelnosprawnosci-ustalenia-rmf-fm","status":"publish","type":"post","link":"https:\/\/www.europesays.com\/pl\/151787\/","title":{"rendered":"Co si\u0119 zmieni w wydawaniu orzecze\u0144 o niepe\u0142nosprawno\u015bci? Ustalenia RMF FM"},"content":{"rendered":"<p>Ministerstwo Rodziny, Pracy i Polityki Spo\u0142ecznej chce zmieni\u0107 model orzekania o niepe\u0142nosprawno\u015bci &#8211; dowiedzia\u0142 si\u0119 reporter RMF FM Micha\u0142 Dobro\u0142owicz. Jest to reakcja m.in. na dramatyczne sygna\u0142y od Was, kt\u00f3re nag\u0142o\u015bnili\u015bmy w Faktach. Rozpatrywanie wniosk\u00f3w w Wojew\u00f3dzkich Zespo\u0142ach ds. Orzekania trwa cz\u0119sto wiele miesi\u0119cy. Bez tego osoby potrzebuj\u0105ce nie mog\u0105 otrzyma\u0107 \u015bwiadcze\u0144 wspieraj\u0105cych. Przed weekendem nast\u0105pi\u0142a zmiana na stanowisku rz\u0105dowego pe\u0142nomocnika ds. os\u00f3b z niepe\u0142nosprawno\u015bciami. Maja Nowak z Polski 2050 zast\u0105pi\u0142a \u0141ukasza Krasonia.<\/p>\n<p>                         &#13;<br \/>\n        &#13;<\/p>\n<p>                                        &#13;<br \/>\n                        &#13;<br \/>\n                            <img decoding=\"async\" src=\"https:\/\/www.europesays.com\/pl\/wp-content\/uploads\/2025\/12\/000M2QJMAJY5VY89-C123-F4.jpg\" title=\"Co si\u0119 zmieni w wydawaniu orzecze\u0144 o niepe\u0142nosprawno\u015bci? Ustalenia RMF FM\" alt=\"Zdj. pogl\u0105dowe \/Shutterstock\" class=\"img-responsive\"\/>&#13;<\/p>\n<p>                            &#13;<\/p>\n<p>      &#13;<br \/>\n                            Zdj. pogl\u0105dowe&#13;<br \/>\n                                    \/Shutterstock  &#13;\n                                    <\/p>\n<p>&#13;<\/p>\n<ul class=\"bullet\">\n<li>Polityka, ekonomia, pogoda, sport, nauka, kultura, najnowsze informacje z Polski i ze \u015bwiata &#8211; to wszystko znajdziesz na<a href=\"https:\/\/www.rmf24.pl\/\" target=\"_blank\" rel=\"noreferrer noopener nofollow\"> RMF24.pl<\/a>.<\/li>\n<\/ul>\n<p>                    <a href=\"https:\/\/www.rmf24.pl\/fakty\/polska\/news-nagroda-glos-pacjenta-dla-redakcji-rmf-fm,nId,8050501\" rel=\"nofollow noopener\" target=\"_blank\">\u200bNagroda &#8222;G\u0142os Pacjenta&#8221; dla redakcji RMF FM<\/a><\/p>\n<p>Najwa\u017cniejsze za\u0142o\u017cenie jest takie, \u017ce procedury wydawania orzecze\u0144 maj\u0105 by\u0107 prostsze i szybsze. Taki ma by\u0107 efekt unijnego programu &#8222;Fundusze Europejskie dla Rozwoju Spo\u0142ecznego&#8221;, kt\u00f3ry potrwa jeszcze dwa lata &#8211; do 2027 roku. Jak ustali\u0142 nasz reporter, powsta\u0107 maj\u0105 nowe zasady nadzoru nad ca\u0142ym procesem: od zg\u0142oszenia osoby z niepe\u0142nosprawno\u015bci\u0105 do przyznania \u015bwiadczenia. Sygna\u0142y od Was potwierdzaj\u0105, \u017ce to jest konieczne. Oto fragment jednego z telefon\u00f3w od naszego s\u0142uchacza w sprawie wsparcia, na kt\u00f3re czeka\u0142a jego te\u015bciowa.<\/p>\n<p>\u017bona na pocz\u0105tku 2024 roku pyta\u0142a, zgodnie z sugesti\u0105 urz\u0119dnik\u00f3w, z pocz\u0105tkiem 2025 roku. Niestety, te\u015bciowa nie doczeka\u0142a tego wsparcia, tak to wygl\u0105da w Katowicach &#8211; podkre\u015bla\u0142 nasz s\u0142uchacz.\u00a0<\/p>\n<p>W tym roku stworzono 172 nowe etaty dla os\u00f3b rozpatruj\u0105cych wnioski. Najwi\u0119cej w\u0142a\u015bnie na \u015al\u0105sku, w Wielkopolsce i na Mazowszu, bo tam problem by\u0142 najwi\u0119kszy. Jednak ten problem wci\u0105\u017c jest. Jego rozwi\u0105zanie jest jednym z najpilniejszych zada\u0144 na najbli\u017csze miesi\u0105ce.<\/p>\n<p>&#8222;Ministerstwo b\u0119dzie realizowa\u0142o projekt w ramach FERS (Fundusze Europejskie dla Rozwoju Spo\u0142ecznego &#8211; przyp. red.) pn. 'Przebudowa modelu orzekania o niepe\u0142nosprawno\u015bci oraz form wsparcia&#8217;. Projekt przewiduje przygotowanie nowych rozwi\u0105za\u0144 na rzecz os\u00f3b z niepe\u0142nosprawno\u015bciami. Celem tego projektu jest opracowanie kompleksowego modelu orzekania o niepe\u0142nosprawno\u015bci, odpowiadaj\u0105cego na indywidualne potrzeby os\u00f3b z\u00a0 niepe\u0142nosprawno\u015bciami oraz systemu \u015bwiadcze\u0144 i innych form wsparcia&#8221; &#8211; czytamy w odpowiedzi, jak\u0105 dziennikarz RMF FM otrzyma\u0142 z Ministerstwa Rodziny.<\/p>\n<p>&#8222;W projekcie przeprowadzony zostanie przegl\u0105d i analiza funkcjonuj\u0105cych rozwi\u0105za\u0144 systemowych odnosz\u0105cych si\u0119 do systemu orzecznictwa o niepe\u0142nosprawno\u015bci i stopniu niepe\u0142nosprawno\u015bci, w tym system\u00f3w rentowych i orzecznictwa dla cel\u00f3w edukacyjnych. Projekt b\u0119dzie pierwszym krokiem do stworzenia w pe\u0142ni kompleksowego i zintegrowanego systemu orzekania o niepe\u0142nosprawno\u015bci. Zmodyfikowany model orzekania o niepe\u0142nosprawno\u015bci b\u0119dzie oparty o Mi\u0119dzynarodow\u0105 Klasyfikacj\u0119 Funkcjonowania, Niepe\u0142nosprawno\u015bci i Zdrowia (ICF), a tak\u017ce zgodny z postanowieniami Konwencji ONZ o prawach os\u00f3b niepe\u0142nosprawnych (KPON)&#8221; &#8211; zapowiada resort rodziny.\u00a0<\/p>\n<p>                    <a href=\"https:\/\/www.rmf24.pl\/fakty\/polska\/news-rosnace-dlugi-szpitali-i-zmiany-dla-pacjentow-dwa-lata-rzadu,nId,8050444\" rel=\"nofollow noopener\" target=\"_blank\">Rosn\u0105ce d\u0142ugi szpitali i zmiany dla pacjent\u00f3w. Dwa lata rz\u0105du z perspektywy zdrowia<\/a><\/p>\n<p>&#8222;Uproszczony system \u015bwiadcze\u0144 ma odpowiada\u0107 na indywidualne potrzeby os\u00f3b z niepe\u0142nosprawno\u015bciami w \u017cyciu codziennym i zawodowym, zapewniaj\u0105c im podmiotowo\u015b\u0107 oraz zgodno\u015b\u0107 z zasadami proporcjonalno\u015bci i sprawiedliwo\u015bci spo\u0142ecznej. Projekt zak\u0142ada scalenie rozproszonego systemu \u015bwiadcze\u0144, kompensacj\u0119 zwi\u0119kszonych koszt\u00f3w \u017cycia, a tak\u017ce stworzenie narz\u0119dzi do indywidualizacji wsparcia tam, gdzie obecne rozwi\u0105zania s\u0105 niewystarczaj\u0105ce. Powstan\u0105 nowe kryteria orzekania i kwalifikacji do \u015bwiadcze\u0144, a model oparty na nowoczesnym systemie informatycznym umo\u017cliwi integracj\u0119 danych. Opracowane zostan\u0105 r\u00f3wnie\u017c zasady organizacji systemu orzekania, w tym nadz\u00f3r i procedury odwo\u0142awcze&#8221; &#8211; brzmi fragment odpowiedzi, jak\u0105 otrzyma\u0142 na wysy\u0142ane w ostatnich tygodniach pytania dziennikarz RMF FM Micha\u0142 Dobro\u0142owicz.<\/p>\n<p>Ministerstwo Rodziny, Pracy i Polityki Spo\u0142ecznej przekonuje w odpowiedzi na pytania naszego reportera, \u017ce przyspieszenie wydawania decyzji dla os\u00f3b z niepe\u0142nosprawno\u015bciami stanie si\u0119 faktem w najbli\u017cszych miesi\u0105cach.\u00a0<\/p>\n<p>&#8222;W 2024 r. wojew\u00f3dzkie zespo\u0142y wydawa\u0142y \u015brednio kilkana\u015bcie tysi\u0119cy decyzji miesi\u0119cznie, natomiast we wrze\u015bniu br. &#8211; ju\u017c ponad 36 tys. W wi\u0119kszo\u015bci wojew\u00f3dztw rozpatrzono co najmniej dwie trzecie z\u0142o\u017conych wniosk\u00f3w, a w kilku (m.in. zachodniopomorskim, kujawsko-pomorskim i \u015bwi\u0119tokrzyskim) \u2013 ponad 90 proc. Najtrudniejsza sytuacja wci\u0105\u017c wyst\u0119puje w wojew\u00f3dztwach \u015bl\u0105skim i wielkopolskim, jednak r\u00f3wnie\u017c tam liczba wydawanych decyzji systematycznie ro\u015bnie. Zgodnie z ustaw\u0105 wnioski powinny by\u0107 rozpatrywane w terminie do trzech miesi\u0119cy, jednak du\u017ce zainteresowanie nowym \u015bwiadczeniem oraz trudno\u015bci organizacyjne w pierwszym okresie realizacji zadania spowodowa\u0142y op\u00f3\u017anienia. Aktualnie podejmowane dzia\u0142ania naprawcze i wzrost zatrudnienia maj\u0105 doprowadzi\u0107 do powrotu do terminowo\u015bci w 2026 roku&#8221; &#8211; czytamy w odpowiedzi resortu rodziny przekazanej redakcji RMF FM.<\/p>\n<p>                    <a href=\"https:\/\/www.rmf24.pl\/fakty\/polska\/news-alarm-w-sluzbie-zdrowia-szpitale-powiatowe-groza-protestem,nId,8050377\" rel=\"nofollow noopener\" target=\"_blank\">Alarm w s\u0142u\u017cbie zdrowia. \u200bSzpitale powiatowe gro\u017c\u0105 protestem<\/a><\/p>\n<p>W 2025 roku w wojew\u00f3dzkich zespo\u0142ach ds. orzekania o niepe\u0142nosprawno\u015bci utworzono 172 dodatkowe etaty finansowane ze \u015brodk\u00f3w bud\u017cetu pa\u0144stwa. Ich podzia\u0142 zosta\u0142 uzale\u017cniony od liczby wp\u0142ywaj\u0105cych wniosk\u00f3w i bie\u017c\u0105cych potrzeb poszczeg\u00f3lnych zespo\u0142\u00f3w. Najwi\u0119cej nowych pracownik\u00f3w trafi\u0142o do wojew\u00f3dztw o najwi\u0119kszej liczbie post\u0119powa\u0144, w tym \u015bl\u0105skiego, mazowieckiego i wielkopolskiego. &#8222;\u0141\u0105cznie w obs\u0142ug\u0119 procesu wydawania decyzji ustalaj\u0105cych poziom potrzeby wsparcia zaanga\u017cowanych jest obecnie kilka tysi\u0119cy os\u00f3b, w tym nie tylko nowi etatowi pracownicy, ale tak\u017ce osoby delegowane z urz\u0119d\u00f3w wojew\u00f3dzkich, sta\u017cy\u015bci oraz pracownicy zatrudniani na umowy cywilnoprawne. W miar\u0119 potrzeb organizowane s\u0105 r\u00f3wnie\u017c posiedzenia sk\u0142ad\u00f3w orzekaj\u0105cych w dni wolne od pracy&#8221; &#8211; zapewnia resort rodziny.<\/p>\n<p>W najbli\u017cszych tygodniach i miesi\u0105cach b\u0119dziemy monitorowa\u0107, czy procedury zwi\u0105zane z wydawaniem orzecze\u0144 o niepe\u0142nosprawno\u015bci i przyznawaniem \u015bwiadcze\u0144 faktycznie przyspiesz\u0105. Ca\u0142y czas czekamy te\u017c na Wasze sygna\u0142y w tej sprawie. Do Waszej dyspozycji jest mail: fakty@rmf.fm oraz Gor\u0105ca Linia RMF FM.<\/p>\n","protected":false},"excerpt":{"rendered":"Ministerstwo Rodziny, Pracy i Polityki Spo\u0142ecznej chce zmieni\u0107 model orzekania o niepe\u0142nosprawno\u015bci &#8211; dowiedzia\u0142 si\u0119 reporter RMF FM&hellip;\n","protected":false},"author":2,"featured_media":151788,"comment_status":"","ping_status":"","sticky":false,"template":"","format":"standard","meta":{"footnotes":""},"categories":[16],"tags":[113,112,42,38,40,39,41],"class_list":{"0":"post-151787","1":"post","2":"type-post","3":"status-publish","4":"format-standard","5":"has-post-thumbnail","7":"category-biznes","8":"tag-biznes","9":"tag-business","10":"tag-pl","11":"tag-poland","12":"tag-polish","13":"tag-polska","14":"tag-polski"},"share_on_mastodon":{"url":"https:\/\/pubeurope.com\/@pl\/115723084061755243","error":""},"_links":{"self":[{"href":"https:\/\/www.europesays.com\/pl\/wp-json\/wp\/v2\/posts\/151787","targetHints":{"allow":["GET"]}}],"collection":[{"href":"https:\/\/www.europesays.com\/pl\/wp-json\/wp\/v2\/posts"}],"about":[{"href":"https:\/\/www.europesays.com\/pl\/wp-json\/wp\/v2\/types\/post"}],"author":[{"embeddable":true,"href":"https:\/\/www.europesays.com\/pl\/wp-json\/wp\/v2\/users\/2"}],"replies":[{"embeddable":true,"href":"https:\/\/www.europesays.com\/pl\/wp-json\/wp\/v2\/comments?post=151787"}],"version-history":[{"count":0,"href":"https:\/\/www.europesays.com\/pl\/wp-json\/wp\/v2\/posts\/151787\/revisions"}],"wp:featuredmedia":[{"embeddable":true,"href":"https:\/\/www.europesays.com\/pl\/wp-json\/wp\/v2\/media\/151788"}],"wp:attachment":[{"href":"https:\/\/www.europesays.com\/pl\/wp-json\/wp\/v2\/media?parent=151787"}],"wp:term":[{"taxonomy":"category","embeddable":true,"href":"https:\/\/www.europesays.com\/pl\/wp-json\/wp\/v2\/categories?post=151787"},{"taxonomy":"post_tag","embeddable":true,"href":"https:\/\/www.europesays.com\/pl\/wp-json\/wp\/v2\/tags?post=151787"}],"curies":[{"name":"wp","href":"https:\/\/api.w.org\/{rel}","templated":true}]}}