{"id":15179,"date":"2025-09-25T11:45:18","date_gmt":"2025-09-25T11:45:18","guid":{"rendered":"https:\/\/www.europesays.com\/pl\/15179\/"},"modified":"2025-09-25T11:45:18","modified_gmt":"2025-09-25T11:45:18","slug":"nie-rosyjski-dron-i-nie-polska-rakieta-co-spadlo-na-dom-w-wyrykach-nieoficjalne-ustalenia","status":"publish","type":"post","link":"https:\/\/www.europesays.com\/pl\/15179\/","title":{"rendered":"Nie rosyjski dron i nie polska rakieta. Co spad\u0142o na dom w Wyrykach? Nieoficjalne ustalenia"},"content":{"rendered":"<ul>\n<li>Sprzeczne informacje w sprawie rakiety, kt\u00f3ra uszkodzi\u0142a dom w Wyrykach;<\/li>\n<li>W mediach wymienia si\u0119 w tym kontek\u015bcie polskie, norweskie i holenderskie samoloty.<\/li>\n<\/ul>\n<p>\n<a href=\"https:\/\/www.tokfm.pl\/swiat\/rosja-zabrala-glos-ws-dronow-nie-planowalismy\" target=\"_self\" rel=\"dofollow noopener\">W nocy z 9 na 10 pa\u017adziernika Dow\u00f3dztwo Operacyjne Rodzaj\u00f3w Si\u0142 Zbrojnych poinformowa\u0142o, \u017ce polska przestrze\u0144 powietrzna zosta\u0142a wielokrotnie naruszona przez rosyjskie drony.<\/a> Poderwane zosta\u0142y polskie i sojusznicze my\u015bliwce. Niekt\u00f3re z dron\u00f3w zosta\u0142y zestrzelone. W wyniku dzia\u0142a\u0144 wojskowych dom w Wyrykach w woj. lubelskim uleg\u0142 cz\u0119\u015bciowemu zniszczeniu.<\/p>\n<p>\n<a href=\"https:\/\/www.onet.pl\/informacje\/onetwiadomosci\/wraca-sprawa-uszkodzonego-domu-w-wyrykach-nowe-nieoficjalne-informacje\/zvy0cn4,79cfc278\" target=\"_self\" rel=\"dofollow noopener\">Portal Onet.pl<\/a>, powo\u0142uj\u0105c si\u0119 na nieoficjalne informacje poda\u0142,\u00a0\u017ce pocisk, kt\u00f3ry uszkodzi\u0142 budynek zosta\u0142 wystrzelony przez holenderski F-16, kt\u00f3ry\u00a0uczestniczy\u0142 w\u00f3wczas w akcji zestrzelania dron\u00f3w.<\/p>\n<p>Wcze\u015bniej &#8222;Rzeczpospolita&#8221;\u00a0informowa\u0142a, \u017ce uszkodzenie budynku spowodowa\u0142a zab\u0142\u0105kana rakieta przeciwlotnicza wystrzelona przez polski samolot F-16. Z kolei\u00a0Radio\u00a0Eska poda\u0142o, \u017ce pocisk mia\u0142 pochodzi\u0107 z norweskiego F-35.\u00a0<\/p>\n<p>\u0179r\u00f3d\u0142o: tokfm.pl, Onet.pl<\/p>\n","protected":false},"excerpt":{"rendered":"Sprzeczne informacje w sprawie rakiety, kt\u00f3ra uszkodzi\u0142a dom w Wyrykach; W mediach wymienia si\u0119 w tym kontek\u015bcie polskie,&hellip;\n","protected":false},"author":2,"featured_media":15180,"comment_status":"","ping_status":"","sticky":false,"template":"","format":"standard","meta":{"footnotes":""},"categories":[12],"tags":[32,33,144,36,37,27,34,35,2586,28,31,25,42,38,40,39,41,87,29,30,26,2890,161],"class_list":{"0":"post-15179","1":"post","2":"type-post","3":"status-publish","4":"format-standard","5":"has-post-thumbnail","7":"category-polska","8":"tag-breaking-news","9":"tag-breakingnews","10":"tag-drony","11":"tag-featured-news","12":"tag-featurednews","13":"tag-headlines","14":"tag-latest-news","15":"tag-latestnews","16":"tag-mysliwce","17":"tag-naglowki","18":"tag-najwazniejsze-artykuly","19":"tag-news","20":"tag-pl","21":"tag-poland","22":"tag-polish","23":"tag-polska","24":"tag-polski","25":"tag-rosja","26":"tag-top-stories","27":"tag-topstories","28":"tag-wiadomosci","29":"tag-wojna-w-ukrainie","30":"tag-wojsko"},"share_on_mastodon":{"url":"","error":""},"_links":{"self":[{"href":"https:\/\/www.europesays.com\/pl\/wp-json\/wp\/v2\/posts\/15179","targetHints":{"allow":["GET"]}}],"collection":[{"href":"https:\/\/www.europesays.com\/pl\/wp-json\/wp\/v2\/posts"}],"about":[{"href":"https:\/\/www.europesays.com\/pl\/wp-json\/wp\/v2\/types\/post"}],"author":[{"embeddable":true,"href":"https:\/\/www.europesays.com\/pl\/wp-json\/wp\/v2\/users\/2"}],"replies":[{"embeddable":true,"href":"https:\/\/www.europesays.com\/pl\/wp-json\/wp\/v2\/comments?post=15179"}],"version-history":[{"count":0,"href":"https:\/\/www.europesays.com\/pl\/wp-json\/wp\/v2\/posts\/15179\/revisions"}],"wp:featuredmedia":[{"embeddable":true,"href":"https:\/\/www.europesays.com\/pl\/wp-json\/wp\/v2\/media\/15180"}],"wp:attachment":[{"href":"https:\/\/www.europesays.com\/pl\/wp-json\/wp\/v2\/media?parent=15179"}],"wp:term":[{"taxonomy":"category","embeddable":true,"href":"https:\/\/www.europesays.com\/pl\/wp-json\/wp\/v2\/categories?post=15179"},{"taxonomy":"post_tag","embeddable":true,"href":"https:\/\/www.europesays.com\/pl\/wp-json\/wp\/v2\/tags?post=15179"}],"curies":[{"name":"wp","href":"https:\/\/api.w.org\/{rel}","templated":true}]}}