{"id":151791,"date":"2025-12-15T10:22:16","date_gmt":"2025-12-15T10:22:16","guid":{"rendered":"https:\/\/www.europesays.com\/pl\/151791\/"},"modified":"2025-12-15T10:22:16","modified_gmt":"2025-12-15T10:22:16","slug":"radom-kobieta-ranila-nozem-policjanta","status":"publish","type":"post","link":"https:\/\/www.europesays.com\/pl\/151791\/","title":{"rendered":"Radom: Kobieta rani\u0142a no\u017cem policjanta"},"content":{"rendered":"<p>                    &#13;<br \/>\n                &#13;<br \/>\n                                &#13;<br \/>\n                 &#13;<br \/>\n                                &#13;<br \/>\n                 &#13;<br \/>\n                                &#13;<br \/>\n                 &#13;<\/p>\n<p>&#13;<br \/>\n                                                            Policjant raniony no\u017cem przez kobiet\u0119 w trakcie interwencji w Radomiu&#13;\n                                                <\/p>\n<p>&#13;<br \/>\n                 &#13;<\/p>\n<ul>\n<li>\n<p>\n                        Wczoraj, 14 grudnia (11:10)                                                    <\/p>\n<p>                                  <img decoding=\"async\" itemprop=\"image\" style=\"display:none;\" src=\"https:\/\/www.europesays.com\/pl\/wp-content\/uploads\/2025\/12\/000M2NX2I40OE1XL-C316.webp.webp\" alt=\"Kobieta chodz\u0105ca po mie\u015bcie z no\u017cem \u2013 zg\u0142oszenie o takiej tre\u015bci otrzymali w sobot\u0119 radomscy policjanci. Gdy podj\u0119li interwencj\u0119, jeden z nich zosta\u0142 lekko ranny.\" title=\"Policjant raniony no\u017cem przez kobiet\u0119 w trakcie interwencji w Radomiu - Warszawa\"\/><\/p>\n<p class=\"article-lead\">Kobieta chodz\u0105ca po mie\u015bcie z no\u017cem \u2013 zg\u0142oszenie o takiej tre\u015bci otrzymali w sobot\u0119 radomscy policjanci. Gdy podj\u0119li interwencj\u0119, jeden z nich zosta\u0142 lekko ranny.<\/p>\n<p>                         &#13;<br \/>\n        &#13;<\/p>\n<p>                                        &#13;<br \/>\n                        &#13;<br \/>\n                            <img decoding=\"async\" src=\"https:\/\/www.europesays.com\/pl\/wp-content\/uploads\/2025\/12\/000M2NX2I40OE1XL-C123-F4.jpg\" title=\"Policjant raniony no\u017cem przez kobiet\u0119 w trakcie interwencji w Radomiu\" alt=\"Policjant raniony no\u017cem przez kobiet\u0119 w trakcie interwencji w Radomiu\" class=\"img-responsive\"\/>&#13;<\/p>\n<p>                            &#13;<\/p>\n<p>      &#13;<br \/>\n                            Policjant potraktowany no\u017cem w trakcie interwencji w Radomiu (Zdj\u0119cie ilustracyjne)&#13;<br \/>\n                                    \/Shutterstock  &#13;\n                                    <\/p>\n<p>&#13;<\/p>\n<ul class=\"bullet\">\n<li>Po wi\u0119cej aktualnych informacji zapraszamy na\u00a0<a href=\"https:\/\/www.rmf24.pl\/\" rel=\"nofollow noopener\" target=\"_blank\">RMF24.pl<\/a><\/li>\n<\/ul>\n<p>Podinsp. Katarzyna Kucharska z\u00a0radomskiej policji powiedzia\u0142a nam, \u017ce w\u00a0sobot\u0119 po godz. 21:00 funkcjonariusze otrzymali zg\u0142oszenie o\u00a0kobiecie przechadzaj\u0105cej si\u0119 w\u00a0okolicy ul. S\u0142owackiego z\u00a0no\u017cem.<\/p>\n<p>Jako pierwszy na miejsce dotar\u0142 patrol drog\u00f3wki.<\/p>\n<p>Kobieta nie reagowa\u0142a na polecenia mundurowych. Gdy ci przyst\u0105pili do jej obezw\u0142adnienia, jeden z\u00a0policjant\u00f3w zosta\u0142 ranny w\u00a0dwa palce. Ran\u0119 opatrzono w\u00a0szpitalu.<\/p>\n<p>Napastniczk\u0119 zatrzymano. By\u0142a trze\u017awa. Pobrano od niej krew do bada\u0144. Kobieta czeka na zarzuty.<\/p>\n<p>                                                    \u0179r\u00f3d\u0142o: RMF24<\/p>\n<\/li>\n<li>\n<\/li>\n<\/ul>\n<p>Dalsza cz\u0119\u015b\u0107 artyku\u0142u pod materia\u0142em video:<\/p>\n","protected":false},"excerpt":{"rendered":"&#13; &#13; &#13; &#13; &#13; &#13; &#13; &#13; &#13; Policjant raniony no\u017cem przez kobiet\u0119 w trakcie interwencji w&hellip;\n","protected":false},"author":2,"featured_media":151792,"comment_status":"","ping_status":"","sticky":false,"template":"","format":"standard","meta":{"footnotes":""},"categories":[12],"tags":[32,33,36,37,27,34,35,28,31,25,42,38,40,39,41,29,30,26],"class_list":{"0":"post-151791","1":"post","2":"type-post","3":"status-publish","4":"format-standard","5":"has-post-thumbnail","7":"category-polska","8":"tag-breaking-news","9":"tag-breakingnews","10":"tag-featured-news","11":"tag-featurednews","12":"tag-headlines","13":"tag-latest-news","14":"tag-latestnews","15":"tag-naglowki","16":"tag-najwazniejsze-artykuly","17":"tag-news","18":"tag-pl","19":"tag-poland","20":"tag-polish","21":"tag-polska","22":"tag-polski","23":"tag-top-stories","24":"tag-topstories","25":"tag-wiadomosci"},"share_on_mastodon":{"url":"https:\/\/pubeurope.com\/@pl\/115723091838256278","error":""},"_links":{"self":[{"href":"https:\/\/www.europesays.com\/pl\/wp-json\/wp\/v2\/posts\/151791","targetHints":{"allow":["GET"]}}],"collection":[{"href":"https:\/\/www.europesays.com\/pl\/wp-json\/wp\/v2\/posts"}],"about":[{"href":"https:\/\/www.europesays.com\/pl\/wp-json\/wp\/v2\/types\/post"}],"author":[{"embeddable":true,"href":"https:\/\/www.europesays.com\/pl\/wp-json\/wp\/v2\/users\/2"}],"replies":[{"embeddable":true,"href":"https:\/\/www.europesays.com\/pl\/wp-json\/wp\/v2\/comments?post=151791"}],"version-history":[{"count":0,"href":"https:\/\/www.europesays.com\/pl\/wp-json\/wp\/v2\/posts\/151791\/revisions"}],"wp:featuredmedia":[{"embeddable":true,"href":"https:\/\/www.europesays.com\/pl\/wp-json\/wp\/v2\/media\/151792"}],"wp:attachment":[{"href":"https:\/\/www.europesays.com\/pl\/wp-json\/wp\/v2\/media?parent=151791"}],"wp:term":[{"taxonomy":"category","embeddable":true,"href":"https:\/\/www.europesays.com\/pl\/wp-json\/wp\/v2\/categories?post=151791"},{"taxonomy":"post_tag","embeddable":true,"href":"https:\/\/www.europesays.com\/pl\/wp-json\/wp\/v2\/tags?post=151791"}],"curies":[{"name":"wp","href":"https:\/\/api.w.org\/{rel}","templated":true}]}}