{"id":151797,"date":"2025-12-15T10:25:10","date_gmt":"2025-12-15T10:25:10","guid":{"rendered":"https:\/\/www.europesays.com\/pl\/151797\/"},"modified":"2025-12-15T10:25:10","modified_gmt":"2025-12-15T10:25:10","slug":"ewa-wachowicz-w-swiatecznej-stylizacji-modny-detal-dodal-blasku-i-urozmaicil-look-gwiazdy","status":"publish","type":"post","link":"https:\/\/www.europesays.com\/pl\/151797\/","title":{"rendered":"Ewa Wachowicz w \u015bwi\u0105tecznej stylizacji. Modny detal doda\u0142 blasku i urozmaici\u0142 &#8222;look&#8221; gwiazdy"},"content":{"rendered":"<p class=\"typography ids-typeset-body ids-typeset-body--preset-large link paragraph ids-paragraph ids-paragraph--default\">Czerwie\u0144 to zawsze absolutny klasyk \u015bwi\u0105t Bo\u017cego Narodzenia, nigdy nie wychodzi z mody i zawsze prezentuje si\u0119 bardzo efektownie. Tym razem w komplecie w kolorze \u017cywej czerwieni zaprezentowa\u0142a si\u0119 nasza gwiazda, Ewa Wachowicz.<\/p>\n<p>Ewa Wachowicz w czerwonym komplecie na planie &#8222;halo tu polsat&#8221;<\/p>\n<p class=\"typography ids-typeset-body ids-typeset-body--preset-large link paragraph ids-paragraph ids-paragraph--default\">Gospodyni &#8222;halo tu polsat&#8221; w sobotni poranek przywita\u0142a widz\u00f3w ubrana w od\u015bwi\u0119tna stylizacj\u0119 &#8211; tak\u0105, kt\u00f3r\u0105 sprawdzi si\u0119 spokojnie zar\u00f3wno przy wigilijnym stole, jak i podczas celebrowania kolejnych \u015bwi\u0105tecznych dni.\u00a0<\/p>\n<p><img decoding=\"async\" class=\"ids-image-holder__img\" loading=\"lazy\" alt=\"Ewa Wachowicz w towarzystwie Emiliano Castagni\" title=\"\" width=\"800\" height=\"1200\" src=\"https:\/\/www.europesays.com\/pl\/wp-content\/uploads\/2025\/12\/000M2QPWCPIHTRDK-C125-F4.webp.webp\"\/><\/p>\n<p>Ewa Wachowicz w towarzystwie Emiliano CastagniAKPA<\/p>\n<p class=\"typography ids-typeset-body ids-typeset-body--preset-large link paragraph ids-paragraph ids-paragraph--default\">Ponadczasowy &#8222;look&#8221; Ewy, kt\u00f3ry stworzy\u0142 dopasowany, cienki sweterek z r\u0119kawami 3\/4 i sp\u00f3dnica uk\u0142adaj\u0105ca si\u0119 w efektowne fa\u0142dy, prezentowa\u0142 si\u0119 bardzo elegancko, a przy tym nie odbiera\u0142 gwie\u017adzie swobody i pewno\u015bci siebie. Zar\u00f3wno g\u00f3ra jak i d\u00f3\u0142 stylizacji pozwala\u0142y na swobod\u0119 ruch\u00f3w &#8211; w takim ubraniu mo\u017cna si\u0119 dobrze czu\u0107 zar\u00f3wno przy stole, jak i wtedy, gdy trzeba przygotowa\u0107 co\u015b w kuchni. Sweterek i sp\u00f3dnica nie ograniczaj\u0105, s\u0105 ultrakobiece, a jednocze\u015bnie bardzo komfortowe.<\/p>\n<p class=\"typography ids-typeset-body ids-typeset-body--preset-large link paragraph ids-paragraph ids-paragraph--default\">Styl\u00f3wk\u0119 Ewy uzupe\u0142nia\u0142y dodatki &#8211; czarne szpilki, idealne do od\u015bwi\u0119tnej, eleganckiej stylizacji oraz du\u017cy, czarny kwiat przypi\u0119ty do dekoltu. Po\u0142\u0105czenie minimalistycznej formy z tym wyrazistym, rzucaj\u0105cym si\u0119 w oczy detalem to mocny trend ko\u0144cz\u0105cego si\u0119 roku. Nie mamy tu nadmiaru, ale prostot\u0119 z odrobin\u0105 nonszalancji &#8211; ciekawy kontrast, dzi\u0119ki kt\u00f3remu styl\u00f3wka Wachowicz zyska\u0142a \u015bwie\u017co\u015b\u0107 i charakter.<\/p>\n<p class=\"typography ids-typeset-body ids-typeset-body--preset-large link paragraph ids-paragraph ids-paragraph--default\">Look w stylu Ewy sprawdzi si\u0119 doskonale nie tylko podczas rodzinnych \u015bwi\u0105t organizowanych w domu. Taki zestaw z odpowiednimi dodatkami idealnie pasuje te\u017c na przyk\u0142ad na wyj\u015bcie do restauracji. Wtedy jednak warto rozwa\u017cy\u0107 zamian\u0119 zegarka na wyrazist\u0105 bransolet\u0119, a zamiast srebra postawi\u0107 na nieco bardziej szykowne z\u0142oto albo per\u0142y. Do takiego zestawu \u015bwietnie b\u0119dzie pasowa\u0107 ma\u0142a torebka kopert\u00f3wka w kolorze czarnym, z\u0142otym albo bordowym.<\/p>\n<p>Masz sugestie, uwagi albo widzisz b\u0142\u0105d? Napisz do nas<\/p>\n","protected":false},"excerpt":{"rendered":"Czerwie\u0144 to zawsze absolutny klasyk \u015bwi\u0105t Bo\u017cego Narodzenia, nigdy nie wychodzi z mody i zawsze prezentuje si\u0119 bardzo&hellip;\n","protected":false},"author":2,"featured_media":151798,"comment_status":"","ping_status":"","sticky":false,"template":"","format":"standard","meta":{"footnotes":""},"categories":[22],"tags":[122,42,38,40,39,41,123],"class_list":{"0":"post-151797","1":"post","2":"type-post","3":"status-publish","4":"format-standard","5":"has-post-thumbnail","7":"category-rozrywka","8":"tag-entertainment","9":"tag-pl","10":"tag-poland","11":"tag-polish","12":"tag-polska","13":"tag-polski","14":"tag-rozrywka"},"share_on_mastodon":{"url":"https:\/\/pubeurope.com\/@pl\/115723103559338681","error":""},"_links":{"self":[{"href":"https:\/\/www.europesays.com\/pl\/wp-json\/wp\/v2\/posts\/151797","targetHints":{"allow":["GET"]}}],"collection":[{"href":"https:\/\/www.europesays.com\/pl\/wp-json\/wp\/v2\/posts"}],"about":[{"href":"https:\/\/www.europesays.com\/pl\/wp-json\/wp\/v2\/types\/post"}],"author":[{"embeddable":true,"href":"https:\/\/www.europesays.com\/pl\/wp-json\/wp\/v2\/users\/2"}],"replies":[{"embeddable":true,"href":"https:\/\/www.europesays.com\/pl\/wp-json\/wp\/v2\/comments?post=151797"}],"version-history":[{"count":0,"href":"https:\/\/www.europesays.com\/pl\/wp-json\/wp\/v2\/posts\/151797\/revisions"}],"wp:featuredmedia":[{"embeddable":true,"href":"https:\/\/www.europesays.com\/pl\/wp-json\/wp\/v2\/media\/151798"}],"wp:attachment":[{"href":"https:\/\/www.europesays.com\/pl\/wp-json\/wp\/v2\/media?parent=151797"}],"wp:term":[{"taxonomy":"category","embeddable":true,"href":"https:\/\/www.europesays.com\/pl\/wp-json\/wp\/v2\/categories?post=151797"},{"taxonomy":"post_tag","embeddable":true,"href":"https:\/\/www.europesays.com\/pl\/wp-json\/wp\/v2\/tags?post=151797"}],"curies":[{"name":"wp","href":"https:\/\/api.w.org\/{rel}","templated":true}]}}