{"id":151803,"date":"2025-12-15T10:29:09","date_gmt":"2025-12-15T10:29:09","guid":{"rendered":"https:\/\/www.europesays.com\/pl\/151803\/"},"modified":"2025-12-15T10:29:09","modified_gmt":"2025-12-15T10:29:09","slug":"recydywista-napadal-na-seniorki-grozi-mu-do-225-lat-wiezienia","status":"publish","type":"post","link":"https:\/\/www.europesays.com\/pl\/151803\/","title":{"rendered":"Recydywista napada\u0142 na seniorki. Grozi mu do 22,5 lat wi\u0119zienia"},"content":{"rendered":"<p class=\"Paragraph_desktopParagraph__U31Gm\">Do zdarzenia dosz\u0142o w czwartek, 4 grudnia, oko\u0142o po\u0142udnia, przy ul. Brechta. Sprawca podszed\u0142 do starszej kobiety od ty\u0142u i gwa\u0142townie szarpn\u0105\u0142 jej torebk\u0119. Si\u0142a ataku by\u0142a tak du\u017ca, \u017ce seniorka przewr\u00f3ci\u0142a si\u0119 na ziemi\u0119. Pr\u00f3bowa\u0142a si\u0119 broni\u0107, jednak napastnik zabra\u0142 \u0142up i uciek\u0142.<\/p>\n<p>Szybka reakcja policji <\/p>\n<p class=\"Paragraph_desktopParagraph__U31Gm\">Na miejsce natychmiast skierowano patrol. Mundurowi ustalili, \u017ce seniorka straci\u0142a portfel z dokumentami i got\u00f3wk\u0105 oraz klucze do mieszkania. Zebrane informacje niezw\u0142ocznie trafi\u0142y do policjant\u00f3w pionu kryminalnego, kt\u00f3rzy rozpocz\u0119li intensywne dzia\u0142ania operacyjne. Kluczowe okaza\u0142y si\u0119 nagrania z monitoringu.<\/p>\n<ul class=\"OchatFollowUps_wrapper__1ry7X\">\n<li class=\"OchatFollowUps_item__Dhyly OchatFollowUps_itemDesktop__R6aBv\">Ile lat wi\u0119zienia grozi podejrzanemu?<\/li>\n<li class=\"OchatFollowUps_item__Dhyly OchatFollowUps_itemDesktop__R6aBv\">Co sta\u0142o si\u0119 z seniork\u0105 podczas napadu?<\/li>\n<li class=\"OchatFollowUps_item__Dhyly OchatFollowUps_itemDesktop__R6aBv\">Jakie przedmioty zosta\u0142y skradzione?<\/li>\n<li class=\"OchatFollowUps_item__Dhyly OchatFollowUps_itemDesktop__R6aBv\">Kiedy dosz\u0142o do pierwszego napadu?<\/li>\n<\/ul>\n<p>Zatrzymanie sprawcy i odzyskanie mienia <\/p>\n<p class=\"Paragraph_desktopParagraph__U31Gm\">Dzi\u0119ki analizie materia\u0142\u00f3w i znajomo\u015bci lokalnego \u015brodowiska przest\u0119pczego funkcjonariusze szybko wytypowali podejrzanego \u2014 45-letniego mieszka\u0144ca dzielnicy. M\u0119\u017cczyzna zosta\u0142 zatrzymany. Powiedzia\u0142, gdzie wyrzuci\u0142 skradzione przedmioty. Policjanci odzyskali wszystkie rzeczy nale\u017c\u0105ce do seniorki, z wyj\u0105tkiem 400 z\u0142 w got\u00f3wce.<\/p>\n<p>Kolejne przest\u0119pstwo i decyzja s\u0105du <\/p>\n<p class=\"Paragraph_desktopParagraph__U31Gm\">W trakcie post\u0119powania ustalono, \u017ce dzie\u0144 wcze\u015bniej ten sam m\u0119\u017cczyzna dopu\u015bci\u0142 si\u0119 kradzie\u017cy torebki na ul. Darwina, na szkod\u0119 89-letniej kobiety, kt\u00f3ra straci\u0142a telefon oraz 300 z\u0142. 45-latek us\u0142ysza\u0142 zarzuty rozboju w warunkach multirecydywy oraz kradzie\u017cy zuchwa\u0142ej w recydywie. S\u0105d, na wniosek prokuratora, zastosowa\u0142 wobec niego tymczasowy areszt. Grozi mu od trzech do nawet 22,5 roku pozbawienia wolno\u015bci.<\/p>\n","protected":false},"excerpt":{"rendered":"Do zdarzenia dosz\u0142o w czwartek, 4 grudnia, oko\u0142o po\u0142udnia, przy ul. Brechta. Sprawca podszed\u0142 do starszej kobiety od&hellip;\n","protected":false},"author":2,"featured_media":151804,"comment_status":"","ping_status":"","sticky":false,"template":"","format":"standard","meta":{"footnotes":""},"categories":[12],"tags":[32,33,36,37,27,34,35,1565,28,31,53,25,52,68,51,55,42,38,40,39,41,47,29,30,8908,50,26],"class_list":{"0":"post-151803","1":"post","2":"type-post","3":"status-publish","4":"format-standard","5":"has-post-thumbnail","7":"category-polska","8":"tag-breaking-news","9":"tag-breakingnews","10":"tag-featured-news","11":"tag-featurednews","12":"tag-headlines","13":"tag-latest-news","14":"tag-latestnews","15":"tag-ms","16":"tag-naglowki","17":"tag-najwazniejsze-artykuly","18":"tag-new_header","19":"tag-news","20":"tag-onet3","21":"tag-onet3d","22":"tag-onet3d_2i","23":"tag-phx","24":"tag-pl","25":"tag-poland","26":"tag-polish","27":"tag-polska","28":"tag-polski","29":"tag-screening_general","30":"tag-top-stories","31":"tag-topstories","32":"tag-tu_stolica","33":"tag-v2021","34":"tag-wiadomosci"},"share_on_mastodon":{"url":"https:\/\/pubeurope.com\/@pl\/115723119274504619","error":""},"_links":{"self":[{"href":"https:\/\/www.europesays.com\/pl\/wp-json\/wp\/v2\/posts\/151803","targetHints":{"allow":["GET"]}}],"collection":[{"href":"https:\/\/www.europesays.com\/pl\/wp-json\/wp\/v2\/posts"}],"about":[{"href":"https:\/\/www.europesays.com\/pl\/wp-json\/wp\/v2\/types\/post"}],"author":[{"embeddable":true,"href":"https:\/\/www.europesays.com\/pl\/wp-json\/wp\/v2\/users\/2"}],"replies":[{"embeddable":true,"href":"https:\/\/www.europesays.com\/pl\/wp-json\/wp\/v2\/comments?post=151803"}],"version-history":[{"count":0,"href":"https:\/\/www.europesays.com\/pl\/wp-json\/wp\/v2\/posts\/151803\/revisions"}],"wp:featuredmedia":[{"embeddable":true,"href":"https:\/\/www.europesays.com\/pl\/wp-json\/wp\/v2\/media\/151804"}],"wp:attachment":[{"href":"https:\/\/www.europesays.com\/pl\/wp-json\/wp\/v2\/media?parent=151803"}],"wp:term":[{"taxonomy":"category","embeddable":true,"href":"https:\/\/www.europesays.com\/pl\/wp-json\/wp\/v2\/categories?post=151803"},{"taxonomy":"post_tag","embeddable":true,"href":"https:\/\/www.europesays.com\/pl\/wp-json\/wp\/v2\/tags?post=151803"}],"curies":[{"name":"wp","href":"https:\/\/api.w.org\/{rel}","templated":true}]}}