{"id":151805,"date":"2025-12-15T10:30:15","date_gmt":"2025-12-15T10:30:15","guid":{"rendered":"https:\/\/www.europesays.com\/pl\/151805\/"},"modified":"2025-12-15T10:30:15","modified_gmt":"2025-12-15T10:30:15","slug":"strzelanina-na-bondi-beach-w-sydney-sprawcami-ojciec-i-syn","status":"publish","type":"post","link":"https:\/\/www.europesays.com\/pl\/151805\/","title":{"rendered":"Strzelanina na Bondi Beach w Sydney. Sprawcami ojciec i syn"},"content":{"rendered":"<p class=\"article-p\" data-section=\"detail-body\">50-letni napastnik zosta\u0142 zastrzelony przez policj\u0119 na miejscu zdarzenia, a jego 24-letni syn zosta\u0142 ranny i trafi\u0142 do szpitala w stanie krytycznym. Lokalne media informuj\u0105, \u017ce starszy m\u0119\u017cczyzna posiada\u0142 licencj\u0119 na polowanie rekreacyjne i legalnie posiada\u0142 sze\u015b\u0107 sztuk broni palnej.<\/p>\n<p class=\"article-p\" data-section=\"detail-body\">Zobacz tak\u017ce: <a href=\"https:\/\/www.fakt.pl\/wydarzenia\/swiat\/ojciec-przezyl-zamach-w-sydney-nakrylem-dzieci-swoim-cialem\/24v5sh5\" id=\"f04518b2-061e-4af5-b3f3-a997bb987de5\" rel=\"nofollow noopener\" target=\"_blank\">By\u0142 \u017co\u0142nierzem w Izraelu. Prze\u017cy\u0142 zamach w Sydney: nakry\u0142em dzieci swoim cia\u0142em<\/a><\/p>\n<p>        Masakra na Bondi Beach w Sydney. Sprawcami ojciec i syn<\/p>\n<p class=\"article-p\" data-section=\"detail-body\">Australijska agencja bezpiecze\u0144stwa interesowa\u0142a si\u0119 wcze\u015bniej 24-latkiem. S\u0142u\u017cby po raz pierwszy wzi\u0119\u0142y go na celownik w pa\u017adzierniku 2019 r., ale stwierdzono, \u017ce \u200b\u200bnie istnieje zagro\u017cenie, \u017ce dopu\u015bci si\u0119 on przemocy.<\/p>\n<p class=\"article-p\" data-section=\"detail-body\">BBC informuje, \u017ce 50-latek przyby\u0142 do Australii w 1998 r. dzi\u0119ki wizie studenckiej. Jego 24-letni syn jest obywatelem Australii. Obaj mieszkali w parterowym, ceglanym domu w Bonnyrigg, w po\u0142udniowo-zachodniej cz\u0119\u015bci Sydney, oko\u0142o godzin\u0119 jazdy od pla\u017cy Bondi. Zdaniem \u015bledczych \u200b\u200bto w\u0142a\u015bnie tam przygotowali atak. S\u0105siedzi napastnik\u00f3w s\u0105 w szoku.<\/p>\n<p class=\"article-p\" data-section=\"detail-body\">\u2014 Zobaczy\u0142am wiadomo\u015bci i pomy\u015bla\u0142am: o m\u00f3j Bo\u017ce, to nie mog\u0105 by\u0107 oni \u2014 m\u00f3wi\u0142a w rozmowie z BBC Lemanatua Fatu, s\u0105siadka napastnik\u00f3w.<\/p>\n<p class=\"article-p\" data-section=\"detail-body\">Kobieta doda\u0142a, \u017ce \u200b\u200bcz\u0119sto widywa\u0142a m\u0142odego m\u0119\u017cczyzn\u0119 wyrzucaj\u0105cego \u015bmieci.<\/p>\n<p class=\"article-p\" data-section=\"detail-body\">\u2014 Mieszkamy tu jak normalni ludzie, to dobra okolica \u2014 podkre\u015bli\u0142a.<\/p>\n<p class=\"article-p\" data-section=\"detail-body\">Po strzelaninie premier Australii <a href=\"https:\/\/www.fakt.pl\/wydarzenia\/swiat\/zamach-w-sydney-emocje-eksplodowaly-po-zatrzymaniu-sprawcow\/mst1eye\" id=\"5e6c3999-63c1-4d6b-b459-34f141c5b1c4\" rel=\"nofollow noopener\" target=\"_blank\">Anthony Albanese<\/a> zaproponowa\u0142 w poniedzia\u0142ek zaostrzenie przepis\u00f3w dotycz\u0105cych broni palnej. Zapowiedzia\u0142 te\u017c przegl\u0105d wydanych do tej pory pozwole\u0144 na bro\u0144.<\/p>\n<p class=\"article-p\" data-section=\"detail-body\">\u2014 Sytuacja mo\u017ce si\u0119 zmienia\u0107. Ludzie mog\u0105 ulec radykalizacji z biegiem czasu. Pozwolenia nie powinny by\u0107 wydawane na zawsze \u2014 podkre\u015bli\u0142.<\/p>\n<p>        Strzelanina na pla\u017cy w Sydney<\/p>\n<p class=\"article-p\" data-section=\"detail-body\">W niedzielnym ataku na pla\u017cy Bondi w Sydney zgin\u0119\u0142o 15 os\u00f3b oraz jeden z napastnik\u00f3w, a 42 osoby zosta\u0142y ranne. Do zamachu dosz\u0142o w momencie, kiedy zebrani na pla\u017cy australijscy \u017bydzi przyst\u0105pili do zapalania chanukowej \u015bwiecy.<\/p>\n<p class=\"article-p\" data-section=\"detail-body\">By\u0142a to najtragiczniejsza w skutkach strzelanina w tym kraju od niemal trzech dekad. <a href=\"https:\/\/www.fakt.pl\/temat\/australia\" id=\"e0962c42-23e4-48e4-bd0f-1a0358423289\" rel=\"nofollow noopener\" target=\"_blank\">Australia<\/a> jest krajem, w kt\u00f3rym obowi\u0105zuj\u0105 do\u015b\u0107 surowe przepisy dotycz\u0105ce kontroli broni, maj\u0105ce na celu przede wszystkim wyeliminowanie z obiegu broni szybkostrzelnej.<\/p>\n<p class=\"article-p\" data-section=\"detail-body\">Premier Albanese okre\u015bli\u0142 strzelanin\u0119 aktem antysemickiego terroryzmu, kt\u00f3ry uderzy\u0142 w samo serce narodu. Atak w Sydney pot\u0119pili przyw\u00f3dcy na ca\u0142ym \u015bwiecie, w tym prezydent Karol Nawrocki i premier Donald Tusk.<\/p>\n<p class=\"article-p\" data-section=\"detail-body\">Solidarno\u015b\u0107 z Australi\u0105 i spo\u0142eczno\u015bciami \u017cydowskimi na ca\u0142ym \u015bwiecie wyrazi\u0142a przewodnicz\u0105ca Komisji Europejskiej Ursula von der Leyen. Swoje oburzenie w zwi\u0105zku z atakiem na spo\u0142eczno\u015b\u0107 \u017cydowsk\u0105 wyrazili m.in. prezydent Francji, premier Wielkiej Brytanii, premier W\u0142och i sekretarz generalny ONZ.<\/p>\n<p class=\"article-p\" data-section=\"detail-body\">Prezydent USA Donald Trump nazwa\u0142 atak na pla\u017cy Bondi &#8222;strasznym&#8221; i &#8222;antysemickim&#8221;, chwal\u0105c jednocze\u015bnie &#8222;bardzo odwa\u017cnego&#8221; m\u0119\u017cczyzn\u0119, kt\u00f3ry stawi\u0142 czo\u0142a jednemu z napastnik\u00f3w. Atak na australijskich \u017byd\u00f3w pot\u0119pi\u0142y te\u017c w\u0142adze Autonomii Palesty\u0144skiej.<\/p>\n<p class=\"article-p\" data-section=\"detail-body\">Zobacz tak\u017ce: <a href=\"https:\/\/www.fakt.pl\/wydarzenia\/swiat\/masakra-na-bondi-beach-w-sydney-liczba-ofiar-wzrosla-do-16-wsrod-nich-jest-dziecko\/czvvphq\" id=\"3fff5fa9-f817-4b28-950f-5e693afc6c61\" rel=\"nofollow noopener\" target=\"_blank\">Coraz wi\u0119cej ofiar masakry na pla\u017cy w Sydney. W\u015br\u00f3d nich jest dziecko<\/a><\/p>\n<p class=\"article-p\" data-section=\"detail-body\">(\u0179r\u00f3d\u0142o: BBC, PAP)<\/p>\n<p>        \/3<\/p>\n<p>                    <img decoding=\"async\" class=\"article-image-img\" loading=\"lazy\" alt=\"\" src=\"https:\/\/www.europesays.com\/pl\/wp-content\/uploads\/2025\/12\/zJhk9kuTURBXy81ZGExNDAxZS1hNDRiLTRkZTctODVhOS00MmQ2ZDcwNzRkMTEuanBlZ5GTAs0DSM0CL94AAqEwAaExAQ.jpeg\" width=\"840\" height=\"559\"\/><\/p>\n<p>                  Saeed Khan \/ AFP<\/p>\n<p class=\"article-gallery-p\">\n        W niedziel\u0119 (14 grudnia) w zamachu terrorystycznym zgin\u0119\u0142o co najmniej 16 os\u00f3b, w tym jeden z napastnik\u00f3w.\n    <\/p>\n<p>        \/3<\/p>\n<p>                    <img decoding=\"async\" class=\"article-image-img\" loading=\"lazy\" alt=\"\" src=\"https:\/\/www.europesays.com\/pl\/wp-content\/uploads\/2025\/12\/xM7k9kuTURBXy9iMzdmMWY3Yy1hYjFhLTQzYzgtYTJjOC04MjYzZWNjNmJjZTQuanBlZ5GTAs0DSM0CL94AAqEwAaExAQ.jpeg\" width=\"840\" height=\"559\"\/><\/p>\n<p>                  Saeed Khan \/ AFP<\/p>\n<p class=\"article-gallery-p\">\n        Strza\u0142y rozleg\u0142y si\u0119, kiedy zebrani na pla\u017cy australijscy \u017bydzi przyst\u0105pili do zapalania chanukowych \u015bwiec.\n    <\/p>\n","protected":false},"excerpt":{"rendered":"50-letni napastnik zosta\u0142 zastrzelony przez policj\u0119 na miejscu zdarzenia, a jego 24-letni syn zosta\u0142 ranny i trafi\u0142 do&hellip;\n","protected":false},"author":2,"featured_media":151806,"comment_status":"","ping_status":"","sticky":false,"template":"","format":"standard","meta":{"footnotes":""},"categories":[5],"tags":[32,33,36,37,27,34,35,28,31,25,42,38,40,39,41,29,30,26],"class_list":{"0":"post-151805","1":"post","2":"type-post","3":"status-publish","4":"format-standard","5":"has-post-thumbnail","7":"category-naglowki","8":"tag-breaking-news","9":"tag-breakingnews","10":"tag-featured-news","11":"tag-featurednews","12":"tag-headlines","13":"tag-latest-news","14":"tag-latestnews","15":"tag-naglowki","16":"tag-najwazniejsze-artykuly","17":"tag-news","18":"tag-pl","19":"tag-poland","20":"tag-polish","21":"tag-polska","22":"tag-polski","23":"tag-top-stories","24":"tag-topstories","25":"tag-wiadomosci"},"share_on_mastodon":{"url":"https:\/\/pubeurope.com\/@pl\/115723123439544440","error":""},"_links":{"self":[{"href":"https:\/\/www.europesays.com\/pl\/wp-json\/wp\/v2\/posts\/151805","targetHints":{"allow":["GET"]}}],"collection":[{"href":"https:\/\/www.europesays.com\/pl\/wp-json\/wp\/v2\/posts"}],"about":[{"href":"https:\/\/www.europesays.com\/pl\/wp-json\/wp\/v2\/types\/post"}],"author":[{"embeddable":true,"href":"https:\/\/www.europesays.com\/pl\/wp-json\/wp\/v2\/users\/2"}],"replies":[{"embeddable":true,"href":"https:\/\/www.europesays.com\/pl\/wp-json\/wp\/v2\/comments?post=151805"}],"version-history":[{"count":0,"href":"https:\/\/www.europesays.com\/pl\/wp-json\/wp\/v2\/posts\/151805\/revisions"}],"wp:featuredmedia":[{"embeddable":true,"href":"https:\/\/www.europesays.com\/pl\/wp-json\/wp\/v2\/media\/151806"}],"wp:attachment":[{"href":"https:\/\/www.europesays.com\/pl\/wp-json\/wp\/v2\/media?parent=151805"}],"wp:term":[{"taxonomy":"category","embeddable":true,"href":"https:\/\/www.europesays.com\/pl\/wp-json\/wp\/v2\/categories?post=151805"},{"taxonomy":"post_tag","embeddable":true,"href":"https:\/\/www.europesays.com\/pl\/wp-json\/wp\/v2\/tags?post=151805"}],"curies":[{"name":"wp","href":"https:\/\/api.w.org\/{rel}","templated":true}]}}