{"id":151818,"date":"2025-12-15T10:37:09","date_gmt":"2025-12-15T10:37:09","guid":{"rendered":"https:\/\/www.europesays.com\/pl\/151818\/"},"modified":"2025-12-15T10:37:09","modified_gmt":"2025-12-15T10:37:09","slug":"marek-jakubiak-wzi%c2%b1%c2%b3-%c2%b6lub-wybra%c2%b3-nietypowe-miejsce","status":"publish","type":"post","link":"https:\/\/www.europesays.com\/pl\/151818\/","title":{"rendered":"Marek Jakubiak wzi\u00b1\u00b3 \u00b6lub. Wybra\u00b3 nietypowe miejsce"},"content":{"rendered":"<p class=\"art_paragraph\">Marek Jakubiak z Ko\u0142a Poselskiego Wolni Republikanie od lat jest zwi\u0105zany z\u00a0Irmin\u0105 Ochenkowsk\u0105. Co ciekawe, jego partnerka r\u00f3wnie\u017c pr\u00f3bowa\u0142a swoich si\u0142 w polityce. Stara\u0142a si\u0119 o wej\u015bcie do Sejmiku Wojew\u00f3dztwa Mazowieckiego, jednak nie zdoby\u0142a wystarczaj\u0105cej liczby g\u0142os\u00f3w. &#8211; Polityka powinna wspiera\u0107 przedsi\u0119biorc\u00f3w, a nie ich ogranicza\u0107 &#8211; komentowa\u0142a podczas kampanii. Polityk ch\u0119tnie chwali si\u0119 zdj\u0119ciami z ukochan\u0105.\u00a0Najnowszy kadr wykonano podczas wyj\u0105tkowej uroczysto\u015bci.<\/p>\n<p>\n    Zobacz wideo W\u0119dzikowska wprost o Nawrockiej. Co za s\u0142owa\n  <\/p>\n<p> Marek Jakubiak opublikowa\u0142 zdj\u0119cie ze \u015blubu. To tam odby\u0142a si\u0119 uroczysto\u015b\u0107. &#8222;Sta\u0142o si\u0119, Irminka zmieni\u0142a nazwisko&#8221;<\/p>\n<p class=\"art_paragraph\">14 grudnia Marek Jakubiak og\u0142osi\u0142 w mediach spo\u0142eczno\u015bciowych, \u017ce wzi\u0105\u0142 \u015blub. &#8222;Sta\u0142o si\u0119, Irminka zmieni\u0142a nazwisko na Jakubiak&#8221; &#8211; czytamy. Jak si\u0119 okazuje, uroczysto\u015b\u0107 odby\u0142a si\u0119 w nietypowym miejsu &#8211; popularnym hotelu w Miko\u0142ajkach. &#8222;W\u00a0gronie rodziny zawarli\u015bmy zwi\u0105zek ma\u0142\u017ce\u0144ski. Bardzo dzi\u0119kujemy wszystkim pracownikom hotelu za zorganizowanie pierwszego w historii tego hotelu \u015blubu. Wysz\u0142o super&#8221; &#8211; napisa\u0142 Marek Jakubiak. Jak wida\u0107 na za\u0142\u0105czonej fotografii, panna m\u0142oda postawi\u0142a tego dnia na koronkow\u0105\u00a0sukienk\u0119 do kolan w bia\u0142ym kolorze, a polityk wybra\u0142 elegancki garnitur. Pod publikacj\u0105 pojawi\u0142y si\u0119 komentarze, w tym jeden od Mateusza Morawieckiego. &#8222;Gratulacje&#8221; &#8211; napisa\u0142.\u00a0<\/p>\n<p class=\"gallery-open-button\">Jakubiak galeria<a href=\"#\" class=\"gallery-open-button__link gallery-open-button__link--version1\">Otw\u00f3rz galeri\u0119<\/a><\/p>\n<p> Marek Jakubiak o legalizacji zwi\u0105zk\u00f3w partnerskich. Opowiada\u0142 o swoim \u015blubie. &#8222;Nie widz\u0119 potrzeby zmian&#8221;<\/p>\n<p class=\"art_paragraph\">Chocia\u017c Marek Jakubiak od lat \u017cy\u0142 w zwi\u0105zku partnerskim, to otwarcie m\u00f3wi\u0142 w wywiadach, \u017ce nie popiera\u00a0wprowadzenia ustawy reguluj\u0105cej tego typu relacje.\u00a0&#8211; Nie widz\u0119 potrzeby zmian. W niczym mi to nie przeszkadza ani nie pomaga, jak b\u0119d\u0119 chcia\u0142 \u015blub, to b\u0119dzie. Jak ludzie chc\u0105 tak \u017cy\u0107, to niech sobie \u017cyj\u0105 &#8211; m\u00f3wi\u0142 swego czasu na antenie <a href=\"https:\/\/www.plotek.pl\/radio-zet#anchorLink\" rel=\"nofollow noopener\" target=\"_blank\">Radia Zet<\/a>. Zdaniem polityka\u00a0\u015brodowiska lewicowe chc\u0105 dzi\u0119ki ustawie umo\u017cliwi\u0107 parom\u00a0jednop\u0142ciowym adopcj\u0119 dzieci. &#8211; To jest pierwszy krok do tego. I oni za kulisami o tym m\u00f3wi\u0105. Nigdy na to nie p\u00f3jd\u0119 i \u017cadnego pierwszego kroku nie b\u0119dzie. (&#8230;) Nie wierz\u0119, \u017ce komu\u015b w tym <a href=\"https:\/\/www.plotek.pl\/wypadek#anchorLink\" rel=\"nofollow noopener\" target=\"_blank\">wypadku<\/a> pomog\u0119 &#8211; doda\u0142 Marek Jakubiak w rozmowie z Beat\u0105 Lubeck\u0105.<\/p>\n","protected":false},"excerpt":{"rendered":"Marek Jakubiak z Ko\u0142a Poselskiego Wolni Republikanie od lat jest zwi\u0105zany z\u00a0Irmin\u0105 Ochenkowsk\u0105. Co ciekawe, jego partnerka r\u00f3wnie\u017c&hellip;\n","protected":false},"author":2,"featured_media":151819,"comment_status":"","ping_status":"","sticky":false,"template":"","format":"standard","meta":{"footnotes":""},"categories":[5],"tags":[32,33,36,37,27,34,35,28,31,25,42,38,40,39,41,29,30,26],"class_list":{"0":"post-151818","1":"post","2":"type-post","3":"status-publish","4":"format-standard","5":"has-post-thumbnail","7":"category-naglowki","8":"tag-breaking-news","9":"tag-breakingnews","10":"tag-featured-news","11":"tag-featurednews","12":"tag-headlines","13":"tag-latest-news","14":"tag-latestnews","15":"tag-naglowki","16":"tag-najwazniejsze-artykuly","17":"tag-news","18":"tag-pl","19":"tag-poland","20":"tag-polish","21":"tag-polska","22":"tag-polski","23":"tag-top-stories","24":"tag-topstories","25":"tag-wiadomosci"},"share_on_mastodon":{"url":"https:\/\/pubeurope.com\/@pl\/115723150676228904","error":""},"_links":{"self":[{"href":"https:\/\/www.europesays.com\/pl\/wp-json\/wp\/v2\/posts\/151818","targetHints":{"allow":["GET"]}}],"collection":[{"href":"https:\/\/www.europesays.com\/pl\/wp-json\/wp\/v2\/posts"}],"about":[{"href":"https:\/\/www.europesays.com\/pl\/wp-json\/wp\/v2\/types\/post"}],"author":[{"embeddable":true,"href":"https:\/\/www.europesays.com\/pl\/wp-json\/wp\/v2\/users\/2"}],"replies":[{"embeddable":true,"href":"https:\/\/www.europesays.com\/pl\/wp-json\/wp\/v2\/comments?post=151818"}],"version-history":[{"count":0,"href":"https:\/\/www.europesays.com\/pl\/wp-json\/wp\/v2\/posts\/151818\/revisions"}],"wp:featuredmedia":[{"embeddable":true,"href":"https:\/\/www.europesays.com\/pl\/wp-json\/wp\/v2\/media\/151819"}],"wp:attachment":[{"href":"https:\/\/www.europesays.com\/pl\/wp-json\/wp\/v2\/media?parent=151818"}],"wp:term":[{"taxonomy":"category","embeddable":true,"href":"https:\/\/www.europesays.com\/pl\/wp-json\/wp\/v2\/categories?post=151818"},{"taxonomy":"post_tag","embeddable":true,"href":"https:\/\/www.europesays.com\/pl\/wp-json\/wp\/v2\/tags?post=151818"}],"curies":[{"name":"wp","href":"https:\/\/api.w.org\/{rel}","templated":true}]}}