{"id":151835,"date":"2025-12-15T10:49:13","date_gmt":"2025-12-15T10:49:13","guid":{"rendered":"https:\/\/www.europesays.com\/pl\/151835\/"},"modified":"2025-12-15T10:49:13","modified_gmt":"2025-12-15T10:49:13","slug":"atak-zimy-w-japonii-intensywne-sniezyce-w-hokkaido","status":"publish","type":"post","link":"https:\/\/www.europesays.com\/pl\/151835\/","title":{"rendered":"Atak zimy w Japonii. Intensywne \u015bnie\u017cyce w Hokkaido"},"content":{"rendered":"<p class=\"typography ids-typeset-body ids-typeset-body--preset-large link paragraph ids-paragraph ids-paragraph--default\">Obfite opady \u015bniegu do p\u00f3\u0142nocnej i \u015brodkowej cz\u0119\u015bci Japonii przynios\u0142y dwa intensywne ni\u017ce, kt\u00f3re rozwija\u0142y si\u0119 od weekendu. Najmocniej ucierpia\u0142a wschodnia cz\u0119\u015b\u0107 wyspy Hokkaido, gdzie w niedziel\u0119 w ci\u0105gu sze\u015bciu godzin miejscami spad\u0142o 36 cm \u015bniegu (w mie\u015bcie Obihiro) i 34 cm w miejscowo\u015bci Hiroo. W kolejnych godzinach opady nie ustawa\u0142y.<\/p>\n<p>Takiej pryzmy \u015bniegu jeszcze nie widzieli. Imponuj\u0105ce opady<\/p>\n<p class=\"typography ids-typeset-body ids-typeset-body--preset-large link paragraph ids-paragraph ids-paragraph--default\">Wed\u0142ug najnowszych pomiar\u00f3w opublikowanych przez japo\u0144skie media na Hokkaido w ci\u0105gu doby w co najmniej 14 miejscach zanotowano przyrost pokrywy \u015bnie\u017cnej na poziomie minimum 50 cm.<\/p>\n<p class=\"typography ids-typeset-body ids-typeset-body--preset-large link paragraph ids-paragraph ids-paragraph--default\">W miastach Kamisatsunai, Taiki\u00a0i Tokachi\u00a0spad\u0142o 68 cm \u015bniegu. Z kolei w Obihiro grubo\u015b\u0107 pokrywy si\u0119gn\u0119\u0142a 61 cm &#8211; to trzeci najwy\u017cszy wynik w grudniu w historii pomiar\u00f3w w tej miejscowo\u015bci. S\u0142u\u017cby miejskie w Obihiro ca\u0142y czas od\u015bnie\u017caj\u0105 ulice. Cytowani przez serwis stv.jp mieszka\u0144cy m\u00f3wili, \u017ce &#8222;nigdy nie widzieli&#8221; tak du\u017cej pryzmy odgarni\u0119tego \u015bniegu.<\/p>\n<p class=\"typography ids-typeset-body ids-typeset-body--preset-large link paragraph ids-paragraph ids-paragraph--default\">Zwa\u0142y \u015bniegu przyniesione przez ni\u017ce sparali\u017cowa\u0142y ruch kolejowy. Operator Hokkaido Railway Company poinformowa\u0142, \u017ce niekt\u00f3re kursy, w tym ekspresowe, we wschodniej i p\u00f3\u0142nocnej cz\u0119\u015bci Hokkaido b\u0119d\u0105 zawieszone do wtorku. \u0141\u0105cznie odwo\u0142ane mog\u0105 zosta\u0107 104 po\u0142\u0105czenia.<\/p>\n<p class=\"typography ids-typeset-body ids-typeset-body--preset-large link paragraph ids-paragraph ids-paragraph--default\">Z ogromnymi problemami zmagaj\u0105 si\u0119 r\u00f3wnie\u017c porty lotnicze. Mo\u017cliwe, \u017ce w poniedzia\u0142ek \u0142\u0105cznie ponad 40 lot\u00f3w z lotniska New Chitose mo\u017ce zosta\u0107 odwo\u0142anych. W niedziel\u0119\u00a0z powodu z\u0142ych warunk\u00f3w\u00a0odwo\u0142ano 159 lot\u00f3w\u00a0z tego lotniska.<\/p>\n<p class=\"typography ids-typeset-body ids-typeset-body--preset-large link paragraph ids-paragraph ids-paragraph--default\">Niebezpieczna pogoda uszkodzi\u0142a r\u00f3wnie\u017c linie energetyczne, wi\u0119c do wielu mieszka\u0144c\u00f3w wyspy zmaga si\u0119 z niedoborami pr\u0105du.<\/p>\n<p>Kilkadziesi\u0105t tysi\u0119cy dom\u00f3w bez pr\u0105du. Zamkni\u0119to setki szk\u00f3\u0142<\/p>\n<p class=\"typography ids-typeset-body ids-typeset-body--preset-large link paragraph ids-paragraph ids-paragraph--default\">\u015anie\u017cyce oraz silny wiatr na Hokkaido odci\u0119\u0142y wielu mieszka\u0144c\u00f3w od energii elektrycznej. \u0141\u0105cznie pr\u0105d nie dochodzi\u0142 do\u00a0prawie 36 tys. dom\u00f3w, g\u0142\u00f3wnie w rejonie Okhotsk i Kushiro &#8211; informowa\u0142a firma energetyczna Hokkaido Electric Power Network, Inc.<\/p>\n<p class=\"typography ids-typeset-body ids-typeset-body--preset-large link paragraph ids-paragraph ids-paragraph--default\">Ze wzgl\u0119d\u00f3w bezpiecze\u0144stwa na Hokkaido tymczasowo zamkni\u0119to 417 szk\u00f3\u0142 podstawowych i gimnazj\u00f3w.<\/p>\n<p class=\"typography ids-typeset-body ids-typeset-body--preset-large link paragraph ids-paragraph ids-paragraph--default\">Synoptycy ostrzegaj\u0105, \u017ce w tej cz\u0119\u015bci Japonii do ko\u0144ca dnia trzeba b\u0119dzie zachodzwa\u0107 ostro\u017cno\u015b\u0107, poniewa\u017c pogoda si\u0119 znacz\u0105co nie poprawi. Do wieczora na p\u00f3\u0142nocnym wschodzie Hokkaido obowi\u0105zywa\u0107 b\u0119d\u0105 czerwone ostrze\u017cenia\u00a0przed burzami \u015bnie\u017cnymi. Wieczorem maj\u0105 zosta\u0107 zmienione na \u017c\u00f3\u0142te.<\/p>\n<p class=\"typography ids-typeset-body ids-typeset-body--preset-large link paragraph ids-paragraph ids-paragraph--default\">\u0179r\u00f3d\u0142o: Japannews.yomiuri.co.jp, Stv.jp, NHK.or.jp, Jrhokkaido.co.jp<\/p>\n<p>&#8222;Wydarzenia&#8221;: Wr\u00f3ci powszechny pob\u00f3r? Ministerstwo stawia spraw\u0119 jasnoPolsat News<\/p>\n<p><a class=\"ids-undecorated-link source ids-page-info--source__link\" href=\"https:\/\/www.interia.pl\" rel=\"nofollow noopener\" target=\"_blank\"><img decoding=\"async\" class=\"ids-image-holder__img\" loading=\"lazy\" alt=\"\" title=\"\" height=\"24px\" src=\"https:\/\/www.europesays.com\/pl\/wp-content\/uploads\/2025\/12\/1765749733_358_0009A60QQ5I2TYF7-C202-F4.webp.webp\"\/><\/a><\/p>\n<p>Masz sugestie, uwagi albo widzisz b\u0142\u0105d? Napisz do nas<\/p>\n","protected":false},"excerpt":{"rendered":"Obfite opady \u015bniegu do p\u00f3\u0142nocnej i \u015brodkowej cz\u0119\u015bci Japonii przynios\u0142y dwa intensywne ni\u017ce, kt\u00f3re rozwija\u0142y si\u0119 od weekendu.&hellip;\n","protected":false},"author":2,"featured_media":151836,"comment_status":"","ping_status":"","sticky":false,"template":"","format":"standard","meta":{"footnotes":""},"categories":[14],"tags":[32,33,27,34,35,28,31,25,40,41,80,29,30,26,82,83,84],"class_list":{"0":"post-151835","1":"post","2":"type-post","3":"status-publish","4":"format-standard","5":"has-post-thumbnail","7":"category-swiat","8":"tag-breaking-news","9":"tag-breakingnews","10":"tag-headlines","11":"tag-latest-news","12":"tag-latestnews","13":"tag-naglowki","14":"tag-najwazniejsze-artykuly","15":"tag-news","16":"tag-polish","17":"tag-polski","18":"tag-swiat","19":"tag-top-stories","20":"tag-topstories","21":"tag-wiadomosci","22":"tag-world","23":"tag-world-news","24":"tag-worldnews"},"share_on_mastodon":{"url":"https:\/\/pubeurope.com\/@pl\/115723198154245362","error":""},"_links":{"self":[{"href":"https:\/\/www.europesays.com\/pl\/wp-json\/wp\/v2\/posts\/151835","targetHints":{"allow":["GET"]}}],"collection":[{"href":"https:\/\/www.europesays.com\/pl\/wp-json\/wp\/v2\/posts"}],"about":[{"href":"https:\/\/www.europesays.com\/pl\/wp-json\/wp\/v2\/types\/post"}],"author":[{"embeddable":true,"href":"https:\/\/www.europesays.com\/pl\/wp-json\/wp\/v2\/users\/2"}],"replies":[{"embeddable":true,"href":"https:\/\/www.europesays.com\/pl\/wp-json\/wp\/v2\/comments?post=151835"}],"version-history":[{"count":0,"href":"https:\/\/www.europesays.com\/pl\/wp-json\/wp\/v2\/posts\/151835\/revisions"}],"wp:featuredmedia":[{"embeddable":true,"href":"https:\/\/www.europesays.com\/pl\/wp-json\/wp\/v2\/media\/151836"}],"wp:attachment":[{"href":"https:\/\/www.europesays.com\/pl\/wp-json\/wp\/v2\/media?parent=151835"}],"wp:term":[{"taxonomy":"category","embeddable":true,"href":"https:\/\/www.europesays.com\/pl\/wp-json\/wp\/v2\/categories?post=151835"},{"taxonomy":"post_tag","embeddable":true,"href":"https:\/\/www.europesays.com\/pl\/wp-json\/wp\/v2\/tags?post=151835"}],"curies":[{"name":"wp","href":"https:\/\/api.w.org\/{rel}","templated":true}]}}