{"id":151837,"date":"2025-12-15T10:50:12","date_gmt":"2025-12-15T10:50:12","guid":{"rendered":"https:\/\/www.europesays.com\/pl\/151837\/"},"modified":"2025-12-15T10:50:12","modified_gmt":"2025-12-15T10:50:12","slug":"zloty-pociag-zostanie-zbadany-odkrywca-wpusci-do-tunelu-kamere","status":"publish","type":"post","link":"https:\/\/www.europesays.com\/pl\/151837\/","title":{"rendered":"Z\u0142oty poci\u0105g zostanie zbadany. Odkrywca wpu\u015bci do tunelu kamer\u0119"},"content":{"rendered":"<ol style=\"counter-reset:list-counter\" class=\"typography ids-typeset-body ids-typeset-body--preset-large list ids-list ids-list--ordered ids-list--size-large ids-list--marker-decimalLeadingZero \">\n<li class=\"ids-list-item\">\n<p>Szef projektu &#8222;Z\u0142oty Poci\u0105g 2025&#8221; w pierwszym wywiadzie<\/p>\n<\/li>\n<li class=\"ids-list-item\">\n<p>Radiestezja skonfrontowana z geofizyk\u0105<\/p>\n<\/li>\n<li class=\"ids-list-item\">\n<p>Odwiert potwierdzi lokalizacj\u0119? &#8222;Ja wiem, co tam jest, jestem tego pewny&#8221;<\/p>\n<\/li>\n<\/ol>\n<p>Szef projektu &#8222;Z\u0142oty Poci\u0105g 2025&#8221; w pierwszym wywiadzie<\/p>\n<p class=\"typography ids-typeset-body ids-typeset-body--preset-large link paragraph ids-paragraph ids-paragraph--default\">W tym roku poszukiwaczom z\u0142otego poci\u0105gu si\u0119 poszcz\u0119\u015bci\u0142o. Co prawda nie po\u0142o\u017cyli jeszcze r\u0119ki na skarbie, ale maj\u0105 ju\u017c ku temu sposobno\u015b\u0107. Najpierw otrzymali od Nadle\u015bnictwa \u015awidnica potrzebne zezwolenia na badania georadarowe. By\u0142 to pono\u0107 warunek, po kt\u00f3rego spe\u0142nieniu lider poszukiwaczy z grupy &#8222;Z\u0142oty Poci\u0105g 2025&#8221; obieca\u0142 si\u0119 ujawni\u0107. I tak te\u017c zrobi\u0142, o czym <a href=\"https:\/\/geekweek.interia.pl\/historia\/news-twierdzi-ze-odnalazl-zloty-pociag-lider-poszukiwaczy-ujawnil,nId,22464319\" target=\"_self\" rel=\"nofollow noopener\">pisali\u015bmy na pocz\u0105tku grudnia.<\/a> Micha\u0142 Motak ujawni\u0142 swoj\u0105 to\u017csamo\u015b\u0107 i wyja\u015bni\u0142, \u017ce odkry\u0142 lokalizacj\u0119 skarbu technik\u0105 radiestezji, a teraz zamierza to udowodni\u0107 przy u\u017cyciu instrument\u00f3w naukowych.<\/p>\n<p class=\"typography ids-typeset-body ids-typeset-body--preset-large link paragraph ids-paragraph ids-paragraph--default\">Lider poszukiwaczy wyst\u0105pi\u0142 w\u0142a\u015bnie w pierwszym wywiadzie na <a href=\"https:\/\/geekweek.interia.pl\/marki-i-produkty-youtube,gsbi,2655\" rel=\"nofollow noopener\" target=\"_blank\">YouTube<\/a>. W ponad godzinnej rozmowie, kt\u00f3r\u0105 prowadzi\u0142a Joanna Lamparska, wzi\u0105\u0142 udzia\u0142 tak\u017ce drugi go\u015b\u0107 &#8211; Dariusz Gwiazda z firmy TechDiam, kt\u00f3ra zajmuje si\u0119 pracami geofizycznymi, wierceniem i ci\u0119ciem betonu. To ona zweryfikuje, czy wskazania Motaka s\u0105 poprawne. Rozm\u00f3wcy przygotowuj\u0105 si\u0119 ju\u017c do prac z georadarem.<\/p>\n<p class=\"typography ids-typeset-body ids-typeset-body--preset-large link paragraph ids-paragraph ids-paragraph--default\">&#8222;Po raz pierwszy publicznie wypowiada si\u0119 cz\u0142owiek, kt\u00f3ry oficjalnie zg\u0142osi\u0142 do urz\u0119du lokalizacj\u0119 trzech wagon\u00f3w z okresu II wojny \u015bwiatowej, ukrytych w zamaskowanym tunelu na terenie <a href=\"https:\/\/wydarzenia.interia.pl\/tematy-walbrzych,gsbi,7000\" rel=\"nofollow noopener\" target=\"_blank\">Wa\u0142brzycha<\/a>. Cho\u0107 robocza nazwa przedsi\u0119wzi\u0119cia 'Zloty Poci\u0105g 2025&#8242; brzmi sensacyjnie, Zg\u0142aszaj\u0105cy, Micha\u0142 Motak z Kudowy Zdroju, m\u00f3wi o czym\u015b znacznie mniejszym&#8221; &#8211; g\u0142osi fragment opisu wywiadu. A o czym on jest?<\/p>\n<p>Radiestezja skonfrontowana z geofizyk\u0105<\/p>\n<p class=\"typography ids-typeset-body ids-typeset-body--preset-large link paragraph ids-paragraph ids-paragraph--default\">W rozmowie z szefem grupy poszukiwawczej z\u0142otego poci\u0105gu oraz szefem firmy, kt\u00f3ra zajmie si\u0119 pracami geofizycznymi, ujawniono kulisy poszukiwa\u0144 i plany prac. Micha\u0142 Motak poda\u0142 dok\u0142adny opis tunelu o wymiarach 9 x 9 metr\u00f3w, a tak\u017ce stalowej, rozsuwanej bramy i trzech wagon\u00f3w towarowych wype\u0142nionych skarbami.<\/p>\n<p class=\"typography ids-typeset-body ids-typeset-body--preset-large link paragraph ids-paragraph ids-paragraph--default\">W wywiadzie zaadresowano te\u017c najwi\u0119ksz\u0105 kontrowersj\u0119 ostatniego miesi\u0105ca, a mianowicie radiestezj\u0119 &#8211; technik\u0119 poszukiwania rzekomych promieniowa\u0144, takich jak \u017cy\u0142y wodne czy podziemne pustki, przy pomocy r\u00f3\u017cd\u017cki lub wahade\u0142ka, co przez naukowc\u00f3w uznawane jest za pseudonauk\u0119.<\/p>\n<p class=\"typography ids-typeset-body ids-typeset-body--preset-large link paragraph ids-paragraph ids-paragraph--default\">Ta technika zosta\u0142a skonfrontowana z tzw. tward\u0105 geofizyk\u0105. Radiesteta, kt\u00f3ry odkry\u0142 lokalizacj\u0119 z\u0142otego poci\u0105gu, bynajmniej od tej konfrontacji nie ucieka i sam stara si\u0119 o niepodwa\u017calne potwierdzenie przy u\u017cyciu powszechnie uznanych metod.<\/p>\n<p class=\"typography ids-typeset-body ids-typeset-body--preset-large link paragraph ids-paragraph ids-paragraph--default\">Jak wyja\u015bni\u0142 Dariusz Gwiazda, georadar ma szans\u0119 powodzenia, je\u015bli pozwoli na to struktura gruntu. Gdy jednak znajdowa\u0107 si\u0119 tam b\u0119dzie glina poch\u0142aniaj\u0105ca fale elektromagnetyczne, to detekcja podziemnej pustki mo\u017ce by\u0107 niemo\u017cliwa. Niemal na pewno do gry wejdzie koparka i \u0142opaty. Przede wszystkim jednak w\u0142a\u015bciciel firmy planuje odwiert i wpuszczenie do \u015brodka kamery.<\/p>\n<p>Odwiert potwierdzi lokalizacj\u0119? &#8222;Ja wiem, co tam jest, jestem tego pewny&#8221;<\/p>\n<p class=\"typography ids-typeset-body ids-typeset-body--preset-large link paragraph ids-paragraph ids-paragraph--default\">&#8222;Odwiert by\u0142by dobrym rozwi\u0105zaniem. By\u015bmy zajrzeli do \u015brodka, co tam jest. Ja wiem, co tam jest, jestem tego pewny&#8221; &#8211; m\u00f3wi Micha\u0142 Motak. Go\u015b\u0107 programu szczeg\u00f3\u0142owo wyja\u015bni\u0142, w jaki spos\u00f3b dokona\u0142 wykrycia podziemnej struktury, a tak\u017ce przedstawi\u0142 jej pionowy rzut na schematycznym rysunku. W tunelu widzimy trzy wagony.<\/p>\n<p class=\"typography ids-typeset-body ids-typeset-body--preset-large link paragraph ids-paragraph ids-paragraph--default\">Poszukiwacz odpowiada\u0142 te\u017c na pytania dotycz\u0105ce pochodzenia z\u0142otego poci\u0105gu, szybu, w kt\u00f3rym zosta\u0142 ukryty, oraz relacji \u015bwiadk\u00f3w. Przyzna\u0142 te\u017c, \u017ce w przypadku potwierdzenia odkrycia skorzysta z przys\u0142uguj\u0105cego mu 10% znale\u017anego. W wywiadzie padaj\u0105 daty, nazwiska i nieznane wcze\u015bniej publicznie szczeg\u00f3\u0142y zg\u0142oszenia do urz\u0119du.<\/p>\n<p class=\"typography ids-typeset-body ids-typeset-body--preset-large link paragraph ids-paragraph ids-paragraph--default\">Wiemy ju\u017c, \u017ce zgoda od w\u0142a\u015bciciela terenu jest. Co dalej? Teraz do zdobycia zosta\u0142o tylko pozwolenie od Dolno\u015bl\u0105skiego Wojew\u00f3dzkiego Konserwatora Zabytk\u00f3w i mo\u017cna b\u0119dzie ruszy\u0107 z pracami.<\/p>\n<p>Kiedy atakuje ci\u0119 w\u0142asne cia\u0142o. Tocze\u0144 i inne choroby autoimmunologiczne\u00a9 2025 Associated Press<\/p>\n<p><a class=\"ids-undecorated-link source ids-page-info--source__link\" href=\"https:\/\/www.interia.pl\" rel=\"nofollow noopener\" target=\"_blank\"><img decoding=\"async\" class=\"ids-image-holder__img\" loading=\"lazy\" alt=\"\" title=\"\" height=\"24px\" src=\"https:\/\/www.europesays.com\/pl\/wp-content\/uploads\/2025\/12\/1765749733_358_0009A60QQ5I2TYF7-C202-F4.webp.webp\"\/><\/a><\/p>\n<p>Masz sugestie, uwagi albo widzisz b\u0142\u0105d? Napisz do nas<\/p>\n<p>Zapisz si\u0119 na geekweekowy newsletter i \u0142ap naj\u015bwie\u017csze newsy ze \u015bwiata tech, lifehacki, porady i ciekawostki.<\/p>\n","protected":false},"excerpt":{"rendered":"Szef projektu &#8222;Z\u0142oty Poci\u0105g 2025&#8221; w pierwszym wywiadzie Radiestezja skonfrontowana z geofizyk\u0105 Odwiert potwierdzi lokalizacj\u0119? &#8222;Ja wiem, co&hellip;\n","protected":false},"author":2,"featured_media":151838,"comment_status":"","ping_status":"","sticky":false,"template":"","format":"standard","meta":{"footnotes":""},"categories":[12],"tags":[32,33,36,37,27,34,35,28,31,25,42,38,40,39,41,29,30,26],"class_list":{"0":"post-151837","1":"post","2":"type-post","3":"status-publish","4":"format-standard","5":"has-post-thumbnail","7":"category-polska","8":"tag-breaking-news","9":"tag-breakingnews","10":"tag-featured-news","11":"tag-featurednews","12":"tag-headlines","13":"tag-latest-news","14":"tag-latestnews","15":"tag-naglowki","16":"tag-najwazniejsze-artykuly","17":"tag-news","18":"tag-pl","19":"tag-poland","20":"tag-polish","21":"tag-polska","22":"tag-polski","23":"tag-top-stories","24":"tag-topstories","25":"tag-wiadomosci"},"share_on_mastodon":{"url":"https:\/\/pubeurope.com\/@pl\/115723201904179790","error":""},"_links":{"self":[{"href":"https:\/\/www.europesays.com\/pl\/wp-json\/wp\/v2\/posts\/151837","targetHints":{"allow":["GET"]}}],"collection":[{"href":"https:\/\/www.europesays.com\/pl\/wp-json\/wp\/v2\/posts"}],"about":[{"href":"https:\/\/www.europesays.com\/pl\/wp-json\/wp\/v2\/types\/post"}],"author":[{"embeddable":true,"href":"https:\/\/www.europesays.com\/pl\/wp-json\/wp\/v2\/users\/2"}],"replies":[{"embeddable":true,"href":"https:\/\/www.europesays.com\/pl\/wp-json\/wp\/v2\/comments?post=151837"}],"version-history":[{"count":0,"href":"https:\/\/www.europesays.com\/pl\/wp-json\/wp\/v2\/posts\/151837\/revisions"}],"wp:featuredmedia":[{"embeddable":true,"href":"https:\/\/www.europesays.com\/pl\/wp-json\/wp\/v2\/media\/151838"}],"wp:attachment":[{"href":"https:\/\/www.europesays.com\/pl\/wp-json\/wp\/v2\/media?parent=151837"}],"wp:term":[{"taxonomy":"category","embeddable":true,"href":"https:\/\/www.europesays.com\/pl\/wp-json\/wp\/v2\/categories?post=151837"},{"taxonomy":"post_tag","embeddable":true,"href":"https:\/\/www.europesays.com\/pl\/wp-json\/wp\/v2\/tags?post=151837"}],"curies":[{"name":"wp","href":"https:\/\/api.w.org\/{rel}","templated":true}]}}