{"id":151845,"date":"2025-12-15T10:56:14","date_gmt":"2025-12-15T10:56:14","guid":{"rendered":"https:\/\/www.europesays.com\/pl\/151845\/"},"modified":"2025-12-15T10:56:14","modified_gmt":"2025-12-15T10:56:14","slug":"seria-porazek-donalda-trumpa-republikanie-i-instytucje-mowia-nie","status":"publish","type":"post","link":"https:\/\/www.europesays.com\/pl\/151845\/","title":{"rendered":"Seria pora\u017cek Donalda Trumpa. Republikanie i instytucje m\u00f3wi\u0105 \u201enie\u201d"},"content":{"rendered":"<p>Najwa\u017cniejsze informacje <\/p>\n<ul>\n<li>Republikanie w\u00a0Senacie Indiany odrzucili map\u0119 okr\u0119g\u00f3w forsowan\u0105 przez Trumpa.<\/li>\n<li>Wielka \u0142awa przysi\u0119g\u0142ych w\u00a0Wirginii nie postawi\u0142a zarzut\u00f3w prokurator generalnej Nowego Jorku Letitii James.<\/li>\n<li>Cz\u0119\u015b\u0107 republikan\u00f3w w\u00a0Izbie popar\u0142a uchylenie dekretu ograniczaj\u0105cego prawa zwi\u0105zkowe w\u00a0administracji.<\/li>\n<\/ul>\n<p>CNN opisuje dzie\u0144, kt\u00f3ry w\u00a0ocenie autora analizy uwypukli\u0142 granice sprawczo\u015bci Donalda Trumpa. Jak podaje TVN24, powo\u0142uj\u0105c si\u0119 na tekst Aarona Blake\u2019a na portalu CNN, kolejne instytucje, a\u00a0nawet cz\u0119\u015b\u0107 republikan\u00f3w, nie podporz\u0105dkowa\u0142y si\u0119 jego oczekiwaniom. W\u00a0tle s\u0105 zar\u00f3wno spory o\u00a0podzia\u0142 okr\u0119g\u00f3w, jak i\u00a0pr\u00f3by stawiania zarzut\u00f3w politycznym oponentom.<\/p>\n<p>Kluczowym epizodem by\u0142o czwartkowe g\u0142osowanie w\u00a0Senacie stanu Indiana. Republikanie odrzucili map\u0119 okr\u0119g\u00f3w wyborczych promowan\u0105 przez Trumpa, kt\u00f3ra mia\u0142a da\u0107 szans\u0119 na zdobycie wszystkich dziewi\u0119ciu miejsc do Izby Reprezentant\u00f3w w\u00a0przysz\u0142orocznych wyborach uzupe\u0142niaj\u0105cych. Sta\u0142o si\u0119 tak mimo nacisk\u00f3w z\u00a0Bia\u0142ego Domu oraz presji wywieranej przez J.D. Vance\u2019a i\u00a0Mike\u2019a Johnsona. W\u00a0stanowej izbie a\u017c 21 z\u00a040 republikan\u00f3w zag\u0142osowa\u0142o przeciw inicjatywie.<\/p>\n<p> <img role=\"presentation\" class=\"absolute left-1\/2 top-1\/2 max-h-[80%] max-w-[100px] -translate-x-1\/2 -translate-y-1\/2\" src=\"https:\/\/v.wpimg.pl\/ZXJfd3AudTkrBBIAbg54LGhcRlAxHQUrPgJGH2MAeGJoSQ1eIBI_K2UHAEVuBTY5KQMMXC0RPyoVERQdMgM9ejc\" loading=\"lazy\" decoding=\"async\"\/><\/p>\n<p>Trump wci\u0105\u017c jest sojusznikiem Europy? Ekspertka odpowiedzia\u0142a <\/p>\n<p>Wed\u0142ug CNN, to uderza w\u00a0szerzej zakrojon\u0105 strategi\u0119 redystrybucji okr\u0119g\u00f3w, forsowan\u0105 przez prezydenta. Autor ocenia, \u017ce ten wynik m\u00f3g\u0142 \u201ewbi\u0107 gw\u00f3\u017ad\u017a do trumny\u201d wi\u0119kszego planu politycznego. Dla Trumpa to sygna\u0142, \u017ce nawet sojusznicy licz\u0105 koszty otwartego oporu wobec jego woli i\u00a0w\u00a0niekt\u00f3rych sprawach s\u0105 gotowi je ponie\u015b\u0107.<\/p>\n<p> <a href=\"https:\/\/www.o2.pl\/informacje\/elon-musk-o-wspolpracy-z-trumpem-drugi-raz-bym-w-to-nie-wchodzil-7230927366319040a\" class=\"teaser-inline\" rel=\"nofollow noopener\" target=\"_blank\">  <img decoding=\"async\" src=\"https:\/\/www.europesays.com\/pl\/wp-content\/uploads\/2025\/12\/MmE3YWRjYgwkUS9kfRFvGWcJez47SGFPMBFjdX1bf1V1S3YxOwYoHyBDNnk1GDgdJEQpeSIGYgw1WnYhY0UpBDZDNTYrRSgAJ1Y9.jpeg\" width=\"0\" height=\"0\" loading=\"lazy\" class=\"wp-media-image cropped\" alt=\"Elon Musk o wsp\u00f3\u0142pracy z Trumpem. &quot;Drugi raz bym w to nie wchodzi\u0142&quot;\"\/><\/p>\n<p>Elon Musk o wsp\u00f3\u0142pracy z Trumpem. &#8222;Drugi raz bym w to nie wchodzi\u0142&#8221;<\/p>\n<p><\/a> <img role=\"presentation\" class=\"absolute left-1\/2 top-1\/2 max-h-[80%] max-w-[100px] -translate-x-1\/2 -translate-y-1\/2\" src=\"https:\/\/v.wpimg.pl\/ZXJfd3AudTkrBBIAbg54LGhcRlAxHQUrPgJGH2MAeGJoSQ1eIBI_K2UHAEVuBTY5KQMMXC0RPyoVERQdMgM9ejc\" loading=\"lazy\" decoding=\"async\"\/><\/p>\n<p>Fiasko spraw karnych przeciw oponentom <\/p>\n<p>Tego samego dnia Departament Sprawiedliwo\u015bci po raz drugi nie doprowadzi\u0142 do postawienia zarzut\u00f3w prokurator generalnej Nowego Jorku Letitii James. Po wcze\u015bniejszym oddaleniu przez s\u0119dziego, spraw\u0119 ponownie przedstawiono wielkiej \u0142awie przysi\u0119g\u0142ych w\u00a0Alexandrii w\u00a0stanie Wirginia. Efekt by\u0142 identyczny \u2013\u00a0brak aktu oskar\u017cenia. Prokuratorzy twierdzili, \u017ce James mia\u0142a zadeklarowa\u0107 dom w\u00a0Norfolk jako drugie miejsce zamieszkania, by uzyska\u0107 lepsze warunki kredytu, a\u00a0w\u00a0rzeczywisto\u015bci go wynajmowa\u0142a.<\/p>\n<p>CNN przypomina, \u017ce to nie jedyny niedawny niepowodzenie: odrzucono te\u017c zarzuty wobec by\u0142ego szefa FBI Jamesa Comeya, kt\u00f3rego Trump zwolni\u0142 w\u00a0trakcie swojej pierwszej kadencji. Jak przypomina TVN24 w\u00a0zwi\u0105zku z\u00a0prowadzonym przez niego \u015bledztwem w\u00a0sprawie rosyjskich powi\u0105za\u0144 ludzi prezydenta. W\u00a0ocenie autora, \u201eobraz, kt\u00f3ry si\u0119 z\u00a0tego wy\u0142ania, zdaje si\u0119 potwierdza\u0107, jak s\u0142abo skonstruowane s\u0105 oskar\u017cenia w\u00a0kampanii odwetowej Trumpa\u201d. Instytucje wymiaru sprawiedliwo\u015bci nie podda\u0142y si\u0119 politycznej presji.<\/p>\n<p> <a href=\"https:\/\/www.o2.pl\/informacje\/europa-trump-i-dzien-swistaka-wobec-trumpa-niemcy-komentuja-7231257628449728a\" class=\"teaser-inline\" rel=\"nofollow noopener\" target=\"_blank\">  <img decoding=\"async\" src=\"https:\/\/www.europesays.com\/pl\/wp-content\/uploads\/2025\/12\/ZDgyZTVidSUGGyxneRJ4MEVDeD0_S3ZmEltgdnlYaHxXAXUyPwU_NgIJNXoxGy80Bg4qeiYFdSUXEHUiZ0Y-LRQJNjUvRj8pBRw-.jpeg\" width=\"0\" height=\"0\" loading=\"lazy\" class=\"wp-media-image cropped\" alt=\"Europa, Trump i \u201eDzie\u0144 \u015bwistaka\u201d. Niemcy komentuj\u0105\"\/><\/p>\n<p>Europa, Trump i \u201eDzie\u0144 \u015bwistaka\u201d. Niemcy komentuj\u0105<\/p>\n<p><\/a> <img role=\"presentation\" class=\"absolute left-1\/2 top-1\/2 max-h-[80%] max-w-[100px] -translate-x-1\/2 -translate-y-1\/2\" src=\"https:\/\/v.wpimg.pl\/ZXJfd3AudTkrBBIAbg54LGhcRlAxHQUrPgJGH2MAeGJoSQ1eIBI_K2UHAEVuBTY5KQMMXC0RPyoVERQdMgM9ejc\" loading=\"lazy\" decoding=\"async\"\/><\/p>\n<p>Oskar\u017cenia wobec demokrat\u00f3w i\u00a0bunt w\u00a0Izbie <\/p>\n<p>Kolejne fiasko odnosi\u0142o si\u0119 do ataku na demokrat\u00f3w ostrzegaj\u0105cych \u017co\u0142nierzy przed potencjalnie nielegalnymi rozkazami administracji. Trump zarzuci\u0142 m.in. senatorowi Markowi Kelly\u2019emu pod\u017ceganie do buntu, a\u00a0nawet zdrad\u0119 stanu, apeluj\u0105c o\u00a0wymierzenie kary \u015bmierci. Po raporcie Marynarki Wojennej, przygotowanym na wniosek sekretarza obrony Pete\u2019a Hegsetha, szef komisji si\u0142 zbrojnych Senatu Roger Wicker sygnalizowa\u0142 w\u00a0CNN, \u017ce oskar\u017cenia s\u0105 bezpodstawne.<\/p>\n<p>Kolejn\u0105 pora\u017ck\u0119 Trump zaliczy\u0142 w\u00a0Izbie Reprezentant\u00f3w. Tam dosz\u0142o do otwartego sprzeciwu cz\u0119\u015bci republikan\u00f3w wobec dekretu prezydenta odbieraj\u0105cego ponad 1\u00a0mln federalnych pracownik\u00f3w prawa do negocjacji zbiorowych. CNN wskazuje, \u017ce rzadko zdarza si\u0119, \u017ceby republikanie g\u0142osowali przeciw temu, czego chce Trump.<\/p>\n<p> <a href=\"https:\/\/www.o2.pl\/informacje\/dlaczego-trump-ma-siniaki-na-rekach-rzeczniczka-tlumaczy-7231560213720000a\" class=\"teaser-inline\" rel=\"nofollow noopener\" target=\"_blank\">  <img decoding=\"async\" src=\"https:\/\/www.europesays.com\/pl\/wp-content\/uploads\/2025\/12\/OTE0NmQ2YDUkUjhefkltIGcKbAQ4EGN2MBJ0T34DfWx1SGELOF4qJiBAIUM2QDokJEc-QyFeYDU1WWEbYB0rPTZAIgwoHSo5J1Uq.jpeg\" width=\"0\" height=\"0\" loading=\"lazy\" class=\"wp-media-image cropped\" alt=\"Dlaczego Trump ma siniaki na r\u0119kach? Rzeczniczka t\u0142umaczy\"\/><\/p>\n<p>Dlaczego Trump ma siniaki na r\u0119kach? Rzeczniczka t\u0142umaczy<\/p>\n<p><\/a> <img role=\"presentation\" class=\"absolute left-1\/2 top-1\/2 max-h-[80%] max-w-[100px] -translate-x-1\/2 -translate-y-1\/2\" src=\"https:\/\/v.wpimg.pl\/ZXJfd3AudTkrBBIAbg54LGhcRlAxHQUrPgJGH2MAeGJoSQ1eIBI_K2UHAEVuBTY5KQMMXC0RPyoVERQdMgM9ejc\" loading=\"lazy\" decoding=\"async\"\/> <\/p>\n<blockquote><p>Analiza obrazuje now\u0105 tendencj\u0119 Trumpa, polegaj\u0105c\u0105 na tym, \u017ce po prostu rzuca czym\u015b o\u00a0\u015bcian\u0119 i\u00a0liczy na to, \u017ce si\u0119 przyklei. Ale to ju\u017c nie dzia\u0142a, zw\u0142aszcza \u017ce instytucje, a\u00a0nawet jego koledzy republikanie, znajduj\u0105 w\u00a0sobie si\u0142\u0119 woli i\u00a0odwag\u0119, by mu si\u0119 przeciwstawi\u0107 &#8211;\u00a0kwituje autor komentarza, cytowany przez TVN24.<\/p><\/blockquote>\n","protected":false},"excerpt":{"rendered":"Najwa\u017cniejsze informacje Republikanie w\u00a0Senacie Indiany odrzucili map\u0119 okr\u0119g\u00f3w forsowan\u0105 przez Trumpa. Wielka \u0142awa przysi\u0119g\u0142ych w\u00a0Wirginii nie postawi\u0142a zarzut\u00f3w&hellip;\n","protected":false},"author":2,"featured_media":151846,"comment_status":"","ping_status":"","sticky":false,"template":"","format":"standard","meta":{"footnotes":""},"categories":[14],"tags":[32,33,27,34,35,28,31,25,40,41,80,29,30,26,82,83,84],"class_list":{"0":"post-151845","1":"post","2":"type-post","3":"status-publish","4":"format-standard","5":"has-post-thumbnail","7":"category-swiat","8":"tag-breaking-news","9":"tag-breakingnews","10":"tag-headlines","11":"tag-latest-news","12":"tag-latestnews","13":"tag-naglowki","14":"tag-najwazniejsze-artykuly","15":"tag-news","16":"tag-polish","17":"tag-polski","18":"tag-swiat","19":"tag-top-stories","20":"tag-topstories","21":"tag-wiadomosci","22":"tag-world","23":"tag-world-news","24":"tag-worldnews"},"share_on_mastodon":{"url":"https:\/\/pubeurope.com\/@pl\/115723225660863005","error":""},"_links":{"self":[{"href":"https:\/\/www.europesays.com\/pl\/wp-json\/wp\/v2\/posts\/151845","targetHints":{"allow":["GET"]}}],"collection":[{"href":"https:\/\/www.europesays.com\/pl\/wp-json\/wp\/v2\/posts"}],"about":[{"href":"https:\/\/www.europesays.com\/pl\/wp-json\/wp\/v2\/types\/post"}],"author":[{"embeddable":true,"href":"https:\/\/www.europesays.com\/pl\/wp-json\/wp\/v2\/users\/2"}],"replies":[{"embeddable":true,"href":"https:\/\/www.europesays.com\/pl\/wp-json\/wp\/v2\/comments?post=151845"}],"version-history":[{"count":0,"href":"https:\/\/www.europesays.com\/pl\/wp-json\/wp\/v2\/posts\/151845\/revisions"}],"wp:featuredmedia":[{"embeddable":true,"href":"https:\/\/www.europesays.com\/pl\/wp-json\/wp\/v2\/media\/151846"}],"wp:attachment":[{"href":"https:\/\/www.europesays.com\/pl\/wp-json\/wp\/v2\/media?parent=151845"}],"wp:term":[{"taxonomy":"category","embeddable":true,"href":"https:\/\/www.europesays.com\/pl\/wp-json\/wp\/v2\/categories?post=151845"},{"taxonomy":"post_tag","embeddable":true,"href":"https:\/\/www.europesays.com\/pl\/wp-json\/wp\/v2\/tags?post=151845"}],"curies":[{"name":"wp","href":"https:\/\/api.w.org\/{rel}","templated":true}]}}