{"id":151847,"date":"2025-12-15T10:57:12","date_gmt":"2025-12-15T10:57:12","guid":{"rendered":"https:\/\/www.europesays.com\/pl\/151847\/"},"modified":"2025-12-15T10:57:12","modified_gmt":"2025-12-15T10:57:12","slug":"szczecin-tysiace-lokali-bez-ubikacji-jak-sie-zyje-w-mieszkaniu-bez-wc","status":"publish","type":"post","link":"https:\/\/www.europesays.com\/pl\/151847\/","title":{"rendered":"Szczecin. Tysi\u0105ce lokali bez ubikacji. Jak si\u0119 \u017cyje w mieszkaniu bez WC?"},"content":{"rendered":"<p class=\"typography ids-typeset-body ids-typeset-body--preset-large link paragraph ids-paragraph ids-paragraph--default\">To, \u017ce w Szczecinie &#8211; szczeg\u00f3lnie w jego p\u00f3\u0142nocnej, postindustrialnej cz\u0119\u015bci &#8211; wiele mieszka\u0144 wci\u0105\u017c nie ma toalety, wiadomo od dawna, ale szczeg\u00f3\u0142ow\u0105 skal\u0119 problemu w\u0142adze miasta ujawni\u0142y, przygotowuj\u0105c Wieloletni Program Gospodarowania Zasobem Mieszkaniowym Gminy.<\/p>\n<p class=\"typography ids-typeset-body ids-typeset-body--preset-large link paragraph ids-paragraph ids-paragraph--default\">&#8211; Lokali bez toalet jest oko\u0142o 2,5 tysi\u0105ca, z czego 143 maj\u0105 toalet\u0119 poza budynkiem &#8211; wylicza Sylwia Cyza-S\u0142omska z Urz\u0119du Miasta w Szczecinie. Lokatorzy wspominanych 143 mieszka\u0144 musz\u0105 wychodzi\u0107\u00a0do dobudowanych obok kamienic magazyn\u00f3w, w kt\u00f3rych jest WC. Pozosta\u0142a, wi\u0119ksza cz\u0119\u015b\u0107, ma do dyspozycji toalety w cz\u0119\u015bci wsp\u00f3lnej, najcz\u0119\u015bciej na korytarzu lub w piwnicy.<\/p>\n<p>Tak wygl\u0105da WC w piwnicy. Dwie pary drzwi, \u015bmieci i odpadaj\u0105cy tynk<\/p>\n<p class=\"typography ids-typeset-body ids-typeset-body--preset-large link paragraph ids-paragraph ids-paragraph--default\">Jedn\u0105 z kamienic ze wsp\u00f3lnot\u0105 toalet\u0105 jest ta poniemiecka, przy ulicy \u015awiatowida na szczeci\u0144skim Goc\u0142awiu. &#8211; Mieszkam tu od 30 lat i zawsze tak by\u0142o, a kiedy\u015b to nawet gorzej\u00a0&#8211; m\u00f3wi Interii pan Krzysztof.<\/p>\n<p class=\"typography ids-typeset-body ids-typeset-body--preset-large link paragraph ids-paragraph ids-paragraph--default\">Opowiada, \u017ce on w ko\u0144cu zamontowa\u0142 w swoim lokalu WC i \u017ce podobnie zrobili niekt\u00f3rzy s\u0105siedzi, ale cz\u0119\u015b\u0107 wci\u0105\u017c korzysta z toalety w piwnicy. Wej\u015bcie jest od strony podw\u00f3rka. Trzeba otworzy\u0107 stalowe drzwi, za nimi s\u0105 kolejne &#8211; drewniane, zabezpieczone k\u0142\u00f3dk\u0105. Obok walaj\u0105 si\u0119 \u015bmieci i tynk kt\u00f3ry ju\u017c dawno odpad\u0142 ze \u015bcian.<\/p>\n<p class=\"typography ids-typeset-body ids-typeset-body--preset-large link paragraph ids-paragraph ids-paragraph--default\">&#8211; Kiedy\u015b to si\u0119 kolejki ustawia\u0142y, jak u Kiepskich. Dzisiaj ju\u017c tak nie jest, bo ze wsp\u00f3lnej toalety korzysta tylko cz\u0119\u015b\u0107 os\u00f3b, wielu mieszka\u0144c\u00f3w ma u siebie &#8211; opisuje pan Krzysztof. Jego s\u0105siad, Tomasz, odpowiada na pytanie, jak si\u0119 mieszka bez toalety. &#8211; Masakra. Najgorzej jest rano, jak si\u0119 zachce do toalety i trzeba zbiega\u0107 z drugiego pi\u0119tra do piwnicy. Zim\u0105 jest najtrudniej\u00a0&#8211; relacjonuje.<\/p>\n<p>Osiedlowa radna grzmi: &#8222;Mieszka\u0144cy drugiej kategorii&#8221;<\/p>\n<p class=\"typography ids-typeset-body ids-typeset-body--preset-large link paragraph ids-paragraph ids-paragraph--default\">Marta Sadowska mieszka w okolicy, jest radn\u0105 osiedla Gol\u0119cino-Goc\u0142aw. Problem braku toalet w mieszkaniach komunalnych nazywa &#8222;pok\u0142osiem wielu lat zapomnienia\u00a0o tej cz\u0119\u015bci Szczecina&#8221;.<\/p>\n<p class=\"typography ids-typeset-body ids-typeset-body--preset-large link paragraph ids-paragraph ids-paragraph--default\">&#8211; Z jednej strony mieszka\u0144cy troch\u0119 si\u0119 przyzwyczaili do tego, \u017ce s\u0105 szczecinianinami drugiej kategorii, ale z drugiej strony czuj\u0105 si\u0119 rozczarowani w\u0142adz\u0105, kt\u00f3ra albo nie potrafi sobie poradzi\u0107 albo nie chce &#8211; opisuje w rozmowie z Interi\u0105 Sadowska.<\/p>\n<p><img decoding=\"async\" class=\"ids-image-holder__img\" loading=\"lazy\" alt=\"Zniszczona ceglana \u015bciana starego budynku z widocznymi \u015bladami \u0142uszcz\u0105cego si\u0119 tynku. Dwa wej\u015bcia do piwnicy, jedno z metalowymi, zardzewia\u0142ymi drzwiami, drugie z drewnianymi, wyblak\u0142ymi drzwiami. Otoczenie poro\u015bni\u0119te traw\u0105 i chwastami.\" title=\"Wej\u015bcie do wsp\u00f3lnej toalety w szczeci\u0144skiej kamienicy\" width=\"4284\" height=\"5712\" src=\"https:\/\/www.europesays.com\/pl\/wp-content\/uploads\/2025\/12\/000M2R4QTRDIK9LA-C125-F4.webp.webp\"\/><\/p>\n<p>Wej\u015bcie do wsp\u00f3lnej toalety w szczeci\u0144skiej kamienicyTobiasz MadejskiINTERIA.PL<\/p>\n<p class=\"typography ids-typeset-body ids-typeset-body--preset-large link paragraph ids-paragraph ids-paragraph--default\">Jej zdaniem brak toalety w lokalu jest &#8222;ur\u0105gaj\u0105cy&#8221;. &#8211; Wyobra\u017amy sobie rodzin\u0119, kt\u00f3ra ma nastoletnie, dorastaj\u0105ce dzieci i one musz\u0105 schodzi\u0107 na parter, \u017ceby za\u0142atwi\u0107 potrzeby fizjologiczne &#8211; m\u00f3wi.<\/p>\n<p>Miasto zapowiada zmiany. 300 mieszka\u0144 bez WC do remontu rocznie<\/p>\n<p class=\"typography ids-typeset-body ids-typeset-body--preset-large link paragraph ids-paragraph ids-paragraph--default\">Miasto w\u0142a\u015bnie przedstawi\u0142o plan zmian\u00a0w mieszkaniach komunalnych bez toalet. To cz\u0119\u015b\u0107 Wieloletniego Programu Gospodarowania Zasobem Mieszkaniowym Gminy. &#8211; Zak\u0142ada remont oko\u0142o trzystu lokali rocznie. Do ko\u0144ca 2030 roku mieszka\u0144, kt\u00f3re mia\u0142yby toalet\u0119 poza budynkiem nie b\u0119dzie. Zostanie oko\u0142o 955 lokali czekaj\u0105cych na remont &#8211; wylicza Cyza-S\u0142omska z Urz\u0119du Miasta.<\/p>\n<p class=\"typography ids-typeset-body ids-typeset-body--preset-large link paragraph ids-paragraph ids-paragraph--default\">Pana Zbigniewa spotykam, gdy pali papierosa w oknie na parterze kamienicy na Goc\u0142awiu. Mieszka w budynku z lokalami komunalnymi, w kt\u00f3rych nie ma WC. Na pytanie, czy podoba mu si\u0119 plan urz\u0119dnik\u00f3w odpowiada w\u0105tpliwo\u015bciami. &#8211; W 2030? Pr\u0119dzej to ta kamienica si\u0119 zawali.<\/p>\n<p class=\"typography ids-typeset-body ids-typeset-body--preset-large link paragraph ids-paragraph ids-paragraph--default\">&#8211; Albo b\u0119dzie tu droga &#8211; dopowiada Marta Sadowska. &#8211; Wskazuj\u0105 na to plany, kt\u00f3re niedawno zosta\u0142y wys\u0142ane do rady osiedla. Miejsce, w kt\u00f3rym jest kamienica z mieszkaniami komunalnymi zmienia swoje przeznaczenie na komunikacyjne, co oznacza, \u017ce w tym miejscu b\u0119dzie szeroka droga &#8211; m\u00f3wi osiedlowa radna.<\/p>\n<p class=\"typography ids-typeset-body ids-typeset-body--preset-large link paragraph ids-paragraph ids-paragraph--default\">Lokalne media wyliczy\u0142y, \u017ce tempo montowania toalet w mieszkaniach komunalnych i tak w ostatnim czasie przyspieszy\u0142o. Wed\u0142ug szacunk\u00f3w G\u0142osu Szczeci\u0144skiego w 2017 roku toalety nie mia\u0142o ponad 4700 mieszka\u0144 komunalnych, a w 2020 roku prawie 4000. Wtedy w\u0142adze stolicy Pomorza Zachodniego szacowa\u0142y, \u017ce po kolejnych pi\u0119ciu latach bez toalety b\u0119dzie niespe\u0142na 3000 mieszka\u0144. Uda\u0142o si\u0119 zej\u015b\u0107 do oko\u0142o 2500.<\/p>\n<p>Mieszka\u0144cy chc\u0105 \u017cy\u0107 bez WC? Zaskakuj\u0105ce powody braku remont\u00f3w<\/p>\n<p class=\"typography ids-typeset-body ids-typeset-body--preset-large link paragraph ids-paragraph ids-paragraph--default\">&#8211; Decyduj\u0105 mo\u017cliwo\u015bci finansowe i organizacyjne. Staramy si\u0119, aby z roku na rok zwi\u0119ksza\u0142a si\u0119 liczba lokali doposa\u017conych w toalety w obr\u0119bie mieszka\u0144 i przede wszystkim, aby likwidowane by\u0142y toalety poza budynkami &#8211; m\u00f3wi Sylwia Cyza-S\u0142omska.<\/p>\n<p class=\"typography ids-typeset-body ids-typeset-body--preset-large link paragraph ids-paragraph ids-paragraph--default\">Urz\u0119dnicy relacjonuj\u0105, \u017ce cz\u0119\u015b\u0107 mieszka\u0144c\u00f3w od lat korzystaj\u0105cych z lokali komunalnych szuka sposob\u00f3w na wyprzedzenie ruchu w\u0142adz Szczecina i monta\u017c toalety.<\/p>\n<p class=\"typography ids-typeset-body ids-typeset-body--preset-large link paragraph ids-paragraph ids-paragraph--default\">&#8211; Przez ostatnie lata wypracowali\u015bmy takie narz\u0119dzia, \u017ce naprawd\u0119 ka\u017cdy zainteresowany jest w stanie z tego problemu wyj\u015b\u0107\u00a0&#8211; m\u00f3wi\u0142a wiceprezydent Szczecina, Anna Szotkowska na posiedzeniu Komisji ds. Budownictwa i Mieszkalnictwa Rady Miasta.<\/p>\n<p class=\"typography ids-typeset-body ids-typeset-body--preset-large link paragraph ids-paragraph ids-paragraph--default\">Urz\u0119dnicy wskazuj\u0105 m.in. na miejski Program Ma\u0142ych Ulepsze\u0144, w ramach kt\u00f3rego to samorz\u0105d pokrywa 95 proc. kwoty za wykonanie WC. Ale wraz z takim monta\u017cem ro\u015bnie czynsz, a nie wszyscy lokatorzy miejskich mieszka\u0144 chc\u0105 si\u0119 na to zgodzi\u0107.<\/p>\n<p class=\"typography ids-typeset-body ids-typeset-body--preset-large link paragraph ids-paragraph ids-paragraph--default\">W\u015br\u00f3d przeszk\u00f3d w montowaniu toalet wiceprezydent Szczecina wskazywa\u0142a tak\u017ce mieszka\u0144c\u00f3w, kt\u00f3rzy nie chcieli wpu\u015bci\u0107 wykonawc\u00f3w prac do \u015brodka oraz k\u0142opoty z uzyskaniem zgody wsp\u00f3lnoty mieszkaniowej. To dotyczy budynk\u00f3w, kt\u00f3re nie nale\u017c\u0105 w stu procentach do gminy.<\/p>\n<p class=\"typography ids-typeset-body ids-typeset-body--preset-large link paragraph ids-paragraph ids-paragraph--default\">&#8211; Jest grupa mieszka\u0144, do kt\u00f3rych dost\u0119pu nie mamy lub mamy odmow\u0119 wst\u0119pu &#8211; m\u00f3wi\u0142a wiceprezydent Szotkowska.<\/p>\n<p class=\"typography ids-typeset-body ids-typeset-body--preset-large link paragraph ids-paragraph ids-paragraph--default\">Problem braku toalet dotyczy nie tylko Szczecina. Wed\u0142ug raportu G\u0142\u00f3wnego Urz\u0119du Statystycznego na koniec 2024 roku w Polsce by\u0142o prawie 16 milion\u00f3w mieszka\u0144. &#8211; W ust\u0119p wyposa\u017conych by\u0142o 95,3 proc. &#8211; czytamy w raporcie. To oznacza, \u017ce WC nie by\u0142o w blisko 800 tysi\u0105cach lokali.<\/p>\n<p>&#8222;Wydarzenia&#8221;: Weto ustawy \u0142a\u0144cuchowej. Przed Sejmem pojawili si\u0119 protestuj\u0105cyPolsat News<\/p>\n<p><a class=\"ids-undecorated-link source ids-page-info--source__link\" href=\"https:\/\/www.interia.pl\" rel=\"nofollow noopener\" target=\"_blank\"><img decoding=\"async\" class=\"ids-image-holder__img\" loading=\"lazy\" alt=\"\" title=\"\" height=\"24px\" src=\"https:\/\/www.europesays.com\/pl\/wp-content\/uploads\/2025\/12\/1765749733_358_0009A60QQ5I2TYF7-C202-F4.webp.webp\"\/><\/a><\/p>\n<p>Masz sugestie, uwagi albo widzisz b\u0142\u0105d? Napisz do nas<\/p>\n","protected":false},"excerpt":{"rendered":"To, \u017ce w Szczecinie &#8211; szczeg\u00f3lnie w jego p\u00f3\u0142nocnej, postindustrialnej cz\u0119\u015bci &#8211; wiele mieszka\u0144 wci\u0105\u017c nie ma toalety,&hellip;\n","protected":false},"author":2,"featured_media":151848,"comment_status":"","ping_status":"","sticky":false,"template":"","format":"standard","meta":{"footnotes":""},"categories":[12],"tags":[32,33,36,37,27,34,35,28,31,25,42,38,40,39,41,29,30,26],"class_list":{"0":"post-151847","1":"post","2":"type-post","3":"status-publish","4":"format-standard","5":"has-post-thumbnail","7":"category-polska","8":"tag-breaking-news","9":"tag-breakingnews","10":"tag-featured-news","11":"tag-featurednews","12":"tag-headlines","13":"tag-latest-news","14":"tag-latestnews","15":"tag-naglowki","16":"tag-najwazniejsze-artykuly","17":"tag-news","18":"tag-pl","19":"tag-poland","20":"tag-polish","21":"tag-polska","22":"tag-polski","23":"tag-top-stories","24":"tag-topstories","25":"tag-wiadomosci"},"share_on_mastodon":{"url":"https:\/\/pubeurope.com\/@pl\/115723229206528199","error":""},"_links":{"self":[{"href":"https:\/\/www.europesays.com\/pl\/wp-json\/wp\/v2\/posts\/151847","targetHints":{"allow":["GET"]}}],"collection":[{"href":"https:\/\/www.europesays.com\/pl\/wp-json\/wp\/v2\/posts"}],"about":[{"href":"https:\/\/www.europesays.com\/pl\/wp-json\/wp\/v2\/types\/post"}],"author":[{"embeddable":true,"href":"https:\/\/www.europesays.com\/pl\/wp-json\/wp\/v2\/users\/2"}],"replies":[{"embeddable":true,"href":"https:\/\/www.europesays.com\/pl\/wp-json\/wp\/v2\/comments?post=151847"}],"version-history":[{"count":0,"href":"https:\/\/www.europesays.com\/pl\/wp-json\/wp\/v2\/posts\/151847\/revisions"}],"wp:featuredmedia":[{"embeddable":true,"href":"https:\/\/www.europesays.com\/pl\/wp-json\/wp\/v2\/media\/151848"}],"wp:attachment":[{"href":"https:\/\/www.europesays.com\/pl\/wp-json\/wp\/v2\/media?parent=151847"}],"wp:term":[{"taxonomy":"category","embeddable":true,"href":"https:\/\/www.europesays.com\/pl\/wp-json\/wp\/v2\/categories?post=151847"},{"taxonomy":"post_tag","embeddable":true,"href":"https:\/\/www.europesays.com\/pl\/wp-json\/wp\/v2\/tags?post=151847"}],"curies":[{"name":"wp","href":"https:\/\/api.w.org\/{rel}","templated":true}]}}