{"id":151855,"date":"2025-12-15T11:03:09","date_gmt":"2025-12-15T11:03:09","guid":{"rendered":"https:\/\/www.europesays.com\/pl\/151855\/"},"modified":"2025-12-15T11:03:09","modified_gmt":"2025-12-15T11:03:09","slug":"tunel-pod-granica-z-bialorusia-kolejni-migranci-zatrzymani","status":"publish","type":"post","link":"https:\/\/www.europesays.com\/pl\/151855\/","title":{"rendered":"Tunel pod granic\u0105 z Bia\u0142orusi\u0105. Kolejni migranci zatrzymani"},"content":{"rendered":"<p>Stra\u017cnicy graniczni zatrzymali dziewi\u0119ciu kolejnych migrant\u00f3w, kt\u00f3rzy w zesz\u0142ym tygodniu przedostali si\u0119 do Polski z Bia\u0142orusi kilkudziesi\u0119ciometrowej d\u0142ugo\u015bci tunelem pod granic\u0105 &#8211; informuje dziennikarz RMF FM Krzysztof Zasada. W sumie do naszego kraju wdar\u0142o si\u0119 tym podkopem 180 os\u00f3b. Od razu w r\u0119ce funkcjonariuszy wpad\u0142o ponad 130 os\u00f3b. <\/p>\n<p>                         &#13;<br \/>\n        &#13;<\/p>\n<p>                                        &#13;<br \/>\n                        &#13;<br \/>\n                            <img decoding=\"async\" src=\"https:\/\/www.europesays.com\/pl\/wp-content\/uploads\/2025\/12\/000M2RMU0JORU1IK-C123-F4.jpg\" title=\"Przedostali si\u0119 tunelem do Polski. Cztery podkopy na granicy\" alt=\"Tunelem do Polski przedosta\u0142o si\u0119 180 os\u00f3b \/Stra\u017c Graniczna\" class=\"img-responsive\"\/>&#13;<\/p>\n<p>                            &#13;<\/p>\n<p>      &#13;<br \/>\n                            Tunelem do Polski przedosta\u0142o si\u0119 180 os\u00f3b&#13;<br \/>\n                                    \/Stra\u017c Graniczna  &#13;\n                                    <\/p>\n<p>&#13;<\/p>\n<ul class=\"bullet\">\n<li>Stra\u017cnicy graniczni zatrzymali 9 kolejnych migrant\u00f3w, kt\u00f3rzy przedostali si\u0119 do Polski z Bia\u0142orusi tunelem pod granic\u0105.<\/li>\n<li>Ostatnia zatrzymana grupa to g\u0142\u00f3wnie obywatele Afganistanu.<\/li>\n<li>Wcze\u015bniej w\u015br\u00f3d zatrzymanych byli tak\u017ce obywatele Indii, Pakistanu, Bangladeszu i Nepalu.<\/li>\n<li>Na granicy polsko-bia\u0142oruskiej wykryto dot\u0105d \u0142\u0105cznie 4 tunele podkopowe.<\/li>\n<li>Chcesz by\u0107 na bie\u017c\u0105co? Odwied\u017a stron\u0119 g\u0142\u00f3wn\u0105\u00a0<a href=\"https:\/\/www.rmf24.pl\/\" target=\"_blank\" rel=\"noreferrer noopener nofollow\">RMF24.pl<\/a>.<\/li>\n<\/ul>\n<p>Zatrzymana dziewi\u0105tka to g\u0142\u00f3wnie Afga\u0144czycy. Wcze\u015bniej uda\u0142o si\u0119 schwyta\u0107 tak\u017ce obywateli Indii, Pakistanu, Bangladeszu czy Nepalu.\u00a0<\/p>\n<p>Wiadomo, \u017ce ich przerzut organizowa\u0142a grupa afga\u0144sko-pakista\u0144ska. Ci ludzie &#8211; jak wynika z ustale\u0144 polskich s\u0142u\u017cb &#8211; wsp\u00f3\u0142pracuj\u0105 z bia\u0142oruskimi pogranicznikami i dzia\u0142aj\u0105 w strefie przygranicznej od d\u0142u\u017cszego czasu.<\/p>\n<p>Na granicy Polski i Bia\u0142orusi wykryto dot\u0105d cztery podkopy.\u00a0<\/p>\n<p>Stra\u017c graniczna przekonuje, \u017ce obecnie funkcjonuj\u0105ca bariera elektroniczna jest wystarczaj\u0105ca. Dojdzie jednak zapewne do przemodelowania cz\u0119\u015bci systemu informatycznego i wprowadzenia nowych danych o mo\u017cliwych przekroczeniach, by szybciej dochodzi\u0142o do ich wykrycia.\u00a0<\/p>\n<p>Dodatkowo wiadomo, \u017ce czujniki sejsmiczne nie wykry\u0142y kopania tuneli, bo po polskiej stronie trwa\u0142y prace budowlane na drodze technicznej z u\u017cyciem ci\u0119\u017ckiego sprz\u0119tu. Teraz te prace s\u0105 na uko\u0144czeniu.<\/p>\n<p>Po pierwsze trzeba powiedzie\u0107, \u017ce kopanie tych tuneli oznacza, \u017ce nasza skuteczno\u015b\u0107 w powstrzymywaniu migracji, w tych metodach, kt\u00f3re do tej pory by\u0142y stosowane, jest tak du\u017ca, \u017ce zdecydowano si\u0119 na \u015bci\u0105gni\u0119cie &#8211; tak wynika z naszych ustale\u0144, przepytywania tych, kt\u00f3rzy pr\u00f3bowali si\u0119 przedosta\u0107 na polsk\u0105 stron\u0119 &#8211; \u017ce \u015bci\u0105gni\u0119to tam fachowc\u00f3w do ich kopania (&#8230;) z Bliskiego Wschodu &#8211; m\u00f3wi\u0142 w Rozmowie o 7:00 w Radiu RMF24 Czes\u0142aw Mroczek, wiceminister spraw wewn\u0119trznych i administracji.\u00a0<\/p>\n<p>Piotr Salak dopytywa\u0142, czy mog\u0142y by\u0107 to osoby, kt\u00f3re kopa\u0142y tunele w Syrii i w Strefie Gazy.\u00a0Mamy w\u015br\u00f3d migrant\u00f3w obywateli Syrii. Najkr\u00f3cej m\u00f3wi\u0105c,\u00a0mamy tam ludzi, kt\u00f3rzy maj\u0105 do\u015bwiadczenie w zakresie takich dzia\u0142a\u0144 i w zwi\u0105zku z tym, \u017ce dotychczasowe metody si\u0119 nie powiod\u0142y, pr\u00f3buj\u0105 tunelami si\u0119 przedostawa\u0107.\u00a0Jeste\u015bmy przygotowani na to. Trzeba jednak wyra\u017anie zaznaczy\u0107, \u017ce w ci\u0105gu ju\u017c ponad p\u00f3\u0142 miesi\u0105ca w zasadzie nie odnotowujemy \u017cadnych pr\u00f3b przekroczenia granicy\u00a0&#8211; m\u00f3wi\u0142 Mroczek.<\/p>\n<p>Ten tunel nie jest w spos\u00f3b oczywisty przygotowywany jednego dnia, wi\u0119c \u017ceby\u015bmy w spos\u00f3b w\u0142a\u015bciwy mogli przeciwdzia\u0142a\u0107 temu nowemu sposobowi, to musimy wcze\u015bniej wykrywa\u0107 te tunele\u00a0&#8211; m\u00f3wi\u0142 go\u015b\u0107 Piotra Salaka.<\/p>\n<p>Jak doda\u0142, &#8222;przestawiamy ca\u0142y ten system na to, \u017ceby wyczuwa\u0142 dzia\u0142ania pod ziemi\u0105 (&#8230;) Gdyby\u015bmy nie dokonali takiego ustawienia systemu r\u00f3wnie\u017c poprzez analiz\u0119 sztucznej inteligencji, \u017ceby odrzuca\u0142 nam niekt\u00f3re pobudzenia systemu, to ten system by\u0142by nie do opanowania. W zwi\u0105zku z tym, w tej chwili, musimy tak skalibrowa\u0107 ten system, \u017ceby\u015bmy wykrywali ka\u017cde dzia\u0142ania&#8221;.<\/p>\n","protected":false},"excerpt":{"rendered":"Stra\u017cnicy graniczni zatrzymali dziewi\u0119ciu kolejnych migrant\u00f3w, kt\u00f3rzy w zesz\u0142ym tygodniu przedostali si\u0119 do Polski z Bia\u0142orusi kilkudziesi\u0119ciometrowej d\u0142ugo\u015bci&hellip;\n","protected":false},"author":2,"featured_media":151856,"comment_status":"","ping_status":"","sticky":false,"template":"","format":"standard","meta":{"footnotes":""},"categories":[14],"tags":[32,33,27,34,35,28,31,25,40,41,80,29,30,26,82,83,84],"class_list":{"0":"post-151855","1":"post","2":"type-post","3":"status-publish","4":"format-standard","5":"has-post-thumbnail","7":"category-swiat","8":"tag-breaking-news","9":"tag-breakingnews","10":"tag-headlines","11":"tag-latest-news","12":"tag-latestnews","13":"tag-naglowki","14":"tag-najwazniejsze-artykuly","15":"tag-news","16":"tag-polish","17":"tag-polski","18":"tag-swiat","19":"tag-top-stories","20":"tag-topstories","21":"tag-wiadomosci","22":"tag-world","23":"tag-world-news","24":"tag-worldnews"},"share_on_mastodon":{"url":"https:\/\/pubeurope.com\/@pl\/115723253104227710","error":""},"_links":{"self":[{"href":"https:\/\/www.europesays.com\/pl\/wp-json\/wp\/v2\/posts\/151855","targetHints":{"allow":["GET"]}}],"collection":[{"href":"https:\/\/www.europesays.com\/pl\/wp-json\/wp\/v2\/posts"}],"about":[{"href":"https:\/\/www.europesays.com\/pl\/wp-json\/wp\/v2\/types\/post"}],"author":[{"embeddable":true,"href":"https:\/\/www.europesays.com\/pl\/wp-json\/wp\/v2\/users\/2"}],"replies":[{"embeddable":true,"href":"https:\/\/www.europesays.com\/pl\/wp-json\/wp\/v2\/comments?post=151855"}],"version-history":[{"count":0,"href":"https:\/\/www.europesays.com\/pl\/wp-json\/wp\/v2\/posts\/151855\/revisions"}],"wp:featuredmedia":[{"embeddable":true,"href":"https:\/\/www.europesays.com\/pl\/wp-json\/wp\/v2\/media\/151856"}],"wp:attachment":[{"href":"https:\/\/www.europesays.com\/pl\/wp-json\/wp\/v2\/media?parent=151855"}],"wp:term":[{"taxonomy":"category","embeddable":true,"href":"https:\/\/www.europesays.com\/pl\/wp-json\/wp\/v2\/categories?post=151855"},{"taxonomy":"post_tag","embeddable":true,"href":"https:\/\/www.europesays.com\/pl\/wp-json\/wp\/v2\/tags?post=151855"}],"curies":[{"name":"wp","href":"https:\/\/api.w.org\/{rel}","templated":true}]}}