{"id":151868,"date":"2025-12-15T11:13:08","date_gmt":"2025-12-15T11:13:08","guid":{"rendered":"https:\/\/www.europesays.com\/pl\/151868\/"},"modified":"2025-12-15T11:13:08","modified_gmt":"2025-12-15T11:13:08","slug":"ale-teoria-w-sprawie-roberta-lewandowskiego-oto-mozliwy-plan-barcelony-przeglad-sportowy-onet","status":"publish","type":"post","link":"https:\/\/www.europesays.com\/pl\/151868\/","title":{"rendered":"Ale teoria w sprawie Roberta Lewandowskiego. Oto mo\u017cliwy plan Barcelony &#8211; Przegl\u0105d Sportowy Onet"},"content":{"rendered":"<ol>\n<li><a href=\"https:\/\/news.google.com\/rss\/articles\/CBMiwAFBVV95cUxQSUZlOTFpTlJxSVUwYkdIQkhzQjRHYXI0cHNYNVkwbUtGZjNaRkcxdzFKNFctWENVOTJOZnUta0tRSDZ5dFBoTmI4X1BVblJBaVBPOGxTeVJrWmstNi04b0w0RFF4aHBuX0cteUlyMHpzUWh0RWFzNVc3cEpSVnBKRzBHT1RWTEEwU0lrNmVENFZ3NmhmcG5xVTFzN2NYR3RwZ3VBX29rdDhVV1FLOGtnczQyVmVMLUc0aDJzbjRsYVU?oc=5\" target=\"_blank\" rel=\"nofollow noopener\">Ale teoria w sprawie Roberta Lewandowskiego. Oto mo\u017cliwy plan Barcelony<\/a>&nbsp;&nbsp;Przegl\u0105d Sportowy Onet<\/li>\n<li><a href=\"https:\/\/news.google.com\/rss\/articles\/CBMitgFBVV95cUxPWXBSU3VndHNKak45OGpmLUoxM0NFQnAtRU1GTm5sUU84WS1lRjc2QXJhOFVPNExsS09ES08wSTFDaWZsU2gtUFR0LXllbmJsLW9nOTdHcWpkdWt5YnpZT0FORlhlS2JkODVKamtIM0stb0pMd2pVV3ZYbFJtVXRLNGJSbDBKRnRYeVRVSXJKNS1wNGtBTWIxZDF4S05qdnhPMnp1cElwU3Z1UkUyTTNKTEIyUzBFQQ?oc=5\" target=\"_blank\" rel=\"nofollow noopener\">Media. \u015awietne wie\u015bci w sprawie Szcz\u0119snego. To b\u0119dzie koniec domys\u0142\u00f3w<\/a>&nbsp;&nbsp;SportoweFakty<\/li>\n<li><a href=\"https:\/\/news.google.com\/rss\/articles\/CBMiywFBVV95cUxPM3BqUDVkSUd6LVBkOWF1THBHS1lnT21kam5HNGJwMlB3eTZCSWFQYUp6NkNIdmRScWIxTUdXOXFxN0psRDNDQTB6Uy1RTGk5YTNoVUl5SnlJSGx4T3BLOUdnZ2drTERBU2RhUzl5Yk9ZNDZOSnllRXpRdmtBdksxRFlrSVBTYjV4Z2RFb3pSRURnZDU4R2FtQ3VKMWxaU0M1V2NDNnAySGxzZ1FjdGxOcjlJVWZPVm13SHBWYjhnejFYeUo5RWd5QmlaWQ?oc=5\" target=\"_blank\" rel=\"nofollow noopener\">Mia\u0142 by\u0107 wielki powr\u00f3t Wojciecha Szcz\u0119snego do bramki. Pojawi\u0142 si\u0119 jednak problem<\/a>&nbsp;&nbsp;Przegl\u0105d Sportowy Onet<\/li>\n<li><a href=\"https:\/\/news.google.com\/rss\/articles\/CBMiqwFBVV95cUxOTjJTandFVHdSV1prQk5IWW9YRUhYQm90bmowMlpJcW5jenVEMGhXalNVS1o0aFBwdGt6M2Q1VHM2TUxQekxnblNNelBXclNEVlc1ODBPeHQwWlFabGFIM19UQVNEZ1FMZ283RU9nc3lIZEI5VWM0OU1uWUVsZ3dZbE4wQ1owV1p0TTYyRk9WUXoxWnVsRGhhTXVMRGJiT3QxVFgtN1NGMFpUOFE?oc=5\" target=\"_blank\" rel=\"nofollow noopener\">Tego po Lewandowskim si\u0119 nie spodziewali. Tak zareagowa\u0142 na decyzj\u0119 Flicka<\/a>&nbsp;&nbsp;Sport.pl<\/li>\n<li><a href=\"https:\/\/news.google.com\/rss\/articles\/CBMilAJBVV95cUxOWG5lLWc5eTdxNUV3NDllalltMmU0X2JPcUVuVzdkOWRDNVlPMERRWjRSQTlvZXNqa1h1aUtQV2p6NXg0eF9Sc3E3V192RzFSVjhlOVhiS1NTYTZzNmVMaTVVbzhoQXN1UWZfb2dyblBtLTVSem96d3hiNnRYUDhmanI3bUhfVWQ4dnpaY1hlYTE4MGhkWVBRank2LVI3cUpVcElnS1g0N3VhMEl4TkZzV2tsaHVSMzdzaW9LWjlUOXRWNTVQSmt2bG4xb1JYVVd5WUU1RXB4TlkyZGIzQjJMUm9GYVFPX19HQk0zeUU3UHVpTFpsSDU4WXAyWVhPV2ppUmN0cXpCRjI0VThjV2FleTVGMGU?oc=5\" target=\"_blank\" rel=\"nofollow noopener\">Najnowsze informacje o zdrowiu Lewandowskiego i Szcz\u0119snego<\/a>&nbsp;&nbsp;Eurosport Polska<\/li>\n<\/ol>\n","protected":false},"excerpt":{"rendered":"Ale teoria w sprawie Roberta Lewandowskiego. Oto mo\u017cliwy plan Barcelony&nbsp;&nbsp;Przegl\u0105d Sportowy Onet Media. \u015awietne wie\u015bci w sprawie Szcz\u0119snego.&hellip;\n","protected":false},"author":2,"featured_media":151869,"comment_status":"","ping_status":"","sticky":false,"template":"","format":"standard","meta":{"footnotes":""},"categories":[24],"tags":[2211,2207,303,7443,67,11901,2210,194,42,38,40,39,41,128,300,47,127,135,126,130],"class_list":{"0":"post-151868","1":"post","2":"type-post","3":"status-publish","4":"format-standard","5":"has-post-thumbnail","7":"category-sport","8":"tag-_skom_","9":"tag-bukmacherzy","10":"tag-fc_barcelona","11":"tag-ferran_torres","12":"tag-intextvideo_splayer","13":"tag-jan_tomaszewski","14":"tag-legalni_bukmacherzy","15":"tag-maja","16":"tag-pl","17":"tag-poland","18":"tag-polish","19":"tag-polska","20":"tag-polski","21":"tag-psv2","22":"tag-robert_lewandowski","23":"tag-screening_general","24":"tag-sport","25":"tag-sport_sport","26":"tag-sports","27":"tag-wiadomosci_sportowe"},"share_on_mastodon":{"url":"https:\/\/pubeurope.com\/@pl\/115723293434034168","error":""},"_links":{"self":[{"href":"https:\/\/www.europesays.com\/pl\/wp-json\/wp\/v2\/posts\/151868","targetHints":{"allow":["GET"]}}],"collection":[{"href":"https:\/\/www.europesays.com\/pl\/wp-json\/wp\/v2\/posts"}],"about":[{"href":"https:\/\/www.europesays.com\/pl\/wp-json\/wp\/v2\/types\/post"}],"author":[{"embeddable":true,"href":"https:\/\/www.europesays.com\/pl\/wp-json\/wp\/v2\/users\/2"}],"replies":[{"embeddable":true,"href":"https:\/\/www.europesays.com\/pl\/wp-json\/wp\/v2\/comments?post=151868"}],"version-history":[{"count":0,"href":"https:\/\/www.europesays.com\/pl\/wp-json\/wp\/v2\/posts\/151868\/revisions"}],"wp:featuredmedia":[{"embeddable":true,"href":"https:\/\/www.europesays.com\/pl\/wp-json\/wp\/v2\/media\/151869"}],"wp:attachment":[{"href":"https:\/\/www.europesays.com\/pl\/wp-json\/wp\/v2\/media?parent=151868"}],"wp:term":[{"taxonomy":"category","embeddable":true,"href":"https:\/\/www.europesays.com\/pl\/wp-json\/wp\/v2\/categories?post=151868"},{"taxonomy":"post_tag","embeddable":true,"href":"https:\/\/www.europesays.com\/pl\/wp-json\/wp\/v2\/tags?post=151868"}],"curies":[{"name":"wp","href":"https:\/\/api.w.org\/{rel}","templated":true}]}}