{"id":151880,"date":"2025-12-15T11:19:11","date_gmt":"2025-12-15T11:19:11","guid":{"rendered":"https:\/\/www.europesays.com\/pl\/151880\/"},"modified":"2025-12-15T11:19:11","modified_gmt":"2025-12-15T11:19:11","slug":"takich-pieniedzy-michalczewski-zazadal-za-udzial-w-tancu-z-gwiazdami-powiedzial-otwarcie","status":"publish","type":"post","link":"https:\/\/www.europesays.com\/pl\/151880\/","title":{"rendered":"Takich pieni\u0119dzy Michalczewski za\u017c\u0105da\u0142 za udzia\u0142 w &#8222;Ta\u0144cu z gwiazdami&#8221;. Powiedzia\u0142 otwarcie"},"content":{"rendered":"<p>Dariusz Michalczewski jasno o pieni\u0105dzach <\/p>\n<p class=\"Paragraph_desktopParagraph__Fd2e9\">&#8222;Tak \u015brednio ba\u0144k\u0119, ba\u0144k\u0119 euro za walk\u0119 mia\u0142em [&#8230;] Mia\u0142em dobre czasy&#8221; \u2014 nie kry\u0142 Dariusz Michalczewski w rozmowie z &#8222;Kana\u0142em Zero&#8221;. Polak najpierw zarabia\u0142 w markach, p\u00f3\u017aniej euro. W &#8222;Biznes Misji&#8221; zaznaczy\u0142 jasno, \u017ce jako zawodowiec zarobi\u0142 ok. 50 mln euro, czyli ok. 200 mln z\u0142. Zdradzi\u0142 te\u017c, \u017ce dobre \u017cycie na emeryturze zapewni\u0142a mu jednak marka &#8222;Tiger&#8221;, kt\u00f3ra wci\u0105\u017c \u015bwietnie prosperuje.<\/p>\n<p class=\"VideoPlayerText_videoPlayerText__zrtJk\">Dalszy ci\u0105g materia\u0142u pod wideo<\/p>\n<p>Michalczewski o freak fightach <\/p>\n<p class=\"Paragraph_desktopParagraph__Fd2e9\">Michalczewski w &#8222;Kanale Zero&#8221; przyzna\u0142 otwarcie, \u017ce nie proponowano mu nigdy udzia\u0142u we freak fightach, prowadz\u0105cy program dziennikarze stwierdzili, \u017ce sta\u0142o si\u0119 tak dlatego, \u017ce 57-latek m\u00f3g\u0142by za\u017c\u0105da\u0107 za du\u017cej ga\u017cy.<\/p>\n<p class=\"Paragraph_desktopParagraph__Fd2e9\">On sam jednak twierdzi, \u017ce &#8222;nie ma takiej sumy, kt\u00f3ra skusi\u0142aby go&#8221; do wej\u015bcia do klatki. Jasno zaznaczy\u0142 te\u017c, \u017ce w ringu ju\u017c go nie zobaczymy. &#8222;Ja jestem starszy pan, mam prawie 60 lat. Nie, ju\u017c nie dzi\u015b, ten poci\u0105g odjecha\u0142&#8221; \u2014 nie kry\u0142 emerytowany pi\u0119\u015bciarz.<\/p>\n<p>Takiej kasy Michalczewski za\u017c\u0105da\u0142 za udzia\u0142 w &#8222;Ta\u0144cu z gwiazdami&#8221;<\/p>\n<p class=\"Paragraph_desktopParagraph__Fd2e9\">Dariusz Michalczewski otwarcie przyzna\u0142 te\u017c, \u017ce od czasu do czasu odzywaj\u0105 si\u0119 do niego ludzi, proponuj\u0105c mu udzia\u0142 w show biznesowych wydarzeniach, on wybiera jednak jeden temat na 100 zaproponowanych, a i tak uwa\u017ca, \u017ce to za du\u017co. Nie kryje, \u017ce nie raz proponowano mu udzia\u0142 w &#8222;Ta\u0144cu z gwiazdami&#8221;, ale \u017cartowa\u0142, \u017ce chcia\u0142 gwarancji zwyci\u0119stwa i ga\u017c\u0119 w wysoko\u015bci miliona z\u0142, st\u0105d te\u017c w show nie wyst\u0105pi\u0142. &#8222;Milion z\u0142otych chcia\u0142em, tylko&#8221; \u2014 wyzna\u0142 &#8222;Tiger&#8221;.<\/p>\n<p class=\"Paragraph_desktopParagraph__Fd2e9\">Michalczewski w &#8222;Kanale Zero&#8221; zaznaczy\u0142 te\u017c, \u017ce on robi du\u017co, ale rzeczy, o kt\u00f3rych nikt nie chce z nim rozmawia\u0107. Dzia\u0142a charytatywnie, a media i spo\u0142ecze\u0144stwo to nie za bardzo interesuje.<\/p>\n<p class=\"Paragraph_desktopParagraph__Fd2e9\">&#8222;Najwi\u0119cej robi\u0119 rzeczy charytatywnych, o kt\u00f3rych nikt nie chce m\u00f3wi\u0107, bo jak idziesz na chirurgi\u0119 dzieci\u0119c\u0105, na onkologi\u0119 dzieci\u0119c\u0105 itd., to nikt nie chce o tym w og\u00f3le pisa\u0107, nie ma w tym sensacji. Ale robi\u0119 swoje i takie mam \u017cyczenie, \u017ceby tych termin\u00f3w byle jaki\u015b by\u0142o coraz mniej&#8221; \u2014 doda\u0142 emerytowany pi\u0119\u015bciarz we wspomnianym programie.<\/p>\n","protected":false},"excerpt":{"rendered":"Dariusz Michalczewski jasno o pieni\u0105dzach &#8222;Tak \u015brednio ba\u0144k\u0119, ba\u0144k\u0119 euro za walk\u0119 mia\u0142em [&#8230;] Mia\u0142em dobre czasy&#8221; \u2014&hellip;\n","protected":false},"author":2,"featured_media":151881,"comment_status":"","ping_status":"","sticky":false,"template":"","format":"standard","meta":{"footnotes":""},"categories":[5],"tags":[2514,32,33,26818,36,37,27,67,34,35,28,31,25,129,42,38,40,39,41,136,28861,128,47,655,29,30,26,130],"class_list":{"0":"post-151880","1":"post","2":"type-post","3":"status-publish","4":"format-standard","5":"has-post-thumbnail","7":"category-naglowki","8":"tag-boks","9":"tag-breaking-news","10":"tag-breakingnews","11":"tag-dariusz_michalczewski","12":"tag-featured-news","13":"tag-featurednews","14":"tag-headlines","15":"tag-intextvideo_splayer","16":"tag-latest-news","17":"tag-latestnews","18":"tag-naglowki","19":"tag-najwazniejsze-artykuly","20":"tag-news","21":"tag-ofsajd","22":"tag-pl","23":"tag-poland","24":"tag-polish","25":"tag-polska","26":"tag-polski","27":"tag-ps_detal_new","28":"tag-ps_omp_tst0","29":"tag-psv2","30":"tag-screening_general","31":"tag-styl_zycia_lifestyle_","32":"tag-top-stories","33":"tag-topstories","34":"tag-wiadomosci","35":"tag-wiadomosci_sportowe"},"share_on_mastodon":{"url":"https:\/\/pubeurope.com\/@pl\/115723315763952994","error":""},"_links":{"self":[{"href":"https:\/\/www.europesays.com\/pl\/wp-json\/wp\/v2\/posts\/151880","targetHints":{"allow":["GET"]}}],"collection":[{"href":"https:\/\/www.europesays.com\/pl\/wp-json\/wp\/v2\/posts"}],"about":[{"href":"https:\/\/www.europesays.com\/pl\/wp-json\/wp\/v2\/types\/post"}],"author":[{"embeddable":true,"href":"https:\/\/www.europesays.com\/pl\/wp-json\/wp\/v2\/users\/2"}],"replies":[{"embeddable":true,"href":"https:\/\/www.europesays.com\/pl\/wp-json\/wp\/v2\/comments?post=151880"}],"version-history":[{"count":0,"href":"https:\/\/www.europesays.com\/pl\/wp-json\/wp\/v2\/posts\/151880\/revisions"}],"wp:featuredmedia":[{"embeddable":true,"href":"https:\/\/www.europesays.com\/pl\/wp-json\/wp\/v2\/media\/151881"}],"wp:attachment":[{"href":"https:\/\/www.europesays.com\/pl\/wp-json\/wp\/v2\/media?parent=151880"}],"wp:term":[{"taxonomy":"category","embeddable":true,"href":"https:\/\/www.europesays.com\/pl\/wp-json\/wp\/v2\/categories?post=151880"},{"taxonomy":"post_tag","embeddable":true,"href":"https:\/\/www.europesays.com\/pl\/wp-json\/wp\/v2\/tags?post=151880"}],"curies":[{"name":"wp","href":"https:\/\/api.w.org\/{rel}","templated":true}]}}