{"id":151888,"date":"2025-12-15T11:23:14","date_gmt":"2025-12-15T11:23:14","guid":{"rendered":"https:\/\/www.europesays.com\/pl\/151888\/"},"modified":"2025-12-15T11:23:14","modified_gmt":"2025-12-15T11:23:14","slug":"co-miesiac-mozna-dostac-300-zlotych-doplaty-do-pradu-od-zus-te-pieniadze-naleza-sie-bez-wzgledu-na-dochody-o-tym-dodatku-wielu-polakow-nie-ma-pojecia-podpowiadamy-jak-to-zalatwic","status":"publish","type":"post","link":"https:\/\/www.europesays.com\/pl\/151888\/","title":{"rendered":"Co miesi\u0105c mo\u017cna dosta\u0107 300 z\u0142otych dop\u0142aty do pr\u0105du od ZUS. Te pieni\u0105dze nale\u017c\u0105 si\u0119 bez wzgl\u0119du na dochody. O tym dodatku wielu Polak\u00f3w nie ma poj\u0119cia. Podpowiadamy, jak to za\u0142atwi\u0107"},"content":{"rendered":"<p>Ceny energii w Polsce osi\u0105gaj\u0105 kosmiczny poziom. By\u0142o drogo, jest jeszcze dro\u017cej. Od lipca na nasze rachunki za energi\u0119 decyzj\u0105 rz\u0105du wr\u00f3ci\u0142a op\u0142ata mocowa. To grozi ruin\u0105 niejednemu rodzinnemu bud\u017cetowi. ZUS rzuca finansowe ko\u0142o ratunkowe, o kt\u00f3rym nie wszyscy wiedz\u0105. Co miesi\u0105c mo\u017cna dosta\u0107 ponad 300 z\u0142otych dodatku na op\u0142at\u0119 za energi\u0119 elektryczn\u0105 i to bez wzgl\u0119du na dochody. \u017beby pieni\u0105dze otrzyma\u0107 trzeba spe\u0142ni\u0107 okre\u015blone warunki.<\/p>\n<p>P\u0142aczemy i za pr\u0105d p\u0142acimy. By\u0142o drogo, a od stycznia jest jeszcze dro\u017cej, bo od lipca rokiem w rachunkach gospodarstw domowych ponownie pojawi\u0142a si\u0119 tak zwana op\u0142ata mocowa.<\/p>\n<p>Wysoko\u015b\u0107 op\u0142aty mocowej<\/p>\n<p>Jej wysoko\u015b\u0107 zale\u017cy od rocznego poziomu energii pobranej i ustalana jest przez Urz\u0105d Regulacji Energetyki \u2013 przypomina samorz\u0105dowy serwis. Gospodarstwa domowe, kt\u00f3re w ci\u0105gu roku wykorzystuj\u0105 do 500 kilowatogodzin, zap\u0142ac\u0105 miesi\u0119cznie 2,86 z\u0142. Te, kt\u00f3rych roczne zu\u017cycie mie\u015bci si\u0119 w przedziale od 500 do 1200 kilowatogodzin, b\u0119d\u0105 p\u0142aci\u0107 6,86 z\u0142 miesi\u0119cznie. W przypadku gospodarstw, kt\u00f3re pobieraj\u0105 od 1200 do 2800 kilowatogodzin rocznie, op\u0142ata wyniesie 11,14 z\u0142 miesi\u0119cznie, a dla tych, kt\u00f3rych roczne zu\u017cycie przekracza 2800 kilowatogodzin, stawka wynosi 16,01 z\u0142. Przeci\u0119tne polskie gospodarstwo pobiera rocznie od 2000 do 2500 kilowatogodzin, co oznacza, \u017ce wi\u0119kszo\u015b\u0107 odbiorc\u00f3w znajdzie si\u0119 w trzeciej grupie taryfowej, a w skali roku daje to oko\u0142o 130 z\u0142otych.<\/p>\n<p>Rycza\u0142t energetyczny. To spos\u00f3b na obni\u017cenie rachunk\u00f3w za pr\u0105d<\/p>\n<p>Istnieje spos\u00f3b na to, \u017ceby rachunki za pr\u0105d by\u0142y ni\u017csze nawet o kilkaset z\u0142otych. Trzeba tylko z\u0142o\u017cy\u0107 odpowiedni wniosek. Chodzi o rycza\u0142t energetyczny czyli dodatek wyp\u0142acany przez Zak\u0142ad Ubezpiecze\u0144 Spo\u0142ecznych, kt\u00f3ry ma pom\u00f3c w pokryciu koszt\u00f3w zu\u017cycia energii, gazu czy ogrzewania.<\/p>\n<p>Kto mo\u017ce otrzyma\u0107 rycza\u0142t energetyczny<\/p>\n<p>Mog\u0105 z niego skorzysta\u0107 emeryci i renci\u015bci, kt\u00f3rzy spe\u0142niaj\u0105 okre\u015blone kryteria. To kombatanci lub ci, kt\u00f3rzy dzia\u0142ali na rzecz niepodleg\u0142o\u015bci Polski lub byli ofiarami represji. Na li\u015bcie uprawnionych s\u0105 te\u017c \u017co\u0142nierze zast\u0119pczej s\u0142u\u017cby wojskowej przymusowo zatrudniani w kopalniach w\u0119gla, kamienio\u0142omach oraz zak\u0142adach pozyskiwania rud uranowych i batalionach budowlanych.<\/p>\n<p>Wysoko\u015b\u0107 rycza\u0142tu energetycznego podlega corocznej waloryzacji. Obecnie to 312,71 z\u0142 miesi\u0119cznie. W skali roku daje to poka\u017an\u0105 sum\u0119 3758,52 z\u0142. Jego kwota jest og\u0142aszana przez Szefa Urz\u0119du do Spraw Kombatant\u00f3w i Os\u00f3b Represjonowanych do 7 lutego ka\u017cdego roku, a nowa stawka wesz\u0142a w \u017cycie od 1 marca. \u015awiadczenie jest wyp\u0142acane w formie dodatku do emerytury. Co wa\u017cne, w przypadku \u015bmierci osoby uprawnionej, jej bliscy mog\u0105 odziedziczy\u0107 prawo do rycza\u0142tu.<\/p>\n<p>Dalszy ci\u0105g materia\u0142u pod wideo<\/p>\n<p>Rycza\u0142t energetyczny. Jak z\u0142o\u017cy\u0107 wniosek? Jakie dokumenty trzeba z\u0142o\u017cy\u0107?<\/p>\n<p>Aby uzyska\u0107 rycza\u0142t energetyczny, nale\u017cy z\u0142o\u017cy\u0107 odpowiedni wniosek dost\u0119pny w plac\u00f3wkach <a class=\"seoMapping\" href=\"https:\/\/kadry.infor.pl\/zus\/\" title=\"ZUS\" rel=\"nofollow noopener\" target=\"_blank\">ZUS<\/a> lub na stronie www.zus.pl. Chodzi o formularz ZUS-ERK. Konieczne jest te\u017c za\u0142\u0105czenie dokument\u00f3w potwierdzaj\u0105cych uprawnienia. Na tej li\u015bcie jest decyzja Szefa Urz\u0119du do Spraw Kombatant\u00f3w i Os\u00f3b Represjonowanych potwierdzaj\u0105ca dzia\u0142alno\u015b\u0107 kombatanck\u0105, represje lub status cz\u0142onka rodziny po kombatancie, za\u015bwiadczenie Wojskowej Komendy Uzupe\u0142nie\u0144 dotycz\u0105ce przymusowego zatrudnienia w ramach zast\u0119pczej s\u0142u\u017cby wojskowej, dokumenty potwierdzaj\u0105ce status wdowy po \u017co\u0142nierzu przymusowo zatrudnianym. Wniosek mo\u017cna z\u0142o\u017cy\u0107 w dowolnym momencie.<\/p>\n","protected":false},"excerpt":{"rendered":"Ceny energii w Polsce osi\u0105gaj\u0105 kosmiczny poziom. By\u0142o drogo, jest jeszcze dro\u017cej. Od lipca na nasze rachunki za&hellip;\n","protected":false},"author":2,"featured_media":7601,"comment_status":"","ping_status":"","sticky":false,"template":"","format":"standard","meta":{"footnotes":""},"categories":[16],"tags":[113,112,23415,42,38,40,39,41,5315,22455],"class_list":{"0":"post-151888","1":"post","2":"type-post","3":"status-publish","4":"format-standard","5":"has-post-thumbnail","7":"category-biznes","8":"tag-biznes","9":"tag-business","10":"tag-oplata-mocowa","11":"tag-pl","12":"tag-poland","13":"tag-polish","14":"tag-polska","15":"tag-polski","16":"tag-rachunki-za-prad","17":"tag-ryczalt-energetyczny"},"share_on_mastodon":{"url":"https:\/\/pubeurope.com\/@pl\/115723332227955815","error":""},"_links":{"self":[{"href":"https:\/\/www.europesays.com\/pl\/wp-json\/wp\/v2\/posts\/151888","targetHints":{"allow":["GET"]}}],"collection":[{"href":"https:\/\/www.europesays.com\/pl\/wp-json\/wp\/v2\/posts"}],"about":[{"href":"https:\/\/www.europesays.com\/pl\/wp-json\/wp\/v2\/types\/post"}],"author":[{"embeddable":true,"href":"https:\/\/www.europesays.com\/pl\/wp-json\/wp\/v2\/users\/2"}],"replies":[{"embeddable":true,"href":"https:\/\/www.europesays.com\/pl\/wp-json\/wp\/v2\/comments?post=151888"}],"version-history":[{"count":0,"href":"https:\/\/www.europesays.com\/pl\/wp-json\/wp\/v2\/posts\/151888\/revisions"}],"wp:featuredmedia":[{"embeddable":true,"href":"https:\/\/www.europesays.com\/pl\/wp-json\/wp\/v2\/media\/7601"}],"wp:attachment":[{"href":"https:\/\/www.europesays.com\/pl\/wp-json\/wp\/v2\/media?parent=151888"}],"wp:term":[{"taxonomy":"category","embeddable":true,"href":"https:\/\/www.europesays.com\/pl\/wp-json\/wp\/v2\/categories?post=151888"},{"taxonomy":"post_tag","embeddable":true,"href":"https:\/\/www.europesays.com\/pl\/wp-json\/wp\/v2\/tags?post=151888"}],"curies":[{"name":"wp","href":"https:\/\/api.w.org\/{rel}","templated":true}]}}