{"id":151891,"date":"2025-12-15T11:25:13","date_gmt":"2025-12-15T11:25:13","guid":{"rendered":"https:\/\/www.europesays.com\/pl\/151891\/"},"modified":"2025-12-15T11:25:13","modified_gmt":"2025-12-15T11:25:13","slug":"adam-szlapka-bije-na-alarm-najbardziej-szkodliwy-scenariusz-dla-polski","status":"publish","type":"post","link":"https:\/\/www.europesays.com\/pl\/151891\/","title":{"rendered":"Adam Sz\u0142apka bije na alarm. &#8222;Najbardziej szkodliwy scenariusz dla Polski&#8221;"},"content":{"rendered":"<p class=\"article-p\" data-section=\"detail-body\">W wywiadzie Sz\u0142apka odni\u00f3s\u0142 si\u0119 te\u017c do sonda\u017cy, wed\u0142ug kt\u00f3rych obecne partie koalicyjne mog\u0142yby nie zebra\u0107 wi\u0119kszo\u015bci pozwalaj\u0105cej na dalsze rz\u0105dzenie. Rzecznik oceni\u0142, \u017ce najbardziej niebezpieczny by\u0142by powr\u00f3t do w\u0142adzy uk\u0142adu z udzia\u0142em PiS i skrajnej prawicy. \u2014 PiS z Konfederacj\u0105 i Braunem u w\u0142adzy to najbardziej szkodliwy scenariusz dla Polski, przed kt\u00f3rym trzeba broni\u0107 Polak\u00f3w \u2014 stwierdzi\u0142.<\/p>\n<p>        Rz\u0105dowa koalicja wyborcza? Rzecznik rz\u0105du o &#8222;szkodliwym scenariuszu&#8221;<\/p>\n<p class=\"article-p\" data-section=\"detail-body\">Pytany o to, czy koalicjanci przekrocz\u0105 pr\u00f3g wyborczy, zaznaczy\u0142, \u017ce dzi\u015b trudno przes\u0105dza\u0107, w jakim uk\u0142adzie partie p\u00f3jd\u0105 do wybor\u00f3w w 2027 r. Zapowiedzia\u0142 jednocze\u015bnie, \u017ce rz\u0105d zamierza mocniej pracowa\u0107 w kolejnych dw\u00f3ch latach, aby nie dopu\u015bci\u0107 do zwyci\u0119stwa si\u0142, kt\u00f3re \u2014 w jego ocenie \u2014 mog\u0142yby os\u0142abia\u0107 pozycj\u0119 Polski w Europie.<\/p>\n<p class=\"article-p\" data-section=\"detail-body\">W\u0105tek niezrealizowanych obietnic wyborczych Sz\u0142apka skomentowa\u0142 wyliczeniem: oko\u0142o jednej trzeciej zapowiedzi ma by\u0107 ju\u017c wykonana, a wi\u0119kszo\u015b\u0107 pozosta\u0142ych \u2014 w trakcie. Zwr\u00f3ci\u0142 przy tym uwag\u0119 na realia rz\u0105dzenia w koalicji: poszczeg\u00f3lne ugrupowania maj\u0105 r\u00f3\u017cne pogl\u0105dy i to naturalnie ogranicza tempo oraz zakres zmian.<\/p>\n<p class=\"article-p\" data-section=\"detail-body\">W sprawie liberalizacji prawa aborcyjnego rzecznik oceni\u0142, \u017ce spe\u0142nienie tego postulatu w tej kadencji jest bardzo trudne \u2014 cho\u0107by z powodu zapowiedzi prezydenta Karola Nawrockiego, \u017ce nie podpisze takich rozwi\u0105za\u0144. Wed\u0142ug Sz\u0142apki prace maj\u0105 toczy\u0107 si\u0119 w sejmowej komisji, a sytuacj\u0119 zmieni\u0142y te\u017c wytyczne minister Izabeli Leszczyny oraz ministra Adama Bodnara. Rz\u0105d \u2014 jak m\u00f3wi \u2014 b\u0119dzie szuka\u0142 wariantu akceptowalnego dla ca\u0142ej koalicji, jednocze\u015bnie licz\u0105c si\u0119 z tym, \u017ce prezydent mo\u017ce blokowa\u0107 cz\u0119\u015b\u0107 ustaw wetem.<\/p>\n<p>        Polityka zagraniczna Polski<\/p>\n<p class=\"article-p\" data-section=\"detail-body\">Na koniec Sz\u0142apka odni\u00f3s\u0142 si\u0119 do relacji z USA. Podkre\u015bli\u0142, \u017ce punktem odniesienia ma by\u0107 zawsze interes Polski, a ten \u2014 w jego ocenie \u2014 wymaga jednocze\u015bnie silnej pozycji w Unii Europejskiej i w NATO. Rzecznik odrzuci\u0142 narracj\u0119 o konflikcie mi\u0119dzy &#8222;kierunkiem ameryka\u0144skim&#8221; a &#8222;kierunkiem europejskim&#8221;. \u2014 Wbrew temu, co m\u00f3wi PiS, nie ma sprzeczno\u015bci w dobrych relacjach ze Stanami Zjednoczonymi i w mocnej pozycji w Unii Europejskiej. Przeciwnie, to mog\u0105 by\u0107 relacje sprz\u0119\u017cone \u2014 argumentowa\u0142, wskazuj\u0105c, \u017ce jedno mo\u017ce wzmacnia\u0107 drugie.<\/p>\n<p class=\"article-p\" data-section=\"detail-body\">Czytaj tak\u017ce:<\/p>\n<p class=\"article-p\" data-section=\"detail-body\"><a href=\"https:\/\/www.fakt.pl\/polityka\/napisal-do-tuska-wiadomosc-premier-zawital-w-jego-domu-mam-wredna-satysfakcje\/7yv4cn9\" id=\"c40e95d6-ecc6-4575-a0dc-ad2372f7a14c\" rel=\"nofollow noopener\" target=\"_blank\">Napisa\u0142 do Tuska wiadomo\u015b\u0107. Premier zawita\u0142 w jego domu. &#8222;Mam wredn\u0105 satysfakcj\u0119&#8221; <\/a><\/p>\n<p class=\"article-p\" data-section=\"detail-body\"><a href=\"https:\/\/www.fakt.pl\/polityka\/11-latek-poruszyl-caly-europarlament-tlumaczka-ze-lzami-w-oczach-przerwala-prace\/vw088e7\" id=\"4a488e75-001d-4ba0-8bab-b74fb4a63f48\" rel=\"nofollow noopener\" target=\"_blank\">T\u0142umaczka Parlamentu Europejskiego nie wytrzyma\u0142a. Ze \u0142zami przerwa\u0142a prac\u0119, gdy 11-latek m\u00f3wi\u0142 o mamie<\/a><\/p>\n<p class=\"article-p\" data-section=\"detail-body\">\u0179r\u00f3d\u0142o: &#8222;Rzeczpospolita&#8221; \/ PAP<\/p>\n","protected":false},"excerpt":{"rendered":"W wywiadzie Sz\u0142apka odni\u00f3s\u0142 si\u0119 te\u017c do sonda\u017cy, wed\u0142ug kt\u00f3rych obecne partie koalicyjne mog\u0142yby nie zebra\u0107 wi\u0119kszo\u015bci pozwalaj\u0105cej&hellip;\n","protected":false},"author":2,"featured_media":151892,"comment_status":"","ping_status":"","sticky":false,"template":"","format":"standard","meta":{"footnotes":""},"categories":[12],"tags":[32,33,36,37,27,34,35,28,31,25,42,38,40,39,41,29,30,26],"class_list":{"0":"post-151891","1":"post","2":"type-post","3":"status-publish","4":"format-standard","5":"has-post-thumbnail","7":"category-polska","8":"tag-breaking-news","9":"tag-breakingnews","10":"tag-featured-news","11":"tag-featurednews","12":"tag-headlines","13":"tag-latest-news","14":"tag-latestnews","15":"tag-naglowki","16":"tag-najwazniejsze-artykuly","17":"tag-news","18":"tag-pl","19":"tag-poland","20":"tag-polish","21":"tag-polska","22":"tag-polski","23":"tag-top-stories","24":"tag-topstories","25":"tag-wiadomosci"},"share_on_mastodon":{"url":"","error":""},"_links":{"self":[{"href":"https:\/\/www.europesays.com\/pl\/wp-json\/wp\/v2\/posts\/151891","targetHints":{"allow":["GET"]}}],"collection":[{"href":"https:\/\/www.europesays.com\/pl\/wp-json\/wp\/v2\/posts"}],"about":[{"href":"https:\/\/www.europesays.com\/pl\/wp-json\/wp\/v2\/types\/post"}],"author":[{"embeddable":true,"href":"https:\/\/www.europesays.com\/pl\/wp-json\/wp\/v2\/users\/2"}],"replies":[{"embeddable":true,"href":"https:\/\/www.europesays.com\/pl\/wp-json\/wp\/v2\/comments?post=151891"}],"version-history":[{"count":0,"href":"https:\/\/www.europesays.com\/pl\/wp-json\/wp\/v2\/posts\/151891\/revisions"}],"wp:featuredmedia":[{"embeddable":true,"href":"https:\/\/www.europesays.com\/pl\/wp-json\/wp\/v2\/media\/151892"}],"wp:attachment":[{"href":"https:\/\/www.europesays.com\/pl\/wp-json\/wp\/v2\/media?parent=151891"}],"wp:term":[{"taxonomy":"category","embeddable":true,"href":"https:\/\/www.europesays.com\/pl\/wp-json\/wp\/v2\/categories?post=151891"},{"taxonomy":"post_tag","embeddable":true,"href":"https:\/\/www.europesays.com\/pl\/wp-json\/wp\/v2\/tags?post=151891"}],"curies":[{"name":"wp","href":"https:\/\/api.w.org\/{rel}","templated":true}]}}