{"id":151901,"date":"2025-12-15T11:31:11","date_gmt":"2025-12-15T11:31:11","guid":{"rendered":"https:\/\/www.europesays.com\/pl\/151901\/"},"modified":"2025-12-15T11:31:11","modified_gmt":"2025-12-15T11:31:11","slug":"rzecznik-kremla-o-warunkach-pokoju-wskazal-fundamentalna-kwestie-onet-wiadomosci","status":"publish","type":"post","link":"https:\/\/www.europesays.com\/pl\/151901\/","title":{"rendered":"Rzecznik Kremla o warunkach pokoju. Wskaza\u0142 &quot;fundamentaln\u0105&quot; kwesti\u0119 &#8211; Onet Wiadomo\u015bci"},"content":{"rendered":"<ol>\n<li><a href=\"https:\/\/news.google.com\/rss\/articles\/CBMiqAFBVV95cUxQRWxEUnZZRXVibUZNMWJKVnF4V1B1UzRQcjhsUFJPOUlRZ3FZWWVFUE5kR0VIX0IwYmp6R3VPZTdTUEN5X2FWNG9fcDYtMldkMkU4UC05NmF2a1FESXRGV0E3dF8zdzZWTzQwYUpHMGR5QnJvMFkxbXBTVVJyNDYzT2xGaXcwMDhWTV9TOGxwYUhWZVNFZ01OeHpGNmNFNFVWSW5XYUlUSW4?oc=5\" target=\"_blank\" rel=\"nofollow noopener\">Rzecznik Kremla o warunkach pokoju. Wskaza\u0142 &#8222;fundamentaln\u0105&#8221; kwesti\u0119<\/a>&nbsp;&nbsp;Onet Wiadomo\u015bci<\/li>\n<li><a href=\"https:\/\/news.google.com\/rss\/articles\/CBMiwwFBVV95cUxNcTRTYjNfanlWOXZpY0tQd0RWdldtS0MxN1Q0TmNOcm8zOWcyUG1paWE3a3lMRVZIdWpZMEI5ZmxRSnVFS01tUGZFWm5nOVRpLTZtTTNaVHBuR0xwYXFsc2I3Xy1QS3VvOVJ1YjROcURmWGpPUlJGZXROTTZvM1E4dlF6OE9RLURXZ1g1enhfbHhmU3draDJVcGV3Z2RhaGw4QzJyb25HZ3MtcEw1ZmlNX3B3WlVFQlV4d2RTMVpNZ212Tlk?oc=5\" target=\"_blank\" rel=\"nofollow noopener\">NATO kluczowe w rozmowach o pokoju. Kremla zabra\u0142 g\u0142os w sprawie Ukrainy<\/a>&nbsp;&nbsp;Business Insider Polska<\/li>\n<li><a href=\"https:\/\/news.google.com\/rss\/articles\/CBMikgFBVV95cUxPa0dXMld6dzhvWnJTX3N1Mk1aM0JTRl9sNG83SmJZV2FuOWEtU0JibXNBeV9TWnV0MjVkZzRKZVRySVB6T2NyNWhjSU8yNHJubGdmMExXem5Sc0NsVy1UQnJTUXZEanVGZTlYLXRiOF81VWVXRWRvYjlhTmZUQUV6dlpWb0p5aGhpOWZaX2paWmhoUQ?oc=5\" target=\"_blank\" rel=\"nofollow noopener\">Kreml z\u0142o\u017cy\u0142 propozycj\u0119 pokojow\u0105 Europie, ale ma jeden warunek. Ukraina w NATO? Stanowcze &#8222;NIE&#8221;.<\/a>&nbsp;&nbsp;Wiadomo\u015bci z kraju i ze \u015bwiata &#8211; Dziennik.pl<\/li>\n<li><a href=\"https:\/\/news.google.com\/rss\/articles\/CBMiuwFBVV95cUxNSG9USElaSExLRERJemZ4V1pyY3N1bnpfa2V6N1ZwV1Fib2lMcGd1SFBlcjFNYU9HLW1raFR2S0JNYkJFSHgxY2VVTDdWUTUyWjlvdmJsc2dPNEtleU1WRngyTUVrN29KMVlFWFhRcE9rbHdUNzJrVlBkNTZKMDN6cXhyOUZla2ViOG9CZXF1dDRvU1k0NTUxRVBuNDZGMXBDaG8wYWZlMnJLOGpSeTR0TzlUQ3B4X1AyY1VR?oc=5\" target=\"_blank\" rel=\"nofollow noopener\">Rosja uderza w Polsk\u0119. Pad\u0142y mocne s\u0142owa o 'militarystycznej gor\u0105czce&#8217; i Tusku. 'Jeste\u015bmy gotowi&#8217;<\/a>&nbsp;&nbsp;Gazeta<\/li>\n<li><a href=\"https:\/\/news.google.com\/rss\/articles\/CBMivAFBVV95cUxOYzA0Z2ZIOU81NDZTVWwxcjUtdTR5Q0ViOFFxMVV1Y1NfQ2RkR2QxektKbDRSMjRZeklJby1nY2JDdk9MQUhjRl9CdlVIVWpwRHoxUmFURlVZSmlXRmE3UkZUY0kwOEhhSTA4b3JPVFdWdnVnc0dhWHBWazFxSFkwRkc3YU5MenZwRjAzak9IR2VXM2FsMzdfb2oxeFRNQktFbTRnYlBDU2lmT3BEQnBhdHB1VjRRQkYzZzkyNQ?oc=5\" target=\"_blank\" rel=\"nofollow noopener\">Rosja: Rzecznik Kremla: nieprzyst\u0119powanie Ukrainy do NATO fundamentaln\u0105 kwesti\u0105<\/a>&nbsp;&nbsp;wnp.pl<\/li>\n<\/ol>\n","protected":false},"excerpt":{"rendered":"Rzecznik Kremla o warunkach pokoju. Wskaza\u0142 &#8222;fundamentaln\u0105&#8221; kwesti\u0119&nbsp;&nbsp;Onet Wiadomo\u015bci NATO kluczowe w rozmowach o pokoju. Kremla zabra\u0142 g\u0142os&hellip;\n","protected":false},"author":2,"featured_media":147881,"comment_status":"","ping_status":"","sticky":false,"template":"","format":"standard","meta":{"footnotes":""},"categories":[14],"tags":[32,33,445,27,76,34,35,28,31,48,25,46,40,41,87,47,80,29,30,415,26,82,83,84],"class_list":{"0":"post-151901","1":"post","2":"type-post","3":"status-publish","4":"format-standard","5":"has-post-thumbnail","7":"category-swiat","8":"tag-breaking-news","9":"tag-breakingnews","10":"tag-dmitrij_pieskow","11":"tag-headlines","12":"tag-inwazja_rosji_na_ukraine","13":"tag-latest-news","14":"tag-latestnews","15":"tag-naglowki","16":"tag-najwazniejsze-artykuly","17":"tag-nat_styl","18":"tag-news","19":"tag-omp","20":"tag-polish","21":"tag-polski","22":"tag-rosja","23":"tag-screening_general","24":"tag-swiat","25":"tag-top-stories","26":"tag-topstories","27":"tag-ukraina","28":"tag-wiadomosci","29":"tag-world","30":"tag-world-news","31":"tag-worldnews"},"share_on_mastodon":{"url":"https:\/\/pubeurope.com\/@pl\/115723362976039554","error":""},"_links":{"self":[{"href":"https:\/\/www.europesays.com\/pl\/wp-json\/wp\/v2\/posts\/151901","targetHints":{"allow":["GET"]}}],"collection":[{"href":"https:\/\/www.europesays.com\/pl\/wp-json\/wp\/v2\/posts"}],"about":[{"href":"https:\/\/www.europesays.com\/pl\/wp-json\/wp\/v2\/types\/post"}],"author":[{"embeddable":true,"href":"https:\/\/www.europesays.com\/pl\/wp-json\/wp\/v2\/users\/2"}],"replies":[{"embeddable":true,"href":"https:\/\/www.europesays.com\/pl\/wp-json\/wp\/v2\/comments?post=151901"}],"version-history":[{"count":0,"href":"https:\/\/www.europesays.com\/pl\/wp-json\/wp\/v2\/posts\/151901\/revisions"}],"wp:featuredmedia":[{"embeddable":true,"href":"https:\/\/www.europesays.com\/pl\/wp-json\/wp\/v2\/media\/147881"}],"wp:attachment":[{"href":"https:\/\/www.europesays.com\/pl\/wp-json\/wp\/v2\/media?parent=151901"}],"wp:term":[{"taxonomy":"category","embeddable":true,"href":"https:\/\/www.europesays.com\/pl\/wp-json\/wp\/v2\/categories?post=151901"},{"taxonomy":"post_tag","embeddable":true,"href":"https:\/\/www.europesays.com\/pl\/wp-json\/wp\/v2\/tags?post=151901"}],"curies":[{"name":"wp","href":"https:\/\/api.w.org\/{rel}","templated":true}]}}