{"id":151904,"date":"2025-12-15T11:33:08","date_gmt":"2025-12-15T11:33:08","guid":{"rendered":"https:\/\/www.europesays.com\/pl\/151904\/"},"modified":"2025-12-15T11:33:08","modified_gmt":"2025-12-15T11:33:08","slug":"18-letni-polak-robi-furore-w-niemczech-ale-w-kadrze-nie-gra-oto-dlaczego","status":"publish","type":"post","link":"https:\/\/www.europesays.com\/pl\/151904\/","title":{"rendered":"18-letni Polak robi furor\u0119 w Niemczech. Ale w kadrze nie gra. Oto dlaczego"},"content":{"rendered":"<p class=\"Paragraph_desktopParagraph__Fd2e9\">W tygodniu m\u0142ody Polak znalaz\u0142 si\u0119 w trudnej sytuacji. Tak przynajmniej si\u0119 wydawa\u0142o. W Mainz dosz\u0142o bowiem do zmiany trenera. Bo Henriksena zast\u0105pi\u0142 Urs Fischer. Du\u0144czyk wprowadza\u0142 Polaka do sk\u0142adu, zabra\u0142 go na ob\u00f3z, dawa\u0142 mu szanse w Lidze Konferencji i w ko\u0144cu da\u0142 zadebiutowa\u0107 w Bundeslidze. Tymczasem Fischer w meczu z Lechem Pozna\u0144 posadzi\u0142 Polaka na \u0142awce i nie wpu\u015bci\u0142 na zmian\u0119.<\/p>\n<p class=\"VideoPlayerText_videoPlayerText__zrtJk\">Dalszy ci\u0105g materia\u0142u pod wideo<\/p>\n<p class=\"Paragraph_desktopParagraph__Fd2e9\">Dlatego zawodnik mia\u0142 prawo by\u0107 zdziwiony, gdy w dniu meczu o godz. 11 Urs Fischer poda\u0142 jedenastk\u0119 na mecz z samym Bayernem Monachium.<\/p>\n<p class=\"Paragraph_desktopParagraph__Fd2e9\">Warto pami\u0119ta\u0107, \u017ce przed meczem Mainz by\u0142 ostatni w tabeli, za\u015b Bayern pierwszy z bilansem 12-1-0.<\/p>\n<p class=\"Paragraph_desktopParagraph__Fd2e9\">Zobacz gola Kacpra Potulskiego z Bayernem:<\/p>\n<p class=\"Paragraph_desktopParagraph__Fd2e9\">Potulski swoj\u0105 szans\u0119 wykorzysta\u0142. Strzeli\u0142 pi\u0119knego gola g\u0142ow\u0105 i pokaza\u0142, \u017ce jest doskona\u0142y przy sta\u0142ych fragmentach gry, co zw\u0142aszcza dla dru\u017cyny broni\u0105cej si\u0119 przed spadkiem mo\u017ce mie\u0107 kluczowe znaczenie. Niestety Polak te\u017c sfaulowa\u0142 Harry&#8217;ego Kane&#8217;a w polu karnym, przez co Mainz straci\u0142o bramk\u0119, ale mia\u0142 te\u017c sporo kluczowych interwencji. Do momentu karnego gra\u0142 niemal zawody idealne.<\/p>\n<p class=\"Paragraph_desktopParagraph__Fd2e9\">W serwisach statystycznych zebra\u0142 znakomite noty. W Sofascore 7,7, najwy\u017csza nota po bramkarzu. We flashscore dosta\u0142 not\u0119 7,8, czyli najwy\u017csz\u0105 w dru\u017cynie, wraz bramkarzem. W magazynie pi\u0142karskim &#8222;kicker&#8221; by\u0142 jednym z trzech najwy\u017cej ocenionych zawodnik\u00f3w z pola.<\/p>\n<p class=\"Paragraph_desktopParagraph__Fd2e9\">Bilans Potulskiego to poza golem, dwa przechwyty, 11 skutecznych &#8222;wybi\u0107 pi\u0142ki&#8221;, jeden odbi\u00f3r, a tak\u017ce 50-procentowa skuteczno\u015b\u0107 w pojedynkach z zawodnikami ofensywnymi (2 wygrane na 4).<\/p>\n<p class=\"Paragraph_desktopParagraph__Fd2e9\">Jeszcze przed meczem z Bayernem zapytali\u015bmy selekcjonera kadry do lat 21, Jerzego Brz\u0119czka, dlaczego nie widzi Potulskiego w sk\u0142adzie. Brz\u0119czek najpierw stawia\u0142 na Mi\u0142osza Matysika, kt\u00f3ry jest rezerwowym w cypryjskiej dru\u017cynie Aris Limassol, a potem na Mariusza Kutw\u0119, kt\u00f3ry sporadycznie grywa w pierwszoligowej Wi\u015ble Krak\u00f3w. Z kolei Potulski na dzi\u015b ma cztery mecze w Lidze Konferencji oraz dwa w Bundeslidze. \u0141\u0105cznie 469 minut w sk\u0142adzie Mainz.<\/p>\n<p class=\"Paragraph_desktopParagraph__Fd2e9\">\u2014 Mamy bardzo du\u017co dyskusji w sztabie, przemy\u015ble\u0144 czy na niego stawia\u0107. W pierwszym meczu wszed\u0142 na 20 minut i od tej pory zawsze si\u0119 zastanawiamy czy to ju\u017c czas \u2014 m\u00f3wi Brz\u0119czek.<\/p>\n<p class=\"Paragraph_desktopParagraph__Fd2e9\">\u2014 My ka\u017cdego obserwujemy i ostateczna decyzja wychodzi na podstawie trening\u00f3w. Na pewno Kacper ma wielki potencja\u0142, jest bardzo profesjonalny, dba o siebie, ma predyspozycje fizyczne, jest zwrotny, szybki i b\u0119dzie w dru\u017cynie odgrywa\u0142 wa\u017cn\u0105 rol\u0119 \u2014 m\u00f3wi Brz\u0119czek.<\/p>\n<p class=\"Paragraph_desktopParagraph__Fd2e9\">Na razie jednak nie odgrywa. W pi\u0119ciu meczach kadry Brz\u0119czka Potulski zagra\u0142 20 minut z Macedoni\u0105, za\u015b w kolejnych pi\u0119ciu wysiadywa\u0142 \u0142awk\u0119 rezerwowych od pierwszej do ostatniej minuty,<\/p>\n<p class=\"Paragraph_desktopParagraph__Fd2e9\">\u2014 Jest te\u017c kwestia balansu wiekowego w dru\u017cynie. Najstarszy zawodnik pochodzi z rocznika 2004, najm\u0142odszy na dzi\u015b z 2008. Nie chc\u0119 takiej sytuacji, \u017ce 50 proc. zespo\u0142u b\u0119d\u0105 stanowili ch\u0142opcy po 17, 18 lat, bo to ma du\u017cy wp\u0142yw na postaw\u0119 ca\u0142ej grupy. I to jest taki aspekt, na kt\u00f3ry ma\u0142o os\u00f3b zwraca uwag\u0119. Musimy tu zachowa\u0107 balans, je\u015bli chodzi o wiek \u2014 t\u0142umaczy selekcjoner m\u0142odzie\u017c\u00f3wki.<\/p>\n","protected":false},"excerpt":{"rendered":"W tygodniu m\u0142ody Polak znalaz\u0142 si\u0119 w trudnej sytuacji. Tak przynajmniej si\u0119 wydawa\u0142o. W Mainz dosz\u0142o bowiem do&hellip;\n","protected":false},"author":2,"featured_media":151905,"comment_status":"","ping_status":"","sticky":false,"template":"","format":"standard","meta":{"footnotes":""},"categories":[5],"tags":[32,33,933,3106,36,37,27,67,12117,30339,34,35,194,28,31,25,42,38,40,39,41,136,128,47,135,29,30,26],"class_list":{"0":"post-151904","1":"post","2":"type-post","3":"status-publish","4":"format-standard","5":"has-post-thumbnail","7":"category-naglowki","8":"tag-breaking-news","9":"tag-breakingnews","10":"tag-bundesliga","11":"tag-dzis_pisza_dla_was","12":"tag-featured-news","13":"tag-featurednews","14":"tag-headlines","15":"tag-intextvideo_splayer","16":"tag-jerzy_brzeczek","17":"tag-kacper_potulski","18":"tag-latest-news","19":"tag-latestnews","20":"tag-maja","21":"tag-naglowki","22":"tag-najwazniejsze-artykuly","23":"tag-news","24":"tag-pl","25":"tag-poland","26":"tag-polish","27":"tag-polska","28":"tag-polski","29":"tag-ps_detal_new","30":"tag-psv2","31":"tag-screening_general","32":"tag-sport_sport","33":"tag-top-stories","34":"tag-topstories","35":"tag-wiadomosci"},"share_on_mastodon":{"url":"https:\/\/pubeurope.com\/@pl\/115723370859056678","error":""},"_links":{"self":[{"href":"https:\/\/www.europesays.com\/pl\/wp-json\/wp\/v2\/posts\/151904","targetHints":{"allow":["GET"]}}],"collection":[{"href":"https:\/\/www.europesays.com\/pl\/wp-json\/wp\/v2\/posts"}],"about":[{"href":"https:\/\/www.europesays.com\/pl\/wp-json\/wp\/v2\/types\/post"}],"author":[{"embeddable":true,"href":"https:\/\/www.europesays.com\/pl\/wp-json\/wp\/v2\/users\/2"}],"replies":[{"embeddable":true,"href":"https:\/\/www.europesays.com\/pl\/wp-json\/wp\/v2\/comments?post=151904"}],"version-history":[{"count":0,"href":"https:\/\/www.europesays.com\/pl\/wp-json\/wp\/v2\/posts\/151904\/revisions"}],"wp:featuredmedia":[{"embeddable":true,"href":"https:\/\/www.europesays.com\/pl\/wp-json\/wp\/v2\/media\/151905"}],"wp:attachment":[{"href":"https:\/\/www.europesays.com\/pl\/wp-json\/wp\/v2\/media?parent=151904"}],"wp:term":[{"taxonomy":"category","embeddable":true,"href":"https:\/\/www.europesays.com\/pl\/wp-json\/wp\/v2\/categories?post=151904"},{"taxonomy":"post_tag","embeddable":true,"href":"https:\/\/www.europesays.com\/pl\/wp-json\/wp\/v2\/tags?post=151904"}],"curies":[{"name":"wp","href":"https:\/\/api.w.org\/{rel}","templated":true}]}}