{"id":151914,"date":"2025-12-15T11:38:13","date_gmt":"2025-12-15T11:38:13","guid":{"rendered":"https:\/\/www.europesays.com\/pl\/151914\/"},"modified":"2025-12-15T11:38:13","modified_gmt":"2025-12-15T11:38:13","slug":"baszszar-al-asad-po-upadku-rezimu-luksus-i-izolacja-na-moskwie","status":"publish","type":"post","link":"https:\/\/www.europesays.com\/pl\/151914\/","title":{"rendered":"Baszszar al-Asad po upadku re\u017cimu. Luksus i izolacja na Moskwie"},"content":{"rendered":"<p class=\"Paragraph_desktopParagraph__U31Gm\">Rodzina Asad\u00f3w, rok po upadku re\u017cimu, mieszka w Moskwie, prowadz\u0105c &#8222;spokojne i luksusowe \u017cycie&#8221;. Wed\u0142ug \u017ar\u00f3de\u0142, ich domem jest presti\u017cowa Rubliowka, zamkni\u0119ta dzielnica moskiewskiej elity, gdzie sw\u00f3j dom ma r\u00f3wnie\u017c m.in. by\u0142y prezydent Ukrainy Wiktor Janukowycz, kt\u00f3ry tak\u017ce uciek\u0142 z kraju.<\/p>\n<p class=\"VideoPlayerText_videoPlayerText__iDwyz\">Dalszy ci\u0105g materia\u0142u pod wideo<\/p>\n<p class=\"Paragraph_desktopParagraph__U31Gm\">Pomimo sankcji na\u0142o\u017conych przez Zach\u00f3d w 2011 r., Asadom nie brakuje pieni\u0119dzy\u2014 znaczna cz\u0119\u015b\u0107 ich maj\u0105tku zosta\u0142a zdeponowana w Moskwie, poza zasi\u0119giem zachodnich regulator\u00f3w.<\/p>\n<ul class=\"OchatFollowUps_wrapper__1ry7X\">\n<li class=\"OchatFollowUps_item__Dhyly OchatFollowUps_itemDesktop__R6aBv\">Jak d\u0142ugo Baszszar al-Asad mieszka w Moskwie?<\/li>\n<li class=\"OchatFollowUps_item__Dhyly OchatFollowUps_itemDesktop__R6aBv\">Jakie jest \u017cycie rodziny Asad\u00f3w po ucieczce do Moskwy?<\/li>\n<li class=\"OchatFollowUps_item__Dhyly OchatFollowUps_itemDesktop__R6aBv\">Czy Baszszar al-Asad mo\u017ce anga\u017cowa\u0107 si\u0119 w dzia\u0142alno\u015b\u0107 polityczn\u0105?<\/li>\n<li class=\"OchatFollowUps_item__Dhyly OchatFollowUps_itemDesktop__R6aBv\">Jakie s\u0105 plany dzieci Asada w nowym \u015brodowisku?<\/li>\n<\/ul>\n<p class=\"Paragraph_desktopParagraph__U31Gm\">&#8222;Baszszar uczy si\u0119 rosyjskiego i ponownie szlifuje swoj\u0105 wiedz\u0119 okulistyczn\u0105. To jego pasja, najwyra\u017aniej nie potrzebuje pieni\u0119dzy. Jeszcze przed wybuchem wojny w Syrii regularnie praktykowa\u0142 okulistycznie w Damaszku&#8221; \u2014 relacjonuje brytyjskiemu dziennikowi &#8222;The Guardian&#8221; przyjaciel rodziny.<\/p>\n<p>Odci\u0119ci od dawnych elit <\/p>\n<p class=\"Paragraph_desktopParagraph__U31Gm\">Chocia\u017c rodzina Asad\u00f3w mieszka w komfortowych warunkach, zosta\u0142a odizolowana od syryjskich i rosyjskich elit, z kt\u00f3rymi niegdy\u015b utrzymywa\u0142a bliskie relacje. Ucieczka Baszszara z Damaszku w ostatniej chwili sprawi\u0142a, \u017ce jego dawni poplecznicy poczuli si\u0119 porzuceni, a rosyjscy opiekunowie ograniczyli mu kontakty z wy\u017cszymi urz\u0119dnikami. Przyjaciel rodziny podkre\u015bla, \u017ce Asad prowadzi &#8222;bardzo spokojne \u017cycie, utrzymuj\u0105c relacje jedynie z kilkoma osobami z dawnego pa\u0142acu, jak Mansour Azzam czy Yassar Ibrahim&#8221;.<\/p>\n<p><img decoding=\"async\" class=\"Image_image__0tuHp Image_autoHeight__f2n87 \" height=\"579\" width=\"940\" src=\"https:\/\/www.europesays.com\/pl\/wp-content\/uploads\/2025\/12\/k6mk9kpTURBXy8yOWU4YWVkMGQ2ZGQyY2Q0YzdhMDFkOGUxMGY0MWNlMi5qcGeSlQLNA6wAwsOVAgDNAkvCw94AA6EwAaExAaEzw.jpeg\" alt=\"Baszszar al-Asad i W\u0142adimir Putin (2015 r.)\" loading=\"lazy\" \/>Kyodo\/EAST NEWS \/ East News<\/p>\n<p>Baszszar al-Asad i W\u0142adimir Putin (2015 r.)<\/p>\n<p class=\"Paragraph_desktopParagraph__U31Gm\">\u0179r\u00f3d\u0142o bliskie Kremlowi twierdzi, \u017ce Asad nie jest ju\u017c istotn\u0105 postaci\u0105 dla W\u0142adimira Putina i rosyjskiej elity politycznej. Wed\u0142ug tej osoby, Putin nie interesuje si\u0119 przyw\u00f3dcami, kt\u00f3rzy utracili w\u0142adz\u0119, a Asad nie jest ju\u017c wp\u0142ywowym go\u015bciem na oficjalnych spotkaniach.<\/p>\n<p class=\"Paragraph_desktopParagraph__U31Gm\">Asad opu\u015bci\u0142 Syri\u0119 z synami 8 grudnia 2024 r., gdy rebelianci zbli\u017cali si\u0119 do stolicy. Na miejscu czeka\u0142a na nich rosyjska eskorta wojskowa, kt\u00f3ra przewioz\u0142a rodzin\u0119 na baz\u0119 lotnicz\u0105 Chmeimim, sk\u0105d zostali wywiezieni z kraju. By\u0142y prezydent nie uprzedzi\u0142 o swoim wyje\u017adzie ani dalszej rodziny, ani najbli\u017cszych sojusznik\u00f3w, pozostawiaj\u0105c ich samym sobie.<\/p>\n<p class=\"Paragraph_desktopParagraph__U31Gm\">&#8222;Maher dzwoni\u0142 do Baszszara od kilku dni, ale ten nie odbiera\u0142. Zosta\u0142 w pa\u0142acu do ostatniej chwili, a rebelianci znale\u017ali \u017carz\u0105ce si\u0119 w\u0119gle w jego shishy. To Maher, a nie Baszar, pom\u00f3g\u0142 innym w ucieczce. Baszszar dba\u0142 tylko o siebie&#8221; \u2014 relacjonowa\u0142 przyjaciel Mahera al-Asada, brata Baszszara.<\/p>\n<p><img decoding=\"async\" class=\"Image_image__0tuHp Image_autoHeight__f2n87 \" height=\"587\" width=\"880\" src=\"https:\/\/www.europesays.com\/pl\/wp-content\/uploads\/2025\/12\/pKbk9kpTURBXy8wZTVkMDljYTUxNTFmZGMzYTVjNDc4MmVkZTY0ODdkNy5qcGeSlQLNA6wAwsOVAgDNAkvCw94AA6EwAaExAaEzw.jpeg\" alt=\"Baszszar al-Asad z \u017con\u0105, Asm\u0105 (2022 r.)\" loading=\"lazy\" \/>PHILIP FONG\/AFP\/East News \/ East News<\/p>\n<p>Baszszar al-Asad z \u017con\u0105, Asm\u0105 (2022 r.)<\/p>\n<p class=\"Paragraph_desktopParagraph__U31Gm\">W pierwszych miesi\u0105cach po ucieczce Asad\u00f3w, byli sojusznicy re\u017cimu nie kontaktowali si\u0119 z Baszszarem. Rodzina skupi\u0142a si\u0119 na wsparciu Asmy, by\u0142ej pierwszej damy Syrii, kt\u00f3ra od lat chorowa\u0142a na bia\u0142aczk\u0119. Ju\u017c przed upadkiem re\u017cimu leczy\u0142a si\u0119 w Moskwie, a wed\u0142ug osoby znaj\u0105cej szczeg\u00f3\u0142y jej zdrowia, wyzdrowia\u0142a po eksperymentalnej terapii pod okiem rosyjskich s\u0142u\u017cb specjalnych.<\/p>\n<p class=\"Paragraph_desktopParagraph__U31Gm\">Gdy stan zdrowia Asmy si\u0119 poprawi\u0142, Baszszar al-Asad zacz\u0105\u0142 planowa\u0107 wywiady z Russia Today i ameryka\u0144skim podcasterem, jednak czeka na zgod\u0119 rosyjskich w\u0142adz na publiczne wyst\u0105pienia. Rosja blokuje wszelk\u0105 dzia\u0142alno\u015b\u0107 medialn\u0105 by\u0142ego dyktatora. &#8222;Asad mo\u017ce tu mieszka\u0107, ale nie mo\u017ce anga\u017cowa\u0107 si\u0119 w dzia\u0142alno\u015b\u0107 polityczn\u0105. Nie ma prawa anga\u017cowa\u0107 si\u0119 w jak\u0105kolwiek dzia\u0142alno\u015b\u0107 medialn\u0105. Czy s\u0142yszeli\u015bcie o nim cokolwiek? Nie, bo nie ma na to pozwolenia \u2014 ale jest ca\u0142y i zdrowy&#8221; \u2014 zapewnia\u0142 w listopadzie w wywiadzie dla irackich medi\u00f3w rosyjski ambasador w Iraku, Elbrus Kutraszew.<\/p>\n<p>Dzieci Asada w nowej rzeczywisto\u015bci <\/p>\n<p class=\"Paragraph_desktopParagraph__U31Gm\">Dzieci Baszszara al-Asada, w przeciwie\u0144stwie do ojca, stopniowo odnajduj\u0105 si\u0119 w nowym \u015brodowisku. &#8222;S\u0105 troch\u0119 oszo\u0142omieni. My\u015bl\u0119, \u017ce wci\u0105\u017c s\u0105 w lekkim szoku. Po prostu przyzwyczajaj\u0105 si\u0119 do \u017cycia, nie b\u0119d\u0105c prezydenck\u0105 rodzin\u0105&#8221; \u2014 zaznaczy\u0142 przyjaciel rodziny.<\/p>\n<p class=\"Paragraph_desktopParagraph__U31Gm\">Jedynym publicznym wyst\u0105pieniem rodziny Asad\u00f3w po upadku re\u017cimu by\u0142a uroczysto\u015b\u0107 uko\u0144czenia studi\u00f3w przez c\u00f3rk\u0119 Zein al-Asad 30 czerwca. Zein odebra\u0142a dyplom z zakresu stosunk\u00f3w mi\u0119dzynarodowych na presti\u017cowej moskiewskiej uczelni.<\/p>\n<p><img decoding=\"async\" class=\"Image_image__0tuHp Image_autoHeight__f2n87 \" height=\"587\" width=\"880\" src=\"https:\/\/www.europesays.com\/pl\/wp-content\/uploads\/2025\/12\/zCBk9kpTURBXy9hZDU5YWI0ODdlYmVlNDI3MTQ1M2MxZjI4NTU1NDFhMi5qcGeSlQLNA6wAwsOVAgDNAkvCw94AA6EwAaExAaEzw.jpeg\" alt=\"Rodzina Asad\u00f3w (2022 r.)\" loading=\"lazy\" \/>AFP\/East News \/ East News<\/p>\n<p>Rodzina Asad\u00f3w (2022 r.)<\/p>\n<p class=\"Paragraph_desktopParagraph__U31Gm\">Dw\u00f3jka koleg\u00f3w Zein potwierdzi\u0142a obecno\u015b\u0107 cz\u0119\u015bci rodziny Asad\u00f3w na ceremonii, podkre\u015blaj\u0105c, \u017ce &#8222;starali si\u0119 nie rzuca\u0107 w oczy i nie robili sobie zdj\u0119\u0107 na scenie, jak inne rodziny&#8221;. Hafez, kt\u00f3ry by\u0142 przygotowywany na nast\u0119pc\u0119 Baszszara, wycofa\u0142 si\u0119 z \u017cycia publicznego po publikacji wideo na Telegramie w lutym, gdzie opisa\u0142 ucieczk\u0119 rodziny z Damaszku i zaprzeczy\u0142, jakoby porzucili sojusznik\u00f3w, twierdz\u0105c, \u017ce to &#8222;Moskwa nakaza\u0142a im opuszczenie Syrii&#8221;.<\/p>\n<p class=\"Paragraph_desktopParagraph__U31Gm\">Dzieci Asada cz\u0119sto odwiedzaj\u0105 Zjednoczone Emiraty Arabskie, a Asma towarzyszy\u0142a im w jednej z podr\u00f3\u017cy. Z przeciek\u00f3w dotycz\u0105cych lot\u00f3w z lat 2017-2023 wynika, \u017ce ZEA ju\u017c wcze\u015bniej by\u0142y ulubionym kierunkiem rodziny Asad\u00f3w. Karim i Hafez wielokrotnie podr\u00f3\u017cowali mi\u0119dzy Abu Zabi, Moskw\u0105 a Syri\u0105. Pocz\u0105tkowo rodzina planowa\u0142a przeprowadzk\u0119 z Moskwy do ZEA, jednak zmiana miejsca zamieszkania okaza\u0142a si\u0119 niemo\u017cliwa, poniewa\u017c Emiraty po upadku re\u017cimu niech\u0119tnie przyjmuj\u0105 Asada.<\/p>\n","protected":false},"excerpt":{"rendered":"Rodzina Asad\u00f3w, rok po upadku re\u017cimu, mieszka w Moskwie, prowadz\u0105c &#8222;spokojne i luksusowe \u017cycie&#8221;. Wed\u0142ug \u017ar\u00f3de\u0142, ich domem&hellip;\n","protected":false},"author":2,"featured_media":151915,"comment_status":"","ping_status":"","sticky":false,"template":"","format":"standard","meta":{"footnotes":""},"categories":[14],"tags":[30582,9134,32,33,27,67,34,35,4349,28,31,53,25,52,68,51,55,40,41,47,196,80,9133,29,30,65,50,26,82,83,84],"class_list":{"0":"post-151914","1":"post","2":"type-post","3":"status-publish","4":"format-standard","5":"has-post-thumbnail","7":"category-swiat","8":"tag-asma_al_asad","9":"tag-baszszar_al_asad_prezydent_syrii","10":"tag-breaking-news","11":"tag-breakingnews","12":"tag-headlines","13":"tag-intextvideo_splayer","14":"tag-latest-news","15":"tag-latestnews","16":"tag-moskwa_miasto","17":"tag-naglowki","18":"tag-najwazniejsze-artykuly","19":"tag-new_header","20":"tag-news","21":"tag-onet3","22":"tag-onet3d","23":"tag-onet3d_2i","24":"tag-phx","25":"tag-polish","26":"tag-polski","27":"tag-screening_general","28":"tag-styl_zycia","29":"tag-swiat","30":"tag-syria_kraj","31":"tag-top-stories","32":"tag-topstories","33":"tag-update_me","34":"tag-v2021","35":"tag-wiadomosci","36":"tag-world","37":"tag-world-news","38":"tag-worldnews"},"share_on_mastodon":{"url":"https:\/\/pubeurope.com\/@pl\/115723390844826849","error":""},"_links":{"self":[{"href":"https:\/\/www.europesays.com\/pl\/wp-json\/wp\/v2\/posts\/151914","targetHints":{"allow":["GET"]}}],"collection":[{"href":"https:\/\/www.europesays.com\/pl\/wp-json\/wp\/v2\/posts"}],"about":[{"href":"https:\/\/www.europesays.com\/pl\/wp-json\/wp\/v2\/types\/post"}],"author":[{"embeddable":true,"href":"https:\/\/www.europesays.com\/pl\/wp-json\/wp\/v2\/users\/2"}],"replies":[{"embeddable":true,"href":"https:\/\/www.europesays.com\/pl\/wp-json\/wp\/v2\/comments?post=151914"}],"version-history":[{"count":0,"href":"https:\/\/www.europesays.com\/pl\/wp-json\/wp\/v2\/posts\/151914\/revisions"}],"wp:featuredmedia":[{"embeddable":true,"href":"https:\/\/www.europesays.com\/pl\/wp-json\/wp\/v2\/media\/151915"}],"wp:attachment":[{"href":"https:\/\/www.europesays.com\/pl\/wp-json\/wp\/v2\/media?parent=151914"}],"wp:term":[{"taxonomy":"category","embeddable":true,"href":"https:\/\/www.europesays.com\/pl\/wp-json\/wp\/v2\/categories?post=151914"},{"taxonomy":"post_tag","embeddable":true,"href":"https:\/\/www.europesays.com\/pl\/wp-json\/wp\/v2\/tags?post=151914"}],"curies":[{"name":"wp","href":"https:\/\/api.w.org\/{rel}","templated":true}]}}