{"id":151928,"date":"2025-12-15T11:45:28","date_gmt":"2025-12-15T11:45:28","guid":{"rendered":"https:\/\/www.europesays.com\/pl\/151928\/"},"modified":"2025-12-15T11:45:28","modified_gmt":"2025-12-15T11:45:28","slug":"dlaczego-warto-zainwestowac-w-ukrainie-nie-czekajac-na-rozejm-puls-biznesu","status":"publish","type":"post","link":"https:\/\/www.europesays.com\/pl\/151928\/","title":{"rendered":"Dlaczego warto zainwestowa\u0107 w Ukrainie, nie czekaj\u0105c na rozejm &#8211; Puls Biznesu"},"content":{"rendered":"<p data-block-key=\"a84q6\">Potrzeby Ukrainy zwi\u0105zane z odbudow\u0105 si\u0119gaj\u0105 524 mld USD \u2014 szacuje Bank \u015awiatowy. To du\u017ca szansa dla polskich firm. W teorii przedsi\u0119biorcy maj\u0105 wielkie plany inwestycyjne. W praktyce, dop\u00f3ki trwa wojna, wstrzymuj\u0105 si\u0119 z decyzjami. Nie wszyscy &#8211; i s\u0142usznie.<\/p>\n<p>Ryzyko jest du\u017ce, wiele polskich firm ucierpia\u0142o<\/p>\n<p data-block-key=\"8mrnc\">\u2013 Nie widzimy kolejki polskich firm ch\u0119tnych do inwestowania w Ukrainie. Co innego eksport, kt\u00f3rego \u0142atwo podejmuj\u0105 si\u0119 nasi przedsi\u0119biorcy. Mocno jednak si\u0119 wahaj\u0105, je\u015bli chodzi o bezpo\u015bredni\u0105 obecno\u015b\u0107 w tym kraju. A warto wykorzysta\u0107 ten moment. Robi\u0105 to ju\u017c firmy z kraj\u00f3w zachodniej Europy \u2013 Niemiec czy Francji. Ryzyko dla wszystkich jest takie samo, a my mamy podobne instrumenty wsparcia jak inne kraje. Zdejmuj\u0105 one z firm spor\u0105 cz\u0119\u015b\u0107 ryzyka \u2013 m\u00f3wi Agnieszka Falkowska, dyrektorka departamentu mi\u0119dzynarodowych instrument\u00f3w rozwojowych w Banku Gospodarstwa Krajowego (BGK).<\/p>\n<p data-block-key=\"5mp6s\">Kwietniowy raport Polsko-Ukrai\u0144skiej Izby Gospodarczej (PUIG) pokazuje jednak, \u017ce z polskimi inwestycjami w Ukrainie nie jest tak \u017ale &#8211; od pocz\u0105tku wojny inwestorzy ze 100 kraj\u00f3w za\u0142o\u017cyli tam ponad 3 tys. firm. Polska znalaz\u0142a si\u0119 pod tym wzgl\u0119dem na 3. miejscu (ok. 300 firm), wyprzedzaj\u0105c Niemcy, USA i Wielk\u0105 Brytani\u0119. Natomiast pod wzgl\u0119dem skumulowanej warto\u015bci inwestycji nasz kraj zaj\u0105\u0142 10. miejsce. Centrum analityczne Gremi Personal podaje, \u017ce dzia\u0142alno\u015b\u0107 w Ukrainie prowadzi ponad 3,6 tys. sp\u00f3\u0142ek z polskim kapita\u0142em, z kt\u00f3rych ponad 3 tys. &#8211; wed\u0142ug ukrai\u0144skiego rz\u0105du &#8211; aktywnie uczestniczy w odbudowie kraju.<\/p>\n<p data-block-key=\"a73s6\">Jacek Piechota, prezes PUIG, t\u0142umaczy jednak, \u017ce wi\u0119ksze inwestycje polskich firm w Ukrainie to w du\u017cej mierze efekt moratorium, kt\u00f3re obowi\u0105zywa\u0142o przez dwa lata i zakazywa\u0142o transferowania zysk\u00f3w z Ukrainy. Dzia\u0142aj\u0105ce tam sp\u00f3\u0142ki musia\u0142y je wi\u0119c reinwestowa\u0107 na miejscu.<\/p>\n<p data-block-key=\"2gov3\">&#8211; Podobnie ze sp\u00f3\u0142kami z kapita\u0142em zachodnim, kt\u00f3rego by\u0142o wi\u0119cej ni\u017c polskiego. Dlatego zachodnie firmy wykazuj\u0105 dzisiaj dosy\u0107 wysoki poziom inwestycji jak na warunki wojny \u2013 m\u00f3wi Jacek Piechota.<\/p>\n<p data-block-key=\"19n39\">Jego zdaniem generalnie firmy czekaj\u0105 jednak z decyzjami.<\/p>\n<p data-block-key=\"hgf4\">&#8211; Zainteresowanie jest du\u017ce, ale decyzji brak. O nowych inwestycjach nie s\u0142ycha\u0107. Cenne jest natomiast to, \u017ce ci, kt\u00f3rzy ju\u017c tam s\u0105, nie ograniczyli aktywno\u015bci \u2013 m\u00f3wi Jacek Piechota.<\/p>\n<p data-block-key=\"2t48g\">W Ukrainie od lat dzia\u0142a wiele polskich firm, kt\u00f3re zapu\u015bci\u0142y tam ju\u017c korzenie i trwaj\u0105, a nawet rozwijaj\u0105 biznes mimo konfliktu zbrojnego. Niekt\u00f3re przesz\u0142y trudne pr\u00f3by. W lipcu 2025 r. rosyjskie drony uderzy\u0142y w fabryk\u0119 grupy Barlinek w Winnicy. Z kolei w 2023 r. atak rakietowy zniszczy\u0142 fabryk\u0119 Fakro we Lwowie, powoduj\u0105c straty o warto\u015bci 30 mln z\u0142.<\/p>\n<p>Najlepszy czas na inwestycje jest teraz<\/p>\n<p data-block-key=\"a5gfm\">Zdaniem prezesa PUIG inwestowa\u0107 warto ju\u017c teraz.<\/p>\n<p data-block-key=\"5f05e\">&#8211; Wiele firm z r\u00f3\u017cnych kraj\u00f3w interesuje si\u0119 inwestycjami w Ukrainie. Kto b\u0119dzie tam pierwszy, ten najwi\u0119cej skorzysta \u2013 m\u00f3wi Jacek Piechota.<\/p>\n<p data-block-key=\"bruiu\">Polskie firmy maj\u0105 o tyle \u0142atwo, \u017ce w Ukrainie s\u0105 dobrze przyjmowane i postrzegane. Ukrai\u0144cy wci\u0105\u017c pami\u0119taj\u0105 nasze zaanga\u017cowanie w pomoc w 2022 r.<\/p>\n<p data-block-key=\"9tt8c\">Ponadto inwestowanie w czasie wojny jest dobrze wynagradzane. Oleh Rudenko z Centrum Analitycznego Gremi Personal zwraca uwag\u0119, to w\u0142a\u015bnie rynki wysokiego ryzyka oferuj\u0105 cz\u0119sto wy\u017csz\u0105 rentowno\u015b\u0107. Wed\u0142ug oblicze\u0144 Banku \u015awiatowego inwestycje w krajach obj\u0119tych konfliktem generuj\u0105 \u015brednio o 8-10 proc. wy\u017csze zyski ni\u017c na stabilnych rynkach. Dlatego inwestowanie w czasie wojny si\u0119 op\u0142aca.<\/p>\n<p data-block-key=\"9obf1\">&#8211; Kto wchodzi pierwszy, zyskuje nie tylko przych\u00f3d, ale te\u017c d\u0142ugoterminow\u0105 przewag\u0119 konkurencyjn\u0105 \u2013 m\u00f3wi Oleh Rudenko.<\/p>\n<p data-block-key=\"59r2c\">Co prawda inwestycj\u0119 na wypadek ryzyka wojny mo\u017cna ju\u017c ubezpieczy\u0107, ale dla wielu firm koszt jest zaporowy. Dzia\u0142aj\u0105 ju\u017c preferencyjne instrumenty wspieraj\u0105ce polskie inwestycje w Ukrainie, ale wci\u0105\u017c nie ma podpisanej umowy mi\u0119dzy BGK a KE w sprawie najwi\u0119kszego programu wsparcia inwestycji w Ukrainie \u2013 Ukraine Facility.<\/p>\n<p data-block-key=\"49e9b\">&#8211; Jej podpisanie mo\u017ce wp\u0142yn\u0105\u0107 na decyzje polskich firm wstrzymuj\u0105cych si\u0119 z inwestycjami w Ukrainie \u2013 m\u00f3wi Jacek Piechota.<\/p>\n<p data-block-key=\"e3nfb\">Karol Kubica, kierownik biura Polskiej Agencji Inwestycji i Handlu (PAIH) w Kijowie i Lwowie, ju\u017c teraz jednak zauwa\u017ca coraz wi\u0119kszy ruch w polskim biznesie w Ukrainie.<\/p>\n<p data-block-key=\"3h6n4\">&#8211; Firmy otwieraj\u0105 przedstawicielstwa i rejestruj\u0105 dzia\u0142alno\u015b\u0107, w szczeg\u00f3lno\u015bci w obwodzie lwowskim i kijowskim. Chc\u0105 by\u0107 gotowe, \u017ceby dzia\u0142a\u0107 na tym rynku i bra\u0107 udzia\u0142 w przetargach, kiedy tylko pojawi\u0105 si\u0119 takie mo\u017cliwo\u015bci To przede wszystkim przedsi\u0119biorstwa dzia\u0142aj\u0105ce w sektorze budowlanym, energetycznym i medycznym \u2013 m\u00f3wi Karol Kubica.<\/p>\n<p data-block-key=\"415f8\">Do odbudowy Ukrainy przygotowuje si\u0119 Grupa PFR i dzia\u0142aj\u0105cy w jej ramach Fundusz Ekspansji Zagranicznej (FEZ).<\/p>\n<p data-block-key=\"nepf\">&#8211; Widzimy du\u017ce zainteresowanie inwestycjami w\u015br\u00f3d polskich firm, kt\u00f3re sukcesywnie si\u0119 do nich przygotowuj\u0105, cho\u0107 dop\u00f3ki trwa wojna, ostro\u017cnie podejmuj\u0105 decyzje. Nam uda\u0142o si\u0119 ju\u017c zrealizowa\u0107 pierwszy projekt z grup\u0105 Euvic. Jeste\u015bmy gotowi zwi\u0119kszy\u0107 skal\u0119 inwestycji w Ukrainie. Teraz rozmawiamy z firmami, kt\u00f3re chc\u0105 realizowa\u0107 kontrakty budowlane, my\u015bl\u0105 o przej\u0119ciu konkurent\u00f3w albo wej\u015bciu na wi\u0119kszo\u015bciowy pakiet udzia\u0142\u00f3w w ukrai\u0144skich sp\u00f3\u0142kach z bran\u017cy przemys\u0142u i nowych technologii. Rozmawiamy te\u017c z firm\u0105, kt\u00f3ra chce zbudowa\u0107 zak\u0142ad przemys\u0142owy i prowadzimy przygotowania do realizacji du\u017cego projektu zwi\u0105zanego z logistyk\u0105 \u2013 m\u00f3wi Marek Buczak, dyrektor departamentu zarz\u0105dzania FEZ w PFR TFI, zarz\u0105dzaj\u0105cy FEZ 2 FIZ AN.<\/p>\n<p data-block-key=\"fceu9\">Fundusz mo\u017ce wspiera\u0107 polskie firmy poprzez wsp\u00f3\u0142finansowanie projekt\u00f3w zagranicznych. Jest te\u017c zainteresowany joint ventrues, w kt\u00f3rych poza polskimi przedsi\u0119biorstwami jest miejsce dla partner\u00f3w z innych kraj\u00f3w.<\/p>\n<p data-block-key=\"bcu90\">&#8211; Rozmawiamy z firmami ameryka\u0144skimi, japo\u0144skimi i korea\u0144skimi, kt\u00f3re cz\u0119sto nie dysponuj\u0105 odpowiednim potencja\u0142em wykonawczym i do\u015bwiadczeniem niezb\u0119dnym do prowadzenia dzia\u0142alno\u015bci w Ukrainie. W tym aspekcie atrakcyjna jest dla nich wsp\u00f3\u0142praca z polskim biznesem \u2013 m\u00f3wi Marek Buczak.<\/p>\n<p>Pionierzy z Polski ju\u017c dzia\u0142aj\u0105 w Ukrainie<\/p>\n<p data-block-key=\"bcvjm\">W Ukrainie dzia\u0142a ju\u017c m.in. cz\u0119stochowska sp\u00f3\u0142ka ELQ zajmuj\u0105ca si\u0119 produkcj\u0105 rozdzielnic, stacji transformatorowych i magazyn\u00f3w energii. W minionym roku otworzy\u0142a biuro w Kijowie.<\/p>\n<p data-block-key=\"cfuuv\">&#8211; Nie ma co czeka\u0107 na zako\u0144czenie wojny. Najlepszy czas na inwestycje w tym kraju jest w\u0142a\u015bnie teraz. Potrzeby s\u0105 ogromne, ryzyko ograniczone, bo inwestycje mo\u017cna ju\u017c ubezpieczy\u0107. Taka okazja zdarza si\u0119 raz na sto lat \u2013 twierdzi Marcin So\u0142tysiak, prezes ELQ.<\/p>\n<p data-block-key=\"651ae\">Chwali si\u0119 inwestycjami w Ukrainie zwi\u0105zanymi z biogazem, bioetanolem, fotowoltaik\u0105 i energetyk\u0105 wiatrow\u0105. Zapowiada te\u017c inwestycje w sektorze obronnym.<\/p>\n<p data-block-key=\"ao140\">W Ukrainie dzia\u0142aj\u0105 r\u00f3wnie\u017c firmy z Polskiego Klastra Rehabilitacyjnego, kt\u00f3ry zrzesza producent\u00f3w protez oraz innego sprz\u0119tu rehabilitacyjnego.<\/p>\n<p data-block-key=\"cb6ri\">&#8211; Tworzymy dwa polskie centra w Ukrainie. Przej\u0119li\u015bmy dzia\u0142k\u0119 dawnego sanatorium i o\u015brodek Caritasu pod Drohobyczem. Tam b\u0119dziemy lokowa\u0107 polskie technologie \u2013 m\u00f3wi Adam Gramala, reprezentant klastra, wyk\u0142adowca Politechniki Pozna\u0144skiej i wsp\u00f3\u0142za\u0142o\u017cyciel firmy ENforce Medical Technologies produkuj\u0105cej protezy.<\/p>\n<p data-block-key=\"63o5j\">Zwraca uwag\u0119, \u017ce Ukraina to kraj, w kt\u00f3rym s\u0105 du\u017ce pieni\u0105dze.<\/p>\n<p data-block-key=\"4k1ue\">&#8211; Ukrai\u0144cy lubi\u0105 dobr\u0105 jako\u015b\u0107 i s\u0105 gotowi za ni\u0105 zap\u0142aci\u0107 nawet kilka razy wi\u0119cej \u2013 m\u00f3wi\u0142 Adam Gramala podczas Forum Biznesu PAIH.<\/p>\n<p data-block-key=\"eg4di\">Biznes w Ukrainie dostrzeg\u0142a tak\u017ce zarejestrowana w Pile sp\u00f3\u0142ka Pol-Dr\u00f3g, kt\u00f3ra we wsp\u00f3\u0142pracy z ukrai\u0144skim samorz\u0105dem chce odbudowywa\u0107 mosty i drogi w Ukrainie.<\/p>\n<p data-block-key=\"8ldhk\">&#8211; W Polsce program budowy dr\u00f3g krajowych i autostrad dobiega ko\u0144ca. Nad Wis\u0142\u0105 zaczyna si\u0119 robi\u0107 ciasno, wi\u0119c patrzymy na s\u0105siada. We wrze\u015bniu podpisali\u015bmy memorandum o wsp\u00f3\u0142pracy z miastem Winnica. Prowadzimy konsultacje in\u017cynieryjne dotycz\u0105ce budowy mostu, kt\u00f3ry jest niezb\u0119dny dla rozwoju i dalszego funkcjonowania miasta, i szukamy optymalnego finansowania tej inwestycji \u2013 m\u00f3wi Mateusz Pali, dyrektor ds. rynk\u00f3w zagranicznych w grupie kapita\u0142owej Pol-Dr\u00f3g.<\/p>\n<p data-block-key=\"61soq\">Podkre\u015bla, \u017ce w Ukrainie jest mn\u00f3stwo do zrobienia &#8211; jest tam najwi\u0119ksza sie\u0107 dr\u00f3g w Europie, a wi\u0119kszo\u015b\u0107 wymaga renowacji.<\/p>\n<p data-block-key=\"16jgn\">&#8211; Z analiz wynika, \u017ce na doprowadzenie dr\u00f3g do dobrego stanu b\u0119d\u0105 potrzebne astronomiczne sumy \u2013 m\u00f3wi Mateusz Pali.<\/p>\n<p data-block-key=\"3um6s\">Wkr\u00f3tce mog\u0105 pojawi\u0107 si\u0119 kolejni inwestorzy \u2013 ZBH w Kijowie opiniuje dwa polskie projekty inwestycji w Ukrainie na zlecenie KUKE, kt\u00f3re mia\u0142oby je ubezpieczy\u0107.<\/p>\n<p data-block-key=\"ala1p\">Biuro w Kijowie otworzy\u0142 Budimex. O tym, \u017ce chce wzi\u0105\u0107 udzia\u0142 w odbudowie Ukrainy po zako\u0144czeniu wojny, prezes Budimexu m\u00f3wi\u0142 ju\u017c kilka miesi\u0119cy temu. Biuro te\u017c mia\u0142o powsta\u0107 po wojnie, ale ruszy\u0142o wcze\u015bniej, \u017ceby firma mog\u0142a by\u0107 na miejscu i obserwowa\u0107 rynek z bliska.<\/p>\n","protected":false},"excerpt":{"rendered":"Potrzeby Ukrainy zwi\u0105zane z odbudow\u0105 si\u0119gaj\u0105 524 mld USD \u2014 szacuje Bank \u015awiatowy. To du\u017ca szansa dla polskich&hellip;\n","protected":false},"author":2,"featured_media":151929,"comment_status":"","ping_status":"","sticky":false,"template":"","format":"standard","meta":{"footnotes":""},"categories":[14],"tags":[32,33,27,34,35,28,31,25,40,41,80,29,30,26,82,83,84],"class_list":{"0":"post-151928","1":"post","2":"type-post","3":"status-publish","4":"format-standard","5":"has-post-thumbnail","7":"category-swiat","8":"tag-breaking-news","9":"tag-breakingnews","10":"tag-headlines","11":"tag-latest-news","12":"tag-latestnews","13":"tag-naglowki","14":"tag-najwazniejsze-artykuly","15":"tag-news","16":"tag-polish","17":"tag-polski","18":"tag-swiat","19":"tag-top-stories","20":"tag-topstories","21":"tag-wiadomosci","22":"tag-world","23":"tag-world-news","24":"tag-worldnews"},"share_on_mastodon":{"url":"https:\/\/pubeurope.com\/@pl\/115723418029100808","error":""},"_links":{"self":[{"href":"https:\/\/www.europesays.com\/pl\/wp-json\/wp\/v2\/posts\/151928","targetHints":{"allow":["GET"]}}],"collection":[{"href":"https:\/\/www.europesays.com\/pl\/wp-json\/wp\/v2\/posts"}],"about":[{"href":"https:\/\/www.europesays.com\/pl\/wp-json\/wp\/v2\/types\/post"}],"author":[{"embeddable":true,"href":"https:\/\/www.europesays.com\/pl\/wp-json\/wp\/v2\/users\/2"}],"replies":[{"embeddable":true,"href":"https:\/\/www.europesays.com\/pl\/wp-json\/wp\/v2\/comments?post=151928"}],"version-history":[{"count":0,"href":"https:\/\/www.europesays.com\/pl\/wp-json\/wp\/v2\/posts\/151928\/revisions"}],"wp:featuredmedia":[{"embeddable":true,"href":"https:\/\/www.europesays.com\/pl\/wp-json\/wp\/v2\/media\/151929"}],"wp:attachment":[{"href":"https:\/\/www.europesays.com\/pl\/wp-json\/wp\/v2\/media?parent=151928"}],"wp:term":[{"taxonomy":"category","embeddable":true,"href":"https:\/\/www.europesays.com\/pl\/wp-json\/wp\/v2\/categories?post=151928"},{"taxonomy":"post_tag","embeddable":true,"href":"https:\/\/www.europesays.com\/pl\/wp-json\/wp\/v2\/tags?post=151928"}],"curies":[{"name":"wp","href":"https:\/\/api.w.org\/{rel}","templated":true}]}}