{"id":151932,"date":"2025-12-15T11:47:11","date_gmt":"2025-12-15T11:47:11","guid":{"rendered":"https:\/\/www.europesays.com\/pl\/151932\/"},"modified":"2025-12-15T11:47:11","modified_gmt":"2025-12-15T11:47:11","slug":"koniec-slynnego-salonu-fryzjerskiego-pan-gerard-byl-prawdziwym-mistrzem","status":"publish","type":"post","link":"https:\/\/www.europesays.com\/pl\/151932\/","title":{"rendered":"Koniec s\u0142ynnego salonu fryzjerskiego. &#8222;Pan Gerard by\u0142 prawdziwym mistrzem&#8221;"},"content":{"rendered":"<p class=\"Paragraph_desktopParagraph__U31Gm\">Od przeprowadzki do Gda\u0144ska pi\u0119\u0107 lat temu chodzi\u0142em wy\u0142\u0105cznie do jednego, niewielkiego zak\u0142adu fryzjerskiego. Mie\u015bci\u0142 si\u0119 on w Gda\u0144sku na Oruni, przy Trakcie \u015bw. Wojciecha 24. Mia\u0142em tam naprawd\u0119 blisko, nie by\u0142o nigdy zapis\u00f3w, p\u0142aci\u0142o si\u0119 got\u00f3wk\u0105, no i przede wszystkim by\u0142o tanio. W tym miesi\u0105cu, jak zwykle, wybra\u0142em si\u0119 tam na strzy\u017cenie, ale tym razem czeka\u0142a na mnie niemi\u0142a niespodzianka. Na drzwiach wisia\u0142a kartka z napisem &#8222;Od 1 grudnia 2025 salon zamkni\u0119ty na sta\u0142e&#8221;. Czy\u017cby to naprawd\u0119 by\u0142 koniec legendarnego gda\u0144skiego zak\u0142adu fryzjerskiego?<\/p>\n<ul class=\"OchatFollowUps_wrapper__1ry7X\">\n<li class=\"OchatFollowUps_item__Dhyly OchatFollowUps_itemDesktop__R6aBv\">Czy zak\u0142ad fryzjerski na Oruni by\u0142 znany?<\/li>\n<li class=\"OchatFollowUps_item__Dhyly OchatFollowUps_itemDesktop__R6aBv\">Kiedy zmar\u0142 pan Gerard Lampkowski?<\/li>\n<li class=\"OchatFollowUps_item__Dhyly OchatFollowUps_itemDesktop__R6aBv\">Jakie by\u0142y godziny otwarcia zak\u0142adu w przesz\u0142o\u015bci?<\/li>\n<li class=\"OchatFollowUps_item__Dhyly OchatFollowUps_itemDesktop__R6aBv\">Kto przej\u0105\u0142 zak\u0142ad po panu Gerarda?<\/li>\n<\/ul>\n<p><img decoding=\"async\" class=\"Image_image__0tuHp Image_autoHeight__f2n87 \" height=\"587\" width=\"394\" src=\"https:\/\/www.europesays.com\/pl\/wp-content\/uploads\/2025\/12\/_ntk9kpTURBXy9iZTliOTc2YWIyNTkzNzIyOGJiNmIzZGM0NDdkZTNkNS5qcGeTlQMAAM0B080Ct5UCzQOsAMLDlQIAzQJLwsPeA.jpeg\" alt=\"Kartka z napisem \u201eOd 1 grudnia 2025 salon zamkni\u0119ty na sta\u0142e\u201d.\" loading=\"lazy\" \/>szaryburek.pl<\/p>\n<p>Kartka z napisem \u201eOd 1 grudnia 2025 salon zamkni\u0119ty na sta\u0142e\u201d.<\/p>\n<p class=\"Paragraph_desktopParagraph__U31Gm\">Pami\u0119tam jeszcze pana Gerarda Lampkowskiego, gdy przychodzi\u0142em si\u0119 obci\u0105\u0107, przewa\u017cnie siedzia\u0142 w swoim fotelu i czyta\u0142 gazet\u0119. Podczas strzy\u017cenia zawsze z pasj\u0105 opowiada\u0142 o sporcie, troch\u0119 o tenisie, czasem o pi\u0142ce no\u017cnej, zawsze by\u0142 na bie\u017c\u0105co z wynikami i ogl\u0105da\u0142 mecze. Kiedy\u015b, jak przyjecha\u0142em rowerem i zostawi\u0142em go przed zak\u0142adem, pan Gerard od razu zapyta\u0142 si\u0119 mnie, czy go dobrze przypi\u0105\u0142em, bo on kiedy\u015b tak rower zostawi\u0142 kr\u00f3tko po II wojnie \u015bwiatowej, to mu go ukradli.<\/p>\n<p><img decoding=\"async\" class=\"Image_image__0tuHp Image_autoHeight__f2n87 \" height=\"587\" width=\"890\" src=\"https:\/\/www.europesays.com\/pl\/wp-content\/uploads\/2025\/12\/Oack9kpTURBXy84MmZlZGRmNGQ5MzVhZGUzMTcyYjlhNzEzNmE1ODQ2Ny5qcGeTlQMAAM0Ex80DJpUCzQOsAMLDlQIAzQJLwsPeA.jpeg\" alt=\"Zak\u0142ad fryzjerski.\" loading=\"lazy\" \/>szaryburek.pl<\/p>\n<p>Zak\u0142ad fryzjerski.<\/p>\n<p class=\"Paragraph_desktopParagraph__U31Gm\">Jego zak\u0142ad fryzjerski by\u0142 inny ni\u017c wszystkie. Panowa\u0142 tam klimat jak z dawnych czas\u00f3w, troch\u0119 jak z PRL-u \u2014 prosty i autentyczny. Na \u015bcianach wisia\u0142y zdj\u0119cia pana Gerarda z pokaz\u00f3w fryzjerskich, dyplomy, medale, stare pami\u0105tki, prawdziwe muzeum jego wieloletniej dzia\u0142alno\u015bci. By\u0142 prawdziwym mistrzem w swoim fachu. Teraz \u017ca\u0142uj\u0119, \u017ce nie sfotografowa\u0142em wn\u0119trza tego zak\u0142adu. Mia\u0142bym fajn\u0105 pami\u0105tk\u0119 po cz\u0142owieku, kt\u00f3rego zaw\u00f3d sta\u0142 si\u0119 prawdziw\u0105 pasj\u0105.<\/p>\n<p><img decoding=\"async\" class=\"Image_image__0tuHp Image_autoHeight__f2n87 \" height=\"583\" width=\"940\" src=\"https:\/\/www.europesays.com\/pl\/wp-content\/uploads\/2025\/12\/_bkk9kpTURBXy8yMzIxYWI4NjIwZmI4ODJlMmY3NmI3MGYzY2MyYmVkOC5qcGeTlQMAAM0E3c0DBZUCzQOsAMLDlQIAzQJLwsPeA.jpeg\" alt=\"Zak\u0142ad fryzjerski.\" loading=\"lazy\" \/>szaryburek.pl<\/p>\n<p>Zak\u0142ad fryzjerski.<\/p>\n<p class=\"Paragraph_desktopParagraph__U31Gm\">To by\u0142a bardzo powa\u017cana posta\u0107 w Tr\u00f3jmie\u015bcie, o kt\u00f3rej i o czyjej fryzjerskiej dzia\u0142alno\u015bci cz\u0119sto rozpisywa\u0142y si\u0119 lokalne portale. W serwisie Tr\u00f3jmiasto.pl ukaza\u0142 si\u0119 artyku\u0142, w kt\u00f3rym pan Gerard wspomina\u0142 dawne czasy swojego zak\u0142adu.<\/p>\n<p class=\"Paragraph_desktopParagraph__U31Gm\">&#8222;W latach 40. i 50. XX w. strzyg\u0142o si\u0119 nawet kilkadziesi\u0105t os\u00f3b dziennie. Pracowa\u0142o si\u0119 minimum 12 godzin dziennie. W sobot\u0119 zak\u0142ad by\u0142 otwarty do godziny 21. Jeden fryzjer obs\u0142ugiwa\u0142 nawet do 50 klient\u00f3w. Cz\u0142owiek nie mia\u0142 czasu, aby co\u015b zje\u015b\u0107, ani skorzysta\u0107 z toalety. Kiedy nasta\u0142y lata 60., wybuch\u0142a moda na Beatles\u00f3w. Najwi\u0119kszego wroga dla naszego zawodu. Przez tych muzyk\u00f3w w samym tylko Gda\u0144sku prac\u0119 straci\u0142o 120 fryzjer\u00f3w \u2014 wspomina Lampkowski dla portalu Tr\u00f3jmiasto.pl.<\/p>\n<p class=\"Paragraph_desktopParagraph__U31Gm\">&#8222;Ojciec zacz\u0105\u0142 pracowa\u0107 w wieku 20 lat. Przez dobre trzy dekady pracowa\u0142 sze\u015b\u0107 dni w tygodniu i cz\u0119sto mia\u0142 nawet 20 klient\u00f3w dziennie. D\u0142u\u017cszy urlop mia\u0142 chyba raz. W 1982 r., kiedy pojechali\u015bmy razem na Mazury \u2014 wspomina Piotr Lampkowski, syn Gerarda dla portalu MojaOrunia.pl<\/p>\n<p class=\"Paragraph_desktopParagraph__U31Gm\">Pod postem pojawi\u0142o si\u0119 mn\u00f3stwo mi\u0142ych komentarzy o jego osobie i dzia\u0142alno\u015bci. Chcia\u0142bym szczeg\u00f3lnie wyr\u00f3\u017cni\u0107 komentarz pani Doroty: &#8222;Pana Gerarda mia\u0142am przyjemno\u015b\u0107 pozna\u0107 w 2018 r. Robi\u0142am z nim wywiad o historii jego zak\u0142adu i o dawnej Oruni do stworzonej przeze mnie i Ol\u0119 Abakanowicz gazety &#8222;Wasze historie po Oru\u0144sku&#8221;. Mia\u0142 \u015bwietn\u0105 pami\u0119\u0107 i by\u0142 wspania\u0142ym rozm\u00f3wc\u0105. By\u0142 te\u017c szalenie pracowitym cz\u0142owiekiem. Podczas wywiadu, kt\u00f3ry odbywa\u0142 si\u0119 w jego zak\u0142adzie, obstrzyg\u0142 jednocze\u015bnie kilku klient\u00f3w  Pracowa\u0107 zacz\u0105\u0142 tak w\u0142a\u015bciwie ju\u017c w wieku 14 lat, kiedy zacz\u0105\u0142 pomaga\u0107 rodzicom \u2014 r\u00f3wnie\u017c fryzjerom. To po nich przej\u0105\u0142 oru\u0144ski zak\u0142ad fryzjerski, kt\u00f3ry by\u0142 drugim najd\u0142u\u017cej dzia\u0142aj\u0105cym na Oruni. (Zaraz po tym nale\u017c\u0105cym do rodziny Scharmach\u00f3w, z kt\u00f3rymi zreszt\u0105 dobrze si\u0119 zna\u0142). Wspania\u0142y cz\u0142owiek, wielka szkoda, \u017ce nie ma go ju\u017c z nami&#8221;.<\/p>\n<p class=\"Paragraph_desktopParagraph__U31Gm\">Gerard Lampkowski zmar\u0142 12 kwietnia 2024 r. Mia\u0142 86 lat. Jego ostatni dzie\u0144 w zak\u0142adzie przypad\u0142 na 26 stycznia. Dowiedzia\u0142em si\u0119 o tym podczas mojej kolejnej wizyty w tym zak\u0142adzie. Strzyg\u0142a mnie wtedy pani Dorota, kt\u00f3ra przej\u0119\u0142a wtedy no\u017cyczki pana Gerarda, aby zak\u0142ad m\u00f3g\u0142 dalej funkcjonowa\u0107. Przy kolejnych wizytach dowiedzia\u0142em si\u0119, \u017ce i ona tam ju\u017c nie pracuje. Gdy odwiedza\u0142em zak\u0142ad w kolejnych miesi\u0105cach, obcina\u0142a mnie ju\u017c m\u0142oda dziewczyna, ale imienia nie pozna\u0142em. Teraz wisz\u0105ca karta z informacj\u0105, \u017ce zak\u0142ad jest zamkni\u0119ty na sta\u0142e, najprawdopodobniej \u015bwiadczy o tym, \u017ce pewien rozdzia\u0142 pewnej historii w\u0142a\u015bnie si\u0119 zamkn\u0105\u0142.<\/p>\n<p class=\"Paragraph_desktopParagraph__U31Gm\">\u0179r\u00f3d\u0142a:<\/p>\n<p class=\"Paragraph_desktopParagraph__U31Gm\">https:\/\/www.trojmiasto.pl\/biznes\/Zaklad-fryzjerski-ktory-oparl-sie-nawet-modzie-na-Beatlesow-n104934.html<\/p>\n<p class=\"Paragraph_desktopParagraph__U31Gm\">https:\/\/mojaorunia.pl\/index.php?option=com_orunia&#038;task=artykul&#038;id=15209<\/p>\n","protected":false},"excerpt":{"rendered":"Od przeprowadzki do Gda\u0144ska pi\u0119\u0107 lat temu chodzi\u0142em wy\u0142\u0105cznie do jednego, niewielkiego zak\u0142adu fryzjerskiego. Mie\u015bci\u0142 si\u0119 on w&hellip;\n","protected":false},"author":2,"featured_media":151933,"comment_status":"","ping_status":"","sticky":false,"template":"","format":"standard","meta":{"footnotes":""},"categories":[5],"tags":[32,33,36,37,27,34,35,1565,28,31,53,25,52,68,51,55,42,38,40,39,41,47,196,24799,29,30,50,26],"class_list":{"0":"post-151932","1":"post","2":"type-post","3":"status-publish","4":"format-standard","5":"has-post-thumbnail","7":"category-naglowki","8":"tag-breaking-news","9":"tag-breakingnews","10":"tag-featured-news","11":"tag-featurednews","12":"tag-headlines","13":"tag-latest-news","14":"tag-latestnews","15":"tag-ms","16":"tag-naglowki","17":"tag-najwazniejsze-artykuly","18":"tag-new_header","19":"tag-news","20":"tag-onet3","21":"tag-onet3d","22":"tag-onet3d_2i","23":"tag-phx","24":"tag-pl","25":"tag-poland","26":"tag-polish","27":"tag-polska","28":"tag-polski","29":"tag-screening_general","30":"tag-styl_zycia","31":"tag-szaryburekpl","32":"tag-top-stories","33":"tag-topstories","34":"tag-v2021","35":"tag-wiadomosci"},"share_on_mastodon":{"url":"https:\/\/pubeurope.com\/@pl\/115723426219460291","error":""},"_links":{"self":[{"href":"https:\/\/www.europesays.com\/pl\/wp-json\/wp\/v2\/posts\/151932","targetHints":{"allow":["GET"]}}],"collection":[{"href":"https:\/\/www.europesays.com\/pl\/wp-json\/wp\/v2\/posts"}],"about":[{"href":"https:\/\/www.europesays.com\/pl\/wp-json\/wp\/v2\/types\/post"}],"author":[{"embeddable":true,"href":"https:\/\/www.europesays.com\/pl\/wp-json\/wp\/v2\/users\/2"}],"replies":[{"embeddable":true,"href":"https:\/\/www.europesays.com\/pl\/wp-json\/wp\/v2\/comments?post=151932"}],"version-history":[{"count":0,"href":"https:\/\/www.europesays.com\/pl\/wp-json\/wp\/v2\/posts\/151932\/revisions"}],"wp:featuredmedia":[{"embeddable":true,"href":"https:\/\/www.europesays.com\/pl\/wp-json\/wp\/v2\/media\/151933"}],"wp:attachment":[{"href":"https:\/\/www.europesays.com\/pl\/wp-json\/wp\/v2\/media?parent=151932"}],"wp:term":[{"taxonomy":"category","embeddable":true,"href":"https:\/\/www.europesays.com\/pl\/wp-json\/wp\/v2\/categories?post=151932"},{"taxonomy":"post_tag","embeddable":true,"href":"https:\/\/www.europesays.com\/pl\/wp-json\/wp\/v2\/tags?post=151932"}],"curies":[{"name":"wp","href":"https:\/\/api.w.org\/{rel}","templated":true}]}}