{"id":151944,"date":"2025-12-15T11:52:10","date_gmt":"2025-12-15T11:52:10","guid":{"rendered":"https:\/\/www.europesays.com\/pl\/151944\/"},"modified":"2025-12-15T11:52:10","modified_gmt":"2025-12-15T11:52:10","slug":"powodz-blyskawiczna-w-maroko-ulewa-trwala-godzine-rosnie-bilans-ofiar","status":"publish","type":"post","link":"https:\/\/www.europesays.com\/pl\/151944\/","title":{"rendered":"Pow\u00f3d\u017a b\u0142yskawiczna w Maroko. Ulewa trwa\u0142a godzin\u0119, ro\u015bnie bilans ofiar"},"content":{"rendered":"<p>W skr\u00f3cie<\/p>\n<ul class=\"typography ids-typeset-body ids-typeset-body--preset-large list ids-list ids-list--unordered ids-list--size-large \" datatype=\"disc\">\n<li class=\"ids-list-item\">\n<p>Intensywne, kr\u00f3tkotrwa\u0142e opady doprowadzi\u0142y do powodzi b\u0142yskawicznej w Safi w Maroku.<\/p>\n<\/li>\n<li class=\"ids-list-item\">\n<p>Liczba ofiar wzros\u0142a do co najmniej 37, a akcja ratunkowa nadal trwa.<\/p>\n<\/li>\n<li class=\"ids-list-item\">\n<p>W regionie od wielu lat trwa susza, przerywana kr\u00f3tkimi okresami intensywnych opad\u00f3w.<\/p>\n<\/li>\n<li class=\"ids-list-item\"><\/li>\n<\/ul>\n<p class=\"typography ids-typeset-body ids-typeset-body--preset-large link paragraph ids-paragraph ids-paragraph--default\">Pow\u00f3d\u017a spowodowa\u0142o trwaj\u0105ce jedynie godzin\u0119 oberwanie chmury\u00a0w niedziel\u0119 po po\u0142udniu &#8211; informuje maroka\u0144ska agencja informacyjna MAP. Pocz\u0105tkowo informowano o siedmiu zabitych, potem o 21, a w poniedzia\u0142ek przed po\u0142udniem bilans wzr\u00f3s\u0142 do 37.<\/p>\n<p>70 budynk\u00f3w zalanych, woda porywa\u0142a auta. S\u0105 nagrania<\/p>\n<p class=\"typography ids-typeset-body ids-typeset-body--preset-large link paragraph ids-paragraph ids-paragraph--default\">Cho\u0107 opady trwa\u0142y bardzo kr\u00f3tko, by\u0142y wyj\u0105tkowo intensywne i doprowadzi\u0142y do powodzi b\u0142yskawicznej na ograniczonym obszarze. Woda zala\u0142a 70 dom\u00f3w oraz sklep\u00f3w w Safi oraz porwa\u0142a 10 pojazd\u00f3w. Potoki uszkodzi\u0142y niekt\u00f3re miejskie drogi.<\/p>\n<p class=\"typography ids-typeset-body ids-typeset-body--preset-large link paragraph ids-paragraph ids-paragraph--default\">Wiadomo, \u017ce zgin\u0119\u0142o co najmniej 37 os\u00f3b, jednak ostateczny bilans mo\u017ce by\u0107 wi\u0119kszy. Ca\u0142y czas trwa bowiem akcja ratunkowa oraz poszukiwanie ewentualnych zaginionych.<\/p>\n<p class=\"typography ids-typeset-body ids-typeset-body--preset-large link paragraph ids-paragraph ids-paragraph--default\">W mediach spo\u0142eczno\u015bciowych pojawiaj\u0105 si\u0119 nagrania pokazuj\u0105ce samochody porwane przez wezbran\u0105 wod\u0119:<\/p>\n<p class=\"typography ids-typeset-body ids-typeset-body--preset-large link paragraph ids-paragraph ids-paragraph--default\">14 os\u00f3b zosta\u0142o rannych &#8211; przebywaj\u0105 one w szpitalu imienia Mohammeda V w Safi. Dwie z nich znajduj\u0105 si\u0119 na oddziale intensywnej opieki medycznej.<\/p>\n<p class=\"typography ids-typeset-body ids-typeset-body--preset-large link paragraph ids-paragraph ids-paragraph--default\">To jedno z najtragiczniejszych zdarze\u0144 tego typu w Maroko w ci\u0105gu ostatniej dekady &#8211; informuje agencja AFP. W poniedzia\u0142ek zamkni\u0119to szko\u0142y w mie\u015bcie, trwa szacowanie strat po powodzi.<\/p>\n<p>D\u0142ugoletnia susza przerywana kr\u00f3tkimi powodziami<\/p>\n<p class=\"typography ids-typeset-body ids-typeset-body--preset-large link paragraph ids-paragraph ids-paragraph--default\">Safi\u00a0to miasto znajduj\u0105ce si\u0119 na wybrze\u017cu Atlantyku, w odleg\u0142o\u015bci 320 km od stolicy Maroka, Rabatu. To wa\u017cny o\u015brodek wydobywczy oraz port rybacki. Mieszka w nim ponad 300 tys. os\u00f3b.<\/p>\n<p class=\"typography ids-typeset-body ids-typeset-body--preset-large link paragraph ids-paragraph ids-paragraph--default\">Ta cz\u0119\u015b\u0107 Maroka, tak samo jak reszta kraju od oko\u0142o siedmiu lat zmaga si\u0119 z pot\u0119\u017cn\u0105 susz\u0105. W ostatnim czasie jednak pojawi\u0142y si\u0119 opady, g\u0142\u00f3wnie w rejonie g\u00f3r Atlas. Tam spad\u0142 nie tylko deszcz, lecz r\u00f3wnie\u017c \u015bnieg.<\/p>\n<p class=\"typography ids-typeset-body ids-typeset-body--preset-large link paragraph ids-paragraph ids-paragraph--default\">Z powodu d\u0142ugotrwa\u0142ej suszy gleba stwardnia\u0142a i nie jest w stanie odpowiednio szybko przyjmowa\u0107 wody. Wystarcz\u0105 wi\u0119c stosunkowo niewielkie opady, by dochodzi\u0142o do powodzi b\u0142yskawicznych. W 2025 roku powodzie doprowadzi\u0142y do \u015bmierci kilkudziesi\u0119ciu os\u00f3b w g\u00f3rzystych rejonach Maroka oraz s\u0105siedniej Algierii.<\/p>\n<p class=\"typography ids-typeset-body ids-typeset-body--preset-large link paragraph ids-paragraph ids-paragraph--default\">\u0179r\u00f3d\u0142o: AFP, Reuters, Mapnews.ma, AP<\/p>\n<p>\u015amiszek: Prezydent &#8222;podpala&#8221; spok\u00f3j spo\u0142eczny i robi wojn\u0119 domow\u0105Polsat NewsPolsat News<\/p>\n<p><a class=\"ids-undecorated-link source ids-page-info--source__link\" href=\"https:\/\/www.interia.pl\" rel=\"nofollow noopener\" target=\"_blank\"><img decoding=\"async\" class=\"ids-image-holder__img\" loading=\"lazy\" alt=\"\" title=\"\" height=\"24px\" src=\"https:\/\/www.europesays.com\/pl\/wp-content\/uploads\/2025\/12\/1765749733_358_0009A60QQ5I2TYF7-C202-F4.webp.webp\"\/><\/a><\/p>\n<p>Masz sugestie, uwagi albo widzisz b\u0142\u0105d? Napisz do nas<\/p>\n","protected":false},"excerpt":{"rendered":"W skr\u00f3cie Intensywne, kr\u00f3tkotrwa\u0142e opady doprowadzi\u0142y do powodzi b\u0142yskawicznej w Safi w Maroku. Liczba ofiar wzros\u0142a do co&hellip;\n","protected":false},"author":2,"featured_media":151945,"comment_status":"","ping_status":"","sticky":false,"template":"","format":"standard","meta":{"footnotes":""},"categories":[14],"tags":[32,33,27,34,35,28,31,25,40,41,80,29,30,26,82,83,84],"class_list":{"0":"post-151944","1":"post","2":"type-post","3":"status-publish","4":"format-standard","5":"has-post-thumbnail","7":"category-swiat","8":"tag-breaking-news","9":"tag-breakingnews","10":"tag-headlines","11":"tag-latest-news","12":"tag-latestnews","13":"tag-naglowki","14":"tag-najwazniejsze-artykuly","15":"tag-news","16":"tag-polish","17":"tag-polski","18":"tag-swiat","19":"tag-top-stories","20":"tag-topstories","21":"tag-wiadomosci","22":"tag-world","23":"tag-world-news","24":"tag-worldnews"},"share_on_mastodon":{"url":"https:\/\/pubeurope.com\/@pl\/115723445668898503","error":""},"_links":{"self":[{"href":"https:\/\/www.europesays.com\/pl\/wp-json\/wp\/v2\/posts\/151944","targetHints":{"allow":["GET"]}}],"collection":[{"href":"https:\/\/www.europesays.com\/pl\/wp-json\/wp\/v2\/posts"}],"about":[{"href":"https:\/\/www.europesays.com\/pl\/wp-json\/wp\/v2\/types\/post"}],"author":[{"embeddable":true,"href":"https:\/\/www.europesays.com\/pl\/wp-json\/wp\/v2\/users\/2"}],"replies":[{"embeddable":true,"href":"https:\/\/www.europesays.com\/pl\/wp-json\/wp\/v2\/comments?post=151944"}],"version-history":[{"count":0,"href":"https:\/\/www.europesays.com\/pl\/wp-json\/wp\/v2\/posts\/151944\/revisions"}],"wp:featuredmedia":[{"embeddable":true,"href":"https:\/\/www.europesays.com\/pl\/wp-json\/wp\/v2\/media\/151945"}],"wp:attachment":[{"href":"https:\/\/www.europesays.com\/pl\/wp-json\/wp\/v2\/media?parent=151944"}],"wp:term":[{"taxonomy":"category","embeddable":true,"href":"https:\/\/www.europesays.com\/pl\/wp-json\/wp\/v2\/categories?post=151944"},{"taxonomy":"post_tag","embeddable":true,"href":"https:\/\/www.europesays.com\/pl\/wp-json\/wp\/v2\/tags?post=151944"}],"curies":[{"name":"wp","href":"https:\/\/api.w.org\/{rel}","templated":true}]}}