{"id":15195,"date":"2025-09-25T11:53:07","date_gmt":"2025-09-25T11:53:07","guid":{"rendered":"https:\/\/www.europesays.com\/pl\/15195\/"},"modified":"2025-09-25T11:53:07","modified_gmt":"2025-09-25T11:53:07","slug":"radoslaw-sikorski-dla-cnn-o-rosji-musielibysmy-zrobic-co-trzeba","status":"publish","type":"post","link":"https:\/\/www.europesays.com\/pl\/15195\/","title":{"rendered":"Rados\u0142aw Sikorski dla CNN o Rosji. &#8222;Musieliby\u015bmy zrobi\u0107, co trzeba&#8221;"},"content":{"rendered":"<p class=\"Paragraph_desktopParagraph__U31Gm\">Rados\u0142aw Sikorski w rozmowie z ameryka\u0144skim dziennikarzem podkre\u015bli\u0142, \u017ce &#8222;wszystko dzieje si\u0119 tylko w jedn\u0105 stron\u0119&#8221;, a samoloty czy drony z Polski albo kraj\u00f3w NATO nie wkraczaj\u0105 w przestrze\u0144 powietrzn\u0105 Rosji.<\/p>\n<p class=\"VideoPlayerText_videoPlayerText__iDwyz\">Dalszy ci\u0105g materia\u0142u pod wideo<\/p>\n<p class=\"Paragraph_desktopParagraph__U31Gm\">\u2014 Jasne wi\u0119c, \u017ce to Rosja prowadzi wojn\u0119 hybrydow\u0105 z takimi formami atak\u00f3w jak podpalenia, przesy\u0142ki z \u0142adunkiem zapalaj\u0105cym, zab\u00f3jstwa. Dlatego, gdyby przechwycony przez nasze lotnictwo rosyjski my\u015bliwiec nie s\u0142ucha\u0142 polece\u0144, to obawiam si\u0119, \u017ce musieliby\u015bmy zrobi\u0107, co trzeba, \u017ceby chroni\u0107 naszych obywateli \u2014 stwierdzi\u0142 szef MSZ.<\/p>\n<ul class=\"OchatFollowUps_wrapper__1ry7X\">\n<li class=\"OchatFollowUps_item__Dhyly OchatFollowUps_itemDesktop__R6aBv\">Jakie dzia\u0142ania Polska podejmie w przypadku naruszenia przestrzeni powietrznej przez Rosj\u0119?<\/li>\n<li class=\"OchatFollowUps_item__Dhyly OchatFollowUps_itemDesktop__R6aBv\">Czy Rados\u0142aw Sikorski wypowiedzia\u0142 si\u0119 na temat incydent\u00f3w z rosyjskimi samolotami?<\/li>\n<li class=\"OchatFollowUps_item__Dhyly OchatFollowUps_itemDesktop__R6aBv\">Co powiedzia\u0142 Sikorski o wojnie hybrydowej prowadzonej przez Rosj\u0119?<\/li>\n<li class=\"OchatFollowUps_item__Dhyly OchatFollowUps_itemDesktop__R6aBv\">Jakie by\u0142y ostatnie incydenty z udzia\u0142em rosyjskich maszyn?<\/li>\n<\/ul>\n<p class=\"Paragraph_desktopParagraph__U31Gm\">Dopytywany, czy decyzja by\u0142aby taka sama w przypadku maszyny bezza\u0142ogowej i za\u0142ogowej, odpowiedzia\u0142: \u2014 Dobrze wiemy, co by si\u0119 sta\u0142o, gdyby kuba\u0144skie migi przelecia\u0142y nad Floryd\u0105, nieprawda\u017c?<\/p>\n<p class=\"Paragraph_desktopParagraph__U31Gm\">Pytany o kolejne incydenty z udzia\u0142em rosyjskich samolot\u00f3w i dron\u00f3w, stwierdzi\u0142, \u017ce &#8222;Rosja w\u0142a\u015bnie dowiedzia\u0142a si\u0119, \u017ce ju\u017c dalej nie mo\u017ce si\u0119 posun\u0105\u0107&#8221;.<\/p>\n<p>Seria incydent\u00f3w z udzia\u0142em rosyjskich maszyn <\/p>\n<p class=\"Paragraph_desktopParagraph__U31Gm\">Warto przypomnie\u0107, \u017ce to kolejne incydenty z udzia\u0142em rosyjskich maszyn. <a href=\"https:\/\/www.onet.pl\/informacje\/onetwiadomosci\/rosyjskie-drony-nad-polska-wszystko-co-wiemy-do-tej-pory\/5f5hyr2,79cfc278\" id=\"a2f49848-1050-4f40-b2c1-9399ce4a85a3\" rel=\"nofollow noopener\" target=\"_blank\">W nocy z 9 na 10 wrze\u015bnia drony naruszy\u0142y w nocy polsk\u0105 przestrze\u0144 powietrzn\u0105<\/a>, a w ostatni weekend samoloty wojskowe Rosji <a href=\"https:\/\/wiadomosci.onet.pl\/swiat\/estonia-reaguje-po-incydencie-z-rosja-minister-oglosil-decyzje-w-sprawie-f-35\/pxfk578\" id=\"d771320d-39b6-46e1-8198-22e8f3417ec5\" rel=\"nofollow noopener\" target=\"_blank\">przez 12 minut znajdowa\u0142y si\u0119 w esto\u0144skiej przestrzeni powietrznej.<\/a><\/p>\n<p class=\"Paragraph_desktopParagraph__U31Gm\">Tymczasem w \u015brod\u0119 <a href=\"https:\/\/wiadomosci.onet.pl\/swiat\/incydent-nad-baltykiem-celem-samolot-z-szefowa-mon-hiszpanii\/nvf3k3r\" id=\"cb8ad4ae-6ab4-4ef7-bc15-f87312d4c120\" rel=\"nofollow noopener\" target=\"_blank\">wobec hiszpa\u0144skiego samolotu wojskowego z ministr\u0105 obrony Margarit\u0105 Robles na pok\u0142adzie podj\u0119to pr\u00f3b\u0119 zak\u0142\u00f3cenia sygna\u0142u GPS<\/a>. Sta\u0142o si\u0119 to podczas przelotu nad Ba\u0142tykiem, niedaleko rosyjskiego Kr\u00f3lewca. Sprawc\u00f3w tego incydentu nie wskazano.<\/p>\n","protected":false},"excerpt":{"rendered":"Rados\u0142aw Sikorski w rozmowie z ameryka\u0144skim dziennikarzem podkre\u015bli\u0142, \u017ce &#8222;wszystko dzieje si\u0119 tylko w jedn\u0105 stron\u0119&#8221;, a samoloty&hellip;\n","protected":false},"author":2,"featured_media":15196,"comment_status":"","ping_status":"","sticky":false,"template":"","format":"standard","meta":{"footnotes":""},"categories":[5],"tags":[32,33,5511,36,37,27,67,34,35,28,31,53,25,52,68,51,55,42,38,40,39,2847,41,1118,198,62,391,47,29,30,65,50,26,364],"class_list":{"0":"post-15195","1":"post","2":"type-post","3":"status-publish","4":"format-standard","5":"has-post-thumbnail","7":"category-naglowki","8":"tag-breaking-news","9":"tag-breakingnews","10":"tag-cnn","11":"tag-featured-news","12":"tag-featurednews","13":"tag-headlines","14":"tag-intextvideo_splayer","15":"tag-latest-news","16":"tag-latestnews","17":"tag-naglowki","18":"tag-najwazniejsze-artykuly","19":"tag-new_header","20":"tag-news","21":"tag-onet3","22":"tag-onet3d","23":"tag-onet3d_2i","24":"tag-phx","25":"tag-pl","26":"tag-poland","27":"tag-polish","28":"tag-polska","29":"tag-polska_polak_polka_polacy_polki","30":"tag-polski","31":"tag-radoslaw_sikorski","32":"tag-rewardedp_tst1","33":"tag-rosja_kraj_rosjanin_rosjanie_rosjanka_rosjanki","34":"tag-rosyjskie_drony_nad_polska_nocna_operacja_wojska","35":"tag-screening_general","36":"tag-top-stories","37":"tag-topstories","38":"tag-update_me","39":"tag-v2021","40":"tag-wiadomosci","41":"tag-widget_ls_tst1"},"share_on_mastodon":{"url":"","error":""},"_links":{"self":[{"href":"https:\/\/www.europesays.com\/pl\/wp-json\/wp\/v2\/posts\/15195","targetHints":{"allow":["GET"]}}],"collection":[{"href":"https:\/\/www.europesays.com\/pl\/wp-json\/wp\/v2\/posts"}],"about":[{"href":"https:\/\/www.europesays.com\/pl\/wp-json\/wp\/v2\/types\/post"}],"author":[{"embeddable":true,"href":"https:\/\/www.europesays.com\/pl\/wp-json\/wp\/v2\/users\/2"}],"replies":[{"embeddable":true,"href":"https:\/\/www.europesays.com\/pl\/wp-json\/wp\/v2\/comments?post=15195"}],"version-history":[{"count":0,"href":"https:\/\/www.europesays.com\/pl\/wp-json\/wp\/v2\/posts\/15195\/revisions"}],"wp:featuredmedia":[{"embeddable":true,"href":"https:\/\/www.europesays.com\/pl\/wp-json\/wp\/v2\/media\/15196"}],"wp:attachment":[{"href":"https:\/\/www.europesays.com\/pl\/wp-json\/wp\/v2\/media?parent=15195"}],"wp:term":[{"taxonomy":"category","embeddable":true,"href":"https:\/\/www.europesays.com\/pl\/wp-json\/wp\/v2\/categories?post=15195"},{"taxonomy":"post_tag","embeddable":true,"href":"https:\/\/www.europesays.com\/pl\/wp-json\/wp\/v2\/tags?post=15195"}],"curies":[{"name":"wp","href":"https:\/\/api.w.org\/{rel}","templated":true}]}}