{"id":151950,"date":"2025-12-15T11:56:08","date_gmt":"2025-12-15T11:56:08","guid":{"rendered":"https:\/\/www.europesays.com\/pl\/151950\/"},"modified":"2025-12-15T11:56:08","modified_gmt":"2025-12-15T11:56:08","slug":"magda-umer-mowila-o-tym-glosno-to-bylo-jej-najwieksze-marzenie","status":"publish","type":"post","link":"https:\/\/www.europesays.com\/pl\/151950\/","title":{"rendered":"Magda Umer m\u00f3wi\u0142a o tym g\u0142o\u015bno. To by\u0142o jej najwi\u0119ksze marzenie"},"content":{"rendered":"<p class=\"ods-c-paragraph \">12 grudnia 2025 r. zmar\u0142a Magda Umer \u2014 wybitna polska piosenkarka, aktorka i ceniona interpretatorka poezji \u015bpiewanej. Informacj\u0119 o jej odej\u015bciu przekazali synowie za po\u015brednictwem oficjalnego profilu artystki na Facebooku. Dzie\u0144 p\u00f3\u017aniej jeden z nich, Franciszek, <a href=\"https:\/\/plejada.pl\/newsy\/syn-magdy-umer-zegna-mame-poruszajace-slowa-o-jej-ostatnich-miesiacach\/1b1g737\" id=\"4be25d58-ea5f-46e3-b6e9-342e6578d5cf\" rel=\"nofollow noopener\" target=\"_blank\">opublikowa\u0142 poruszaj\u0105cy wpis<\/a>, w kt\u00f3rym opisa\u0142 ostatnie chwile \u017cycia swojej mamy.<\/p>\n<p>Dalszy ci\u0105g artyku\u0142u pod materia\u0142em wideo<\/p>\n<p> Jakie by\u0142o najwi\u0119ksze marzenie Magdy Umer? <\/p>\n<p> Kiedy zmar\u0142a Magda Umer? <\/p>\n<p> Co m\u00f3wi\u0142 Franciszek o ostatnich chwilach matki? <\/p>\n<p> Jakie zmiany zdrowotne zdiagnozowano u Magdy Umer? <\/p>\n<p class=\"ods-c-paragraph \">W po\u0142owie roku <a href=\"https:\/\/plejada.pl\/newsy\/przyczyny-smierci-magdy-umer-w-lipcu-uslyszala-diagnoze\/6wxfgxm\" id=\"06146c0d-78dc-4c9e-82ed-ad6db23a1753\" rel=\"nofollow noopener\" target=\"_blank\">lekarze zdiagnozowali u Magdy Umer z\u0142o\u015bliwe zmiany nowotworowe<\/a>. Artystka przesz\u0142a operacj\u0119, jednak jesieni\u0105 jej stan zdrowia zacz\u0105\u0142 si\u0119 systematycznie pogarsza\u0107. Syn wspomina\u0142 p\u00f3\u017aniej, \u017ce mimo b\u00f3lu i s\u0142abn\u0105cych si\u0142 76-latka do ko\u0144ca pozostawa\u0142a uwa\u017cna na potrzeby bliskich.<\/p>\n<blockquote class=\"ods-o-quota\">\n<p class=\"ods-o-quota__paragraph\">Pyta\u0142a\u015b o proz\u0119, o wnuki, o prace. I powtarza\u0142a\u015b \u2014 wiele razy \u2014 \u017ce mia\u0142a\u015b dobre i ciekawe \u017cycie i \u017ce mo\u017ce ju\u017c po prostu pora je sko\u0144czy\u0107<\/p>\n<\/blockquote>\n<p class=\"ods-c-paragraph \">\u2014 napisa\u0142 Franciszek Przeradzki.<\/p>\n<p> O tym marzy\u0142a Magda Umer. Rodzina by\u0142a dla niej wszystkim<\/p>\n<p class=\"ods-c-paragraph \">Nie jest tajemnic\u0105, \u017ce rodzina od zawsze zajmowa\u0142a w \u017cyciu Magdy Umer szczeg\u00f3lne miejsce. W wywiadzie dla portalu Wi\u0119\u017a z 2022 r. artystka m\u00f3wi\u0142a wprost o swoim najwi\u0119kszym marzeniu, kt\u00f3re \u015bci\u015ble wi\u0105za\u0142a z bliskimi.<\/p>\n<blockquote class=\"ods-o-quota\">\n<p class=\"ods-o-quota__paragraph\">Przede wszystkim marzy\u0142abym o tym, by doczeka\u0107 doros\u0142o\u015bci moich wnuk\u00f3w, ciekawi mnie, jacy wyjd\u0105 z nich ludzie, to na pewno. Chcia\u0142abym te\u017c do ko\u0144ca mie\u0107 sprawny umys\u0142. I mo\u017ce jeszcze jedno, bardziej og\u00f3lne: by zatrzyma\u0142o si\u0119 umieranie naszej planety<\/p>\n<\/blockquote>\n<p class=\"ods-c-paragraph \">\u2014 wyzna\u0142a.<\/p>\n<p class=\"ods-c-paragraph \">Dzi\u0119kujemy, \u017ce przeczyta\u0142a\u015b\/e\u015b nasz artyku\u0142 do ko\u0144ca. W serwisie Plejada.pl ka\u017cdego dnia piszemy o najwa\u017cniejszych wydarzeniach show-biznesowych. B\u0105d\u017a na bie\u017c\u0105co! <a rel=\"nofollow noopener\" href=\"https:\/\/profile.google.com\/cp\/Cg0vZy8xMWJ6X19wdHBx\" id=\"f2e7df4c-c03a-4fdc-a48f-4afb009ecffa\" target=\"_blank\">Obserwuj<\/a> Plejad\u0119 w Google. Odwied\u017a nas tak\u017ce na <a rel=\"nofollow noopener\" href=\"https:\/\/www.facebook.com\/plejadapl\" id=\"d37bd43b-55b1-41b5-840f-5f6750dc3c10\" target=\"_blank\">Facebooku<\/a>, <a rel=\"nofollow noopener\" href=\"https:\/\/www.instagram.com\/plejadapl\/\" id=\"e20dbeb1-9cfc-47bc-945a-19ab442e8fad\" target=\"_blank\">Instagramie<\/a>, <a rel=\"nofollow noopener\" href=\"https:\/\/www.youtube.com\/c\/plejada\" id=\"ca4f3b9f-8d7e-4627-9ea3-2a9a5b2c8cf1\" target=\"_blank\">YouTubie<\/a> oraz <a rel=\"nofollow noopener\" href=\"https:\/\/www.tiktok.com\/@plejada_pl\" id=\"edcbe12b-1058-4a0a-a8d9-4faafa3cd9d5\" target=\"_blank\">TikToku<\/a>.<\/p>\n<p class=\"ods-c-paragraph \">Chcesz podzieli\u0107 si\u0119 ciekawym newsem lub zaproponowa\u0107 temat? Skontaktuj si\u0119 z nami, pisz\u0105c maila na adres: <a rel=\"nofollow noopener\" href=\"https:\/\/plejada.pl\/newsy\/magda-umer-mowila-o-tym-glosno-to-bylo-jej-najwieksze-marzenie\/mailto:plejada@redakcjaonet.pl\" id=\"67dbf4e2-faee-4e6d-b60d-32c43aa4d5c7\" target=\"_blank\">plejada@redakcjaon<\/a><a rel=\"nofollow noopener\" href=\"https:\/\/et.pl\/\" id=\"6241728a-d654-4add-8766-06b9e9f0b3ce\" target=\"_blank\">et.pl<\/a>.<\/p>\n<p><script async src=\"\/\/www.instagram.com\/embed.js\"><\/script><script async src=\"\/\/www.tiktok.com\/embed.js\"><\/script><\/p>\n","protected":false},"excerpt":{"rendered":"12 grudnia 2025 r. zmar\u0142a Magda Umer \u2014 wybitna polska piosenkarka, aktorka i ceniona interpretatorka poezji \u015bpiewanej. Informacj\u0119&hellip;\n","protected":false},"author":2,"featured_media":147972,"comment_status":"","ping_status":"","sticky":false,"template":"","format":"standard","meta":{"footnotes":""},"categories":[22],"tags":[122,29723,48,125,46,42,38,40,39,41,25865,123,47],"class_list":{"0":"post-151950","1":"post","2":"type-post","3":"status-publish","4":"format-standard","5":"has-post-thumbnail","7":"category-rozrywka","8":"tag-entertainment","9":"tag-magda_umer","10":"tag-nat_styl","11":"tag-newsy","12":"tag-omp","13":"tag-pl","14":"tag-poland","15":"tag-polish","16":"tag-polska","17":"tag-polski","18":"tag-rebrand_ai_tst0","19":"tag-rozrywka","20":"tag-screening_general"},"share_on_mastodon":{"url":"https:\/\/pubeurope.com\/@pl\/115723461649248802","error":""},"_links":{"self":[{"href":"https:\/\/www.europesays.com\/pl\/wp-json\/wp\/v2\/posts\/151950","targetHints":{"allow":["GET"]}}],"collection":[{"href":"https:\/\/www.europesays.com\/pl\/wp-json\/wp\/v2\/posts"}],"about":[{"href":"https:\/\/www.europesays.com\/pl\/wp-json\/wp\/v2\/types\/post"}],"author":[{"embeddable":true,"href":"https:\/\/www.europesays.com\/pl\/wp-json\/wp\/v2\/users\/2"}],"replies":[{"embeddable":true,"href":"https:\/\/www.europesays.com\/pl\/wp-json\/wp\/v2\/comments?post=151950"}],"version-history":[{"count":0,"href":"https:\/\/www.europesays.com\/pl\/wp-json\/wp\/v2\/posts\/151950\/revisions"}],"wp:featuredmedia":[{"embeddable":true,"href":"https:\/\/www.europesays.com\/pl\/wp-json\/wp\/v2\/media\/147972"}],"wp:attachment":[{"href":"https:\/\/www.europesays.com\/pl\/wp-json\/wp\/v2\/media?parent=151950"}],"wp:term":[{"taxonomy":"category","embeddable":true,"href":"https:\/\/www.europesays.com\/pl\/wp-json\/wp\/v2\/categories?post=151950"},{"taxonomy":"post_tag","embeddable":true,"href":"https:\/\/www.europesays.com\/pl\/wp-json\/wp\/v2\/tags?post=151950"}],"curies":[{"name":"wp","href":"https:\/\/api.w.org\/{rel}","templated":true}]}}