{"id":151955,"date":"2025-12-15T11:59:14","date_gmt":"2025-12-15T11:59:14","guid":{"rendered":"https:\/\/www.europesays.com\/pl\/151955\/"},"modified":"2025-12-15T11:59:14","modified_gmt":"2025-12-15T11:59:14","slug":"rosja-musi-ograniczyc-armie-i-wydatki-wojskowe","status":"publish","type":"post","link":"https:\/\/www.europesays.com\/pl\/151955\/","title":{"rendered":"Rosja musi ograniczy\u0107 armi\u0119 i wydatki wojskowe"},"content":{"rendered":"<p data-section=\"detail-body\">W pi\u0105tkowym wywiadzie dla w\u0142oskiego dziennika &#8222;Corriere della Sera&#8221; Kallas stwierdzi\u0142a, \u017ce &#8222;problemem dla pokoju jest Rosja&#8221;. Podkre\u015bli\u0142a, \u017ce nawet je\u015bli Ukraina otrzyma\u0142aby gwarancje bezpiecze\u0144stwa, bez ust\u0119pstw Moskwy Europa mo\u017ce stan\u0105\u0107 w obliczu nowych konflikt\u00f3w. Je\u015bli nie w Ukrainie, to gdzie indziej.<\/p>\n<p class=\"article_p\" data-section=\"detail-body\">Dalsza cz\u0119\u015b\u0107 pod materia\u0142em wideo:<\/p>\n<p class=\"article_p\" data-section=\"detail-body\">W jej ocenie warunkiem wst\u0119pnym jest zawieszenie broni, bo Rosja wci\u0105\u017c atakuje cywil\u00f3w i infrastruktur\u0119 cywiln\u0105, co ma \u015bwiadczy\u0107 o braku prawdziwej woli pokoju.<\/p>\n<p class=\"article_p\" data-section=\"detail-body\">Kallas argumentuje, \u017ce zr\u00f3wnowa\u017cony pok\u00f3j wymaga mechanizm\u00f3w, kt\u00f3re uniemo\u017cliwi\u0105 Rosji ponowny atak. Dlatego wed\u0142ug niej negocjacje nie mog\u0105 sprowadza\u0107 si\u0119 wy\u0142\u0105cznie do zabezpieczenia Ukrainy, lecz musz\u0105 obejmowa\u0107 konkretne ograniczenia po stronie agresora. W tym kontek\u015bcie wskaza\u0142a na dwa obszary: limity dotycz\u0105ce armii oraz wstrzymanie trendu zwi\u0119kszania wydatk\u00f3w wojskowych.<\/p>\n<p>            Czytaj tak\u017ce w BUSINESS INSIDER<\/p>\n<p class=\"article_p\" data-section=\"detail-body\">Jej s\u0142owa padaj\u0105 w momencie, gdy USA pracuj\u0105 nad propozycj\u0105 porozumienia maj\u0105cego zako\u0144czy\u0107 najkrwawszy konflikt w Europie od czas\u00f3w II wojny \u015bwiatowej \u2014 porozumienia, kt\u00f3re musia\u0142oby by\u0107 akceptowalne zar\u00f3wno dla Kijowa, jak i Moskwy. Jednocze\u015bnie Ukraina ma znajdowa\u0107 si\u0119 pod rosn\u0105c\u0105 presj\u0105 Bia\u0142ego Domu, by szybciej zmierza\u0107 do ugody, cho\u0107 sprzeciwia si\u0119 elementom wspieranej przez USA propozycji przedstawionej w ostatnich tygodniach, kt\u00f3r\u0105 Kij\u00f3w i cz\u0119\u015b\u0107 europejskich stolic uzna\u0142y za zbyt korzystn\u0105 dla Rosji.<\/p>\n<p>        Prace nad wsp\u00f3lnym stanowiskiem<\/p>\n<p class=\"article_p\" data-section=\"detail-body\">W pi\u0105tek g\u0142os zabra\u0142 r\u00f3wnie\u017c przedstawiciel francuskiej prezydentury, informuj\u0105c, \u017ce Ukraina, USA i inne pa\u0144stwa europejskie nadal pr\u00f3buj\u0105 wypracowa\u0107 wsp\u00f3lne stanowisko co do ram potencjalnego uk\u0142adu, w tym gwarancji bezpiecze\u0144stwa dla Kijowa. Jak zaznaczy\u0142, celem jest stworzenie &#8222;solidnej, trwa\u0142ej&#8221; oferty pokoju, zgodnej z prawem mi\u0119dzynarodowym i interesami suwerenno\u015bci Ukrainy, kt\u00f3r\u0105 ameryka\u0144scy negocjatorzy mogliby nast\u0119pnie przedstawi\u0107 w Moskwie. Wsp\u00f3lnego dokumentu jeszcze nie ma, a rozmowy maj\u0105 by\u0107 kontynuowane w kolejnych dniach.<\/p>\n<p class=\"article_p\" data-section=\"detail-body\">W tym uk\u0142adzie ostrze\u017cenie Kallas jest do\u015b\u0107 czytelne. Je\u015bli porozumienie ma przetrwa\u0107 pr\u00f3b\u0119 czasu, Zach\u00f3d nie mo\u017ce poprzesta\u0107 na deklaracjach i gwarancjach wy\u0142\u0105cznie dla strony napadni\u0119tej. Jej zdaniem to Rosja musi zap\u0142aci\u0107 cen\u0119 trwa\u0142o\u015bci \u2014 w postaci ogranicze\u0144 militarnych, kt\u00f3re zmniejsz\u0105 ryzyko powrotu wojny pod inn\u0105 postaci\u0105 i w innym miejscu Europy.<\/p>\n","protected":false},"excerpt":{"rendered":"W pi\u0105tkowym wywiadzie dla w\u0142oskiego dziennika &#8222;Corriere della Sera&#8221; Kallas stwierdzi\u0142a, \u017ce &#8222;problemem dla pokoju jest Rosja&#8221;. Podkre\u015bli\u0142a,&hellip;\n","protected":false},"author":2,"featured_media":151956,"comment_status":"","ping_status":"","sticky":false,"template":"","format":"standard","meta":{"footnotes":""},"categories":[14],"tags":[32,33,27,34,35,28,31,25,40,41,80,29,30,26,82,83,84],"class_list":{"0":"post-151955","1":"post","2":"type-post","3":"status-publish","4":"format-standard","5":"has-post-thumbnail","7":"category-swiat","8":"tag-breaking-news","9":"tag-breakingnews","10":"tag-headlines","11":"tag-latest-news","12":"tag-latestnews","13":"tag-naglowki","14":"tag-najwazniejsze-artykuly","15":"tag-news","16":"tag-polish","17":"tag-polski","18":"tag-swiat","19":"tag-top-stories","20":"tag-topstories","21":"tag-wiadomosci","22":"tag-world","23":"tag-world-news","24":"tag-worldnews"},"share_on_mastodon":{"url":"https:\/\/pubeurope.com\/@pl\/115723473187775542","error":""},"_links":{"self":[{"href":"https:\/\/www.europesays.com\/pl\/wp-json\/wp\/v2\/posts\/151955","targetHints":{"allow":["GET"]}}],"collection":[{"href":"https:\/\/www.europesays.com\/pl\/wp-json\/wp\/v2\/posts"}],"about":[{"href":"https:\/\/www.europesays.com\/pl\/wp-json\/wp\/v2\/types\/post"}],"author":[{"embeddable":true,"href":"https:\/\/www.europesays.com\/pl\/wp-json\/wp\/v2\/users\/2"}],"replies":[{"embeddable":true,"href":"https:\/\/www.europesays.com\/pl\/wp-json\/wp\/v2\/comments?post=151955"}],"version-history":[{"count":0,"href":"https:\/\/www.europesays.com\/pl\/wp-json\/wp\/v2\/posts\/151955\/revisions"}],"wp:featuredmedia":[{"embeddable":true,"href":"https:\/\/www.europesays.com\/pl\/wp-json\/wp\/v2\/media\/151956"}],"wp:attachment":[{"href":"https:\/\/www.europesays.com\/pl\/wp-json\/wp\/v2\/media?parent=151955"}],"wp:term":[{"taxonomy":"category","embeddable":true,"href":"https:\/\/www.europesays.com\/pl\/wp-json\/wp\/v2\/categories?post=151955"},{"taxonomy":"post_tag","embeddable":true,"href":"https:\/\/www.europesays.com\/pl\/wp-json\/wp\/v2\/tags?post=151955"}],"curies":[{"name":"wp","href":"https:\/\/api.w.org\/{rel}","templated":true}]}}