{"id":151966,"date":"2025-12-15T12:06:08","date_gmt":"2025-12-15T12:06:08","guid":{"rendered":"https:\/\/www.europesays.com\/pl\/151966\/"},"modified":"2025-12-15T12:06:08","modified_gmt":"2025-12-15T12:06:08","slug":"nocne-ataki-dronow-pod-moskwa-do-sieci-trafily-nagrania-eksplozji","status":"publish","type":"post","link":"https:\/\/www.europesays.com\/pl\/151966\/","title":{"rendered":"Nocne ataki dron\u00f3w pod Moskw\u0105. Do sieci trafi\u0142y nagrania eksplozji"},"content":{"rendered":"<p> Ukrai\u0144skie ataki na Rosj\u0119<\/p>\n<p class=\"art_paragraph\">Z <a href=\"https:\/\/wiadomosci.gazeta.pl\/wiadomosci\/0,0.html#anchorLink\" rel=\"nofollow noopener\" target=\"_blank\">informacji<\/a> przekazanych przez <a href=\"https:\/\/wiadomosci.gazeta.pl\/ministerstwo-obrony#anchorLink\" rel=\"nofollow noopener\" target=\"_blank\">Ministerstwo Obrony<\/a> Rosji wynika, \u017ce ataki rozpocz\u0119\u0142y si\u0119\u00a014 grudnia oko\u0142o godz. 23.00 i trwa\u0142y do\u00a0godzin porannych 15 grudnia. Drony pojawi\u0142y si\u0119 m.in. w regionach: moskiewskim (co najmniej 25), bie\u0142gorodzkim (osiem), rostowskim (osiem),\u00a0astracha\u0144skim (co najmniej 38), tulskim (sze\u015b\u0107) oraz kurskim (trzy). Kolejny raz w ci\u0105gu ostatnich dni Ukraina uderzy\u0142a r\u00f3wnie\u017c w obiekty rosyjskiej infrastruktury paliwowej na Morzu Kaspijskim.\u00a0Burmistrz Moskwy Siergiej Sobjanin\u00a0informowa\u0142 r\u00f3wnie\u017c, \u017ce systemy obrony powietrznej zniszczy\u0142y ponad 30 dron\u00f3w, kt\u00f3re lecia\u0142y w kierunku Moskwy.\u00a0<\/p>\n<p> Powa\u017cne utrudnienia w Rosji<\/p>\n<p class=\"art_paragraph\">Drony mia\u0142y uszkodzi\u0107 sieci energetyczne w Bie\u0142gorodzie i Rostowie nad Donem &#8211; w cz\u0119\u015bci dzielnic nie ma pr\u0105du i ogrzewania. Lokalne media poinformowa\u0142y te\u017c o przerwie w dzia\u0142alno\u015bci tamtejszej elektrociep\u0142owni. Ukrai\u0144skie bezza\u0142ogowce uszkodzi\u0142y r\u00f3wnie\u017c zak\u0142ad chemiczny w rejonie Astrachania, w kt\u00f3rym przetwarzane s\u0105 siarka i gaz. W nocy nad Moskw\u0105 wida\u0107 by\u0142o rozb\u0142yski rozrywaj\u0105cych si\u0119 pocisk\u00f3w obrony powietrznej. \u015awiadkowie poinformowali tak\u017ce o huku eksplozji. Przez kilka godzin nie dzia\u0142a\u0142y lotniska \u017bukowski i Domodiedowo. W sieci pojawi\u0142y si\u0119 nagrania z\u00a0prowadzonych atak\u00f3w.\u00a0<\/p>\n<p> Kolejne rozmowy ws. pokoju<\/p>\n<p class=\"art_paragraph\">Na 15 grudnia\u00a0w Berlinie\u00a0zaplanowano ukrai\u0144sko-ameryka\u0144skie rozmowy na temat planu pokojowego. Ma w\u00f3wczas zosta\u0107\u00a0wypracowane\u00a0stanowisko, kt\u00f3re\u00a0zostanie przedstawione <a href=\"https:\/\/next.gazeta.pl\/next\/7,168930,32445581,wladimir-putin-jedzie-do-indii-musimy-zabezpieczyc-nasz-handel.html#anchorLink\" rel=\"nofollow noopener\" target=\"_blank\">W\u0142adimirowi Putinowi<\/a>. USA w Berlinie reprezentuje wys\u0142annik Donalda Trumpa &#8211; Steve Witkoff. Na czele ukrai\u0144skiej delegacji stoi Wo\u0142odymyr Ze\u0142enski. Do rozm\u00f3w po po\u0142udniu do\u0142\u0105cz\u0105 europejscy przyw\u00f3dcy &#8211; premier Donald Tusk, prezydent Francji Emmanuel Macron, brytyjski premier Keir Starmer i kanclerz Niemiec Friedrich Merz. To drugi dzie\u0144 negocjacji. Po wczorajszych ameryka\u0144sko-ukrai\u0144skich rozmowach przedstawiciel USA Steve Witkoff oceni\u0142, \u017ce przynios\u0142y one du\u017cy post\u0119p. Kompromis, kt\u00f3ry musi by\u0107 wypracowany, dotyczy przede wszystkim kwestii terytorialnych. Rosja chce ca\u0142o\u015bci Donbasu. USA proponuj\u0105, aby Ukrai\u0144cy si\u0119 wycofali. Na tym miejscu utworzona ma by\u0107 strefa zdemilitaryzowana. <a href=\"https:\/\/wiadomosci.gazeta.pl\/wojna-w-ukrainie#anchorLink\" rel=\"nofollow noopener\" target=\"_blank\">Ukraina<\/a> za\u015b m\u00f3wi o zamro\u017ceniu linii frontu i r\u00f3wnomiernym wycofaniu si\u0119 obu stron.<\/p>\n<p>\n    Zobacz wideo Strategia (nie)bezpiecze\u0144stwa narodowego Co to b\u0119dzie (ca\u0142y odcinek)\n  <\/p>\n<p class=\"art_paragraph\">Wi\u0119cej na temat wojny Rosji z Ukrain\u0105 przeczytasz w artykule:<a href=\"https:\/\/wiadomosci.gazeta.pl\/swiat\/7,198075,32469980,szef-msz-ukrainy-drwi-z-orbana-najcenniejsze-zamrozone-aktywo.html\" class=\"art_link\" rel=\"dofollow noopener\" target=\"_blank\"> &#8222;Szef MSZ Ukrainy drwi z Orbana. 'Najcenniejsze zamro\u017cone aktywo'&#8221;<\/a>.\n  <\/p>\n<p>\u0179r\u00f3d\u0142a:\u00a0KyivPost (X), IAR, NEXTA (X), Ministerstwo Obrony Rosji (Telegram),\u00a0pravda.com.ua<\/p>\n","protected":false},"excerpt":{"rendered":"Ukrai\u0144skie ataki na Rosj\u0119 Z informacji przekazanych przez Ministerstwo Obrony Rosji wynika, \u017ce ataki rozpocz\u0119\u0142y si\u0119\u00a014 grudnia oko\u0142o&hellip;\n","protected":false},"author":2,"featured_media":151967,"comment_status":"","ping_status":"","sticky":false,"template":"","format":"standard","meta":{"footnotes":""},"categories":[14],"tags":[32,33,27,34,35,28,31,25,40,41,80,29,30,26,82,83,84],"class_list":{"0":"post-151966","1":"post","2":"type-post","3":"status-publish","4":"format-standard","5":"has-post-thumbnail","7":"category-swiat","8":"tag-breaking-news","9":"tag-breakingnews","10":"tag-headlines","11":"tag-latest-news","12":"tag-latestnews","13":"tag-naglowki","14":"tag-najwazniejsze-artykuly","15":"tag-news","16":"tag-polish","17":"tag-polski","18":"tag-swiat","19":"tag-top-stories","20":"tag-topstories","21":"tag-wiadomosci","22":"tag-world","23":"tag-world-news","24":"tag-worldnews"},"share_on_mastodon":{"url":"https:\/\/pubeurope.com\/@pl\/115723500545494096","error":""},"_links":{"self":[{"href":"https:\/\/www.europesays.com\/pl\/wp-json\/wp\/v2\/posts\/151966","targetHints":{"allow":["GET"]}}],"collection":[{"href":"https:\/\/www.europesays.com\/pl\/wp-json\/wp\/v2\/posts"}],"about":[{"href":"https:\/\/www.europesays.com\/pl\/wp-json\/wp\/v2\/types\/post"}],"author":[{"embeddable":true,"href":"https:\/\/www.europesays.com\/pl\/wp-json\/wp\/v2\/users\/2"}],"replies":[{"embeddable":true,"href":"https:\/\/www.europesays.com\/pl\/wp-json\/wp\/v2\/comments?post=151966"}],"version-history":[{"count":0,"href":"https:\/\/www.europesays.com\/pl\/wp-json\/wp\/v2\/posts\/151966\/revisions"}],"wp:featuredmedia":[{"embeddable":true,"href":"https:\/\/www.europesays.com\/pl\/wp-json\/wp\/v2\/media\/151967"}],"wp:attachment":[{"href":"https:\/\/www.europesays.com\/pl\/wp-json\/wp\/v2\/media?parent=151966"}],"wp:term":[{"taxonomy":"category","embeddable":true,"href":"https:\/\/www.europesays.com\/pl\/wp-json\/wp\/v2\/categories?post=151966"},{"taxonomy":"post_tag","embeddable":true,"href":"https:\/\/www.europesays.com\/pl\/wp-json\/wp\/v2\/tags?post=151966"}],"curies":[{"name":"wp","href":"https:\/\/api.w.org\/{rel}","templated":true}]}}