{"id":151977,"date":"2025-12-15T12:13:17","date_gmt":"2025-12-15T12:13:17","guid":{"rendered":"https:\/\/www.europesays.com\/pl\/151977\/"},"modified":"2025-12-15T12:13:17","modified_gmt":"2025-12-15T12:13:17","slug":"wizyta-donalda-tuska-w-berlinie-rozmowy-europejskich-liderow-z-zelenskim","status":"publish","type":"post","link":"https:\/\/www.europesays.com\/pl\/151977\/","title":{"rendered":"Wizyta Donalda Tuska w Berlinie. Rozmowy europejskich lider\u00f3w z Ze\u0142enskim"},"content":{"rendered":"<p>Premier Donald Tusk we\u017amie w poniedzia\u0142ek udzia\u0142 w obchodach 80. rocznicy w\u0142\u0105czenia Ziem Zachodnich i P\u00f3\u0142nocnych do Polski w Wa\u0142brzychu. Nast\u0119pnie poleci do Berlina, by wzi\u0105\u0107 udzia\u0142 w rozmowach lider\u00f3w pa\u0144stw europejskich z Wo\u0142odymyrem Ze\u0142enskim.<\/p>\n<p>Spotkanie europejskich lider\u00f3w z Ze\u0142enskim. Donald Tusk leci do Berlinie<\/p>\n<p>Opr\u00f3cz premiera Polski na rozmowy w Berlinie uda si\u0119 prezydent Francji Emmanuel Macron, premier Wielkiej Brytanii Keir Starmer, premier W\u0142och Giorgia Meloni oraz premier Holandii Dick Schoof.<\/p>\n<p>\u00a0<\/p>\n<p>ZOBACZ: <a href=\"https:\/\/www.polsatnews.pl\/wiadomosc\/2025-12-11\/zelenski-nowy-plan-pokojowy-trafil-do-usa\/\" target=\"_blank\" rel=\"noopener noreferrer nofollow\">Nowy plan pokojowy trafi\u0142 do USA. Kij\u00f3w proponuje referendum<\/a><\/p>\n<p>\u00a0<\/p>\n<p>Informacj\u0119 o udziale Tuska w szczycie potwierdzi\u0142 Adam Sz\u0142apka. &#8222;Od pocz\u0105tku berli\u0144skich negocjacji uczestniczy w nich doradca premiera ds. bezpiecze\u0144stwa, min. Robert Kupiecki. Spotkanie lider\u00f3w z udzia\u0142em premiera Donalda Tuska odb\u0119dzie si\u0119 dzi\u015b po po\u0142udniu&#8221; &#8211; przekaza\u0142 w serwisie X rzecznik rz\u0105du.<\/p>\n<p>\u00a0<\/p>\n<p>Wed\u0142ug informacji udost\u0119pnionych przez stron\u0119 ukrai\u0144sk\u0105 tematem rozm\u00f3w w Berlinie ma by\u0107 porozumienie pokojowe, ale te\u017c gwarancje bezpiecze\u0144stwa oraz powojenna odbudowa Ukrainy.<\/p>\n<p>Nowy 20-punktowy plan pokojowy. Ze\u0142enski chce referendum w sprawie ust\u0119pstw<\/p>\n<p>W czwartek Wo\u0142odymyr Ze\u0142enski poinformowa\u0142 w mediach spo\u0142eczno\u015bciowych o wideokonferencji, jak\u0105 przeprowadzi\u0142 z negocjatorami ameryka\u0144skimi. W spotkaniu wzi\u0105\u0142 udzia\u0142 tak\u017ce sekretarz generalny NATO Mark Rutte.<\/p>\n<p>\u00a0<\/p>\n<p>ZOBACZ: <a href=\"https:\/\/www.polsatnews.pl\/wiadomosc\/2025-12-14\/polityczna-klotnia-o-mig-i-dla-ukrainy-oszukiwano-nas\/\" target=\"_blank\" rel=\"noopener noreferrer nofollow\">Polityczna k\u0142\u00f3tnia o MiG-i dla Ukrainy. &#8222;Oszukiwano nas&#8221;<\/a><\/p>\n<p>\u00a0<\/p>\n<p>Ze\u0142enski potwierdzi\u0142, \u017ce Amerykanie otrzymali nowy wariant planu pokojowego sk\u0142adaj\u0105cy si\u0119 z 20 punkt\u00f3w. Prezydent Ukrainy podkre\u015bli\u0142, \u017ce wszelkie ust\u0119pstwa terytorialne na rzecz Rosji b\u0119d\u0105 musia\u0142y zosta\u0107 zaakceptowane przez nar\u00f3d w referendum.<\/p>\n<p>\u00a0<\/p>\n<p>Podczas rozm\u00f3w z udzia\u0142em m.in. sekretarza wojny Pete Hegseth, Steve Witkoff, Jared Kushner prezydent Ukrainy zapowiedzia\u0142 powstanie dw\u00f3ch kolejnych dokument\u00f3w &#8211; pierwszy z nich dotyczy gwarancji bezpiecze\u0144stwa, drugi kwestii gospodarczych. W\u0142a\u015bnie te zagadnienia b\u0119d\u0105 przedmiotem poniedzia\u0142kowych rozm\u00f3w w Berlinie.<\/p>\n<p>\u00a0<\/p>\n<p>\u00a0<\/p>\n<p>Widzia\u0142e\u015b co\u015b wa\u017cnego? Przy\u015blij zdj\u0119cie, film lub napisz, co si\u0119 sta\u0142o. Skorzystaj z naszej <a href=\"https:\/\/www.polsatnews.pl\/platforma-widzow\/\" target=\"_blank\" rel=\"noopener noreferrer nofollow\">Wrzutni<\/a><\/p>\n<p>                <img decoding=\"async\" src=\"https:\/\/www.europesays.com\/pl\/wp-content\/uploads\/2025\/12\/7ayzgd339z27sozw4usi85fq4my38adm.jpg\" alt=\"\" itemprop=\"contentUrl\" style=\"position:absolute; width: 100%; max-height: 100%;\"\/><video controls=\"\" controlslist=\"nodownload\" poster=\"https:\/\/www.europesays.com\/pl\/wp-content\/uploads\/2025\/12\/7ayzgd339z27sozw4usi85fq4my38adm.jpg\" class=\"videoPlayer player6855469 news__video\" data-id=\"6855469\">Twoja przegl\u0105darka nie wspiera odtwarzacza wideo&#8230;<\/video><\/p>\n<p>                <a class=\"news__read-more-button\" href=\"https:\/\/www.polsatnews.pl\/\" rel=\"nofollow noopener\" target=\"_blank\">Czytaj wi\u0119cej<\/a><\/p>\n","protected":false},"excerpt":{"rendered":"Premier Donald Tusk we\u017amie w poniedzia\u0142ek udzia\u0142 w obchodach 80. rocznicy w\u0142\u0105czenia Ziem Zachodnich i P\u00f3\u0142nocnych do Polski&hellip;\n","protected":false},"author":2,"featured_media":151978,"comment_status":"","ping_status":"","sticky":false,"template":"","format":"standard","meta":{"footnotes":""},"categories":[14],"tags":[32,33,27,34,35,28,31,25,40,41,80,29,30,26,82,83,84],"class_list":{"0":"post-151977","1":"post","2":"type-post","3":"status-publish","4":"format-standard","5":"has-post-thumbnail","7":"category-swiat","8":"tag-breaking-news","9":"tag-breakingnews","10":"tag-headlines","11":"tag-latest-news","12":"tag-latestnews","13":"tag-naglowki","14":"tag-najwazniejsze-artykuly","15":"tag-news","16":"tag-polish","17":"tag-polski","18":"tag-swiat","19":"tag-top-stories","20":"tag-topstories","21":"tag-wiadomosci","22":"tag-world","23":"tag-world-news","24":"tag-worldnews"},"share_on_mastodon":{"url":"https:\/\/pubeurope.com\/@pl\/115723528096859435","error":""},"_links":{"self":[{"href":"https:\/\/www.europesays.com\/pl\/wp-json\/wp\/v2\/posts\/151977","targetHints":{"allow":["GET"]}}],"collection":[{"href":"https:\/\/www.europesays.com\/pl\/wp-json\/wp\/v2\/posts"}],"about":[{"href":"https:\/\/www.europesays.com\/pl\/wp-json\/wp\/v2\/types\/post"}],"author":[{"embeddable":true,"href":"https:\/\/www.europesays.com\/pl\/wp-json\/wp\/v2\/users\/2"}],"replies":[{"embeddable":true,"href":"https:\/\/www.europesays.com\/pl\/wp-json\/wp\/v2\/comments?post=151977"}],"version-history":[{"count":0,"href":"https:\/\/www.europesays.com\/pl\/wp-json\/wp\/v2\/posts\/151977\/revisions"}],"wp:featuredmedia":[{"embeddable":true,"href":"https:\/\/www.europesays.com\/pl\/wp-json\/wp\/v2\/media\/151978"}],"wp:attachment":[{"href":"https:\/\/www.europesays.com\/pl\/wp-json\/wp\/v2\/media?parent=151977"}],"wp:term":[{"taxonomy":"category","embeddable":true,"href":"https:\/\/www.europesays.com\/pl\/wp-json\/wp\/v2\/categories?post=151977"},{"taxonomy":"post_tag","embeddable":true,"href":"https:\/\/www.europesays.com\/pl\/wp-json\/wp\/v2\/tags?post=151977"}],"curies":[{"name":"wp","href":"https:\/\/api.w.org\/{rel}","templated":true}]}}