{"id":151993,"date":"2025-12-15T12:24:10","date_gmt":"2025-12-15T12:24:10","guid":{"rendered":"https:\/\/www.europesays.com\/pl\/151993\/"},"modified":"2025-12-15T12:24:10","modified_gmt":"2025-12-15T12:24:10","slug":"tak-wygladal-pogrzeb-agnieszki-maciag-zamiast-ksiedza-pojawila-sie-mistrzyni-ceremonii","status":"publish","type":"post","link":"https:\/\/www.europesays.com\/pl\/151993\/","title":{"rendered":"Tak wygl\u0105da\u0142 pogrzeb Agnieszki Maci\u0105g. Zamiast ksi\u0119dza pojawi\u0142a si\u0119 mistrzyni ceremonii"},"content":{"rendered":"<p class=\"ods-c-paragraph \">Pod koniec listopada media obieg\u0142a smutna informacja o \u015bmierci <a href=\"https:\/\/plejada.pl\/temat\/agnieszka-maciag-b-modelka\" id=\"dcb6d6f4-7121-4af6-b58f-5f3eca95e770\" rel=\"nofollow noopener\" target=\"_blank\">Agnieszki Maci\u0105g<\/a>. Modelka, dziennikarka i pisarka, kt\u00f3ra od lat zmaga\u0142a si\u0119 z chorob\u0105 nowotworow\u0105, odesz\u0142a w wieku 56 lat. Informacj\u0119 t\u0119 przekaza\u0142 jej m\u0105\u017c, Robert Wola\u0144ski, za po\u015brednictwem medi\u00f3w spo\u0142eczno\u015bciowych.<\/p>\n<p class=\"ods-c-paragraph \">W swoim wpisie m\u0105\u017c Agnieszki podkre\u015bli\u0142, jak wielk\u0105 rol\u0119 odegra\u0142a w jego \u017cyciu. Wyrazi\u0142 wdzi\u0119czno\u015b\u0107 za mi\u0142o\u015b\u0107, si\u0142\u0119 i wsp\u00f3lne chwile, kt\u00f3re dzielili. Wspomnia\u0142 r\u00f3wnie\u017c o jej pasji do wolno\u015bci i rado\u015bci \u017cycia, kt\u00f3re na zawsze pozostan\u0105 w jego pami\u0119ci.<\/p>\n<p class=\"ods-c-paragraph \">&#8222;Dzisiaj zgas\u0142o moje S\u0142o\u0144ce. \u015awiat\u0142o, kt\u00f3re zmieni\u0142o moje \u017cycie. Da\u0142o mi mi\u0142o\u015b\u0107. Si\u0142\u0119. Wiar\u0119 i zaufanie. \u015awiat\u0142o, kt\u00f3re rzuca\u0142o jasno\u015b\u0107 na nasz\u0105 wsp\u00f3ln\u0105 drog\u0119. Nasz sens \u017cycia. Nasz dom i miejsce na ziemi. \u015awiat\u0142o, kt\u00f3re da\u0142o cud narodzin. Teraz \u015bwiat\u0142o\u015bci\u0105 jeste\u015b ty. B\u0105d\u017a wolna, bo zawsze kocha\u0142a\u015b wolno\u015b\u0107. B\u0119d\u0119 zawsze widzie\u0107 twoje oczy pe\u0142ne mi\u0142o\u015bci. Twoja rado\u015b\u0107 i pe\u0142nia \u017cycia b\u0119d\u0105 \u017cy\u0107 we mnie zawsze&#8221; \u2014 napisa\u0142.<\/p>\n<p>Dalszy ci\u0105g artyku\u0142u pod materia\u0142em wideo<\/p>\n<p> Gdzie odby\u0142 si\u0119 pogrzeb Agnieszki Maci\u0105g? <\/p>\n<p> Kto prowadzi\u0142 ceremoni\u0119 pogrzebu? <\/p>\n<p> Ile mia\u0142a lat Agnieszka Maci\u0105g w chwili \u015bmierci? <\/p>\n<p> Jakie utwory wybrzmia\u0142y podczas ceremonii? <\/p>\n<p>  Tak po\u017cegnano Agnieszk\u0119 Maci\u0105g. Ceremonia mia\u0142a charakter \u015bwiecki<\/p>\n<p class=\"ods-c-paragraph \">Pogrzeb Agnieszki Maci\u0105g odby\u0142 si\u0119 w poniedzia\u0142ek, 15 grudnia, na Cmentarzu Pow\u0105zki Wojskowe w Warszawie. Uroczysto\u015b\u0107 mia\u0142a charakter \u015bwiecki, co podkre\u015bla\u0142o jej wyj\u0105tkowy i osobisty wymiar. \u017ba\u0142obnicy zgromadzili si\u0119 o godz. 11.00, by wsp\u00f3lnie po\u017cegna\u0107 kobiet\u0119, kt\u00f3ra inspirowa\u0142a tysi\u0105ce.<\/p>\n<p class=\"ods-c-paragraph \">Podczas ceremonii przypomniano najwa\u017cniejsze momenty z \u017cycia Agnieszki, a tak\u017ce jej zawodowe osi\u0105gni\u0119cia. W sali, gdzie odbywa\u0142o si\u0119 po\u017cegnanie, wybrzmia\u0142 jej utw\u00f3r &#8222;Zatrzymaj czas&#8221;, a na ekranie wy\u015bwietlono zdj\u0119cia, kt\u00f3re ukazywa\u0142y zar\u00f3wno jej karier\u0119, jak i \u017cycie rodzinne. &#8222;Ode\u015blijmy Agnieszk\u0119 z u\u015bmiechem&#8221; \u2014 us\u0142yszeli \u017ca\u0142obnicy.<\/p>\n<blockquote class=\"ods-o-quota\">\n<p class=\"ods-o-quota__paragraph\">Mi\u0142o\u015b\u0107 wype\u0142nia\u0142a ca\u0142e \u017cycie Agnieszki, podr\u00f3\u017ce po \u015bwiecie ust\u0119powa\u0142y podr\u00f3\u017com po \u015bwiecie wewn\u0119trznym<\/p>\n<\/blockquote>\n<p class=\"ods-c-paragraph \">\u2014 dodano.<\/p>\n<p class=\"ods-c-paragraph \">Podczas prezentacji zdj\u0119\u0107 nie zabrak\u0142o uj\u0119\u0107 z jej dzie\u0107mi, kt\u00f3re by\u0142y dla niej najwa\u017cniejsze. Agnieszka by\u0142a mam\u0105 dwukrotnie \u2013 po raz pierwszy w wieku 23 lat, a nast\u0119pnie w wieku 43 lat.<\/p>\n<blockquote class=\"ods-o-quota\">\n<p class=\"ods-o-quota__paragraph\">Nigdy nie by\u0142a gwiazd\u0105 \u2014 by\u0142a mam\u0105, \u017con\u0105, siostr\u0105, by\u0142a Agnieszk\u0105<\/p>\n<\/blockquote>\n<p class=\"ods-c-paragraph \">\u2014 powiedziano podczas ceremonii.<\/p>\n<p class=\"ods-c-paragraph \">Ca\u0142\u0105 uroczysto\u015b\u0107 poprowadzi\u0142a mistrzyni ceremonii, co by\u0142o zgodne z wol\u0105 rodziny. Wydarzenie obs\u0142ugiwa\u0142y wy\u0142\u0105cznie kobiety, co dodatkowo podkre\u015bla\u0142o si\u0142\u0119 i solidarno\u015b\u0107, kt\u00f3re Agnieszka ceni\u0142a w \u017cyciu. Wspomniano tak\u017ce, jak wiele kobiet zawdzi\u0119cza jej zmian\u0119 sposobu my\u015blenia i wsparcie w trudnych chwilach. W czasie pogrzebu wybrzmia\u0142y s\u0142owa o niezwyk\u0142ej roli, jak\u0105 Agnieszka odgrywa\u0142a w \u017cyciu innych. Podkre\u015blono, \u017ce by\u0142a inspiracj\u0105 dla wielu kobiet, kt\u00f3re dzi\u0119ki niej odnajdywa\u0142y nowe perspektywy i si\u0142\u0119 do dzia\u0142ania.<\/p>\n<blockquote class=\"ods-o-quota\">\n<p class=\"ods-o-quota__paragraph\">Tysi\u0105ce kobiet zawdzi\u0119czaj\u0105 Agnieszce zmiany sposobu my\u015blenia (&#8230;). Jeste\u015b jedn\u0105 z nas, masz nasze siostrzane stado (&#8230;). Cz\u0119sto ratowa\u0142a\u015b nam \u017cycie<\/p>\n<\/blockquote>\n<p class=\"ods-c-paragraph \">\u2014 us\u0142yszeli zebrani.<\/p>\n<p><img decoding=\"async\" src=\"https:\/\/www.europesays.com\/pl\/wp-content\/uploads\/2025\/12\/rKCk9lBaHR0cHM6Ly9vY2RuLmV1L3B1bHNjbXMvTURBXy9iMzU2NTIzNTAzNmYzYTYxNDZmMjllN2UxMGMwN2ExZi5qcGeRlQLNB.jpeg\" height=\"627\" width=\"940\" alt=\"Pogrzeb Agnieszki Maci\u0105g\" loading=\"lazy\" class=\"ods-c-image__img ods-c-image__img--viewport-width\"\/><\/p>\n<p>Pogrzeb Agnieszki Maci\u0105gArtur Zawadzki\/ \/ East News<\/p>\n<p> <img decoding=\"async\" src=\"https:\/\/www.europesays.com\/pl\/wp-content\/uploads\/2025\/12\/SA1k9lBaHR0cHM6Ly9vY2RuLmV1L3B1bHNjbXMvTURBXy8zOGRhNGRhODAwZTMzNTdmMjI4NDNmN2IyZmFkZjBjOS5qcGeRlQLNB.jpeg\" height=\"627\" width=\"940\" alt=\"Pogrzeb Agnieszki Maci\u0105g\" loading=\"lazy\" class=\"ods-c-image__img ods-c-image__img--viewport-width\"\/><\/p>\n<p>Pogrzeb Agnieszki Maci\u0105gPawel Wodzynski\/East News \/ East News<\/p>\n<p class=\"ods-c-paragraph \">Dzi\u0119kujemy, \u017ce przeczyta\u0142a\u015b\/e\u015b nasz artyku\u0142 do ko\u0144ca. W serwisie Plejada.pl ka\u017cdego dnia piszemy o najwa\u017cniejszych wydarzeniach show-biznesowych. B\u0105d\u017a na bie\u017c\u0105co! <a rel=\"nofollow noopener\" href=\"https:\/\/profile.google.com\/cp\/Cg0vZy8xMWJ6X19wdHBx\" id=\"95f7c38f-1eca-4590-8019-6ad7171a2e35\" target=\"_blank\">Obserwuj<\/a> Plejad\u0119 w Wiadomo\u015bciach Google. Odwied\u017a nas tak\u017ce na <a rel=\"nofollow noopener\" href=\"https:\/\/www.facebook.com\/plejadapl\" id=\"0090bbca-e065-477b-b491-8161650a4c92\" target=\"_blank\">Facebooku<\/a>, <a rel=\"nofollow noopener\" href=\"https:\/\/www.instagram.com\/plejadapl\/\" id=\"29e54493-93fc-42a0-93a4-e8b6ec9f7c03\" target=\"_blank\">Instagramie<\/a>, <a rel=\"nofollow noopener\" href=\"https:\/\/www.youtube.com\/c\/plejada\" id=\"5f7179b1-b9cc-45c1-81dc-7b400436f929\" target=\"_blank\">YouTube<\/a> oraz <a rel=\"nofollow noopener\" href=\"https:\/\/www.tiktok.com\/@plejada_pl\" id=\"469e3b4d-6b31-4ab1-9f02-fd96195c4457\" target=\"_blank\">TikToku<\/a>.<\/p>\n<p class=\"ods-c-paragraph \">Chcesz podzieli\u0107 si\u0119 ciekawym newsem lub zaproponowa\u0107 temat? Skontaktuj si\u0119 z nami, pisz\u0105c e-maila na adres: <a rel=\"nofollow noopener\" href=\"https:\/\/plejada.pl\/newsy\/tak-wygladal-pogrzeb-agnieszki-maciag-zamiast-ksiedza-pojawila-sie-mistrzyni\/mailto:plejada@redakcjaonet.pl\" id=\"4588719f-b05c-4f86-be04-d942d55b9f1c\" target=\"_blank\">plejada@redakcjaonet.pl<\/a>.<\/p>\n<p><script async src=\"\/\/www.instagram.com\/embed.js\"><\/script><script async src=\"\/\/www.tiktok.com\/embed.js\"><\/script><\/p>\n","protected":false},"excerpt":{"rendered":"Pod koniec listopada media obieg\u0142a smutna informacja o \u015bmierci Agnieszki Maci\u0105g. Modelka, dziennikarka i pisarka, kt\u00f3ra od lat&hellip;\n","protected":false},"author":2,"featured_media":151994,"comment_status":"","ping_status":"","sticky":false,"template":"","format":"standard","meta":{"footnotes":""},"categories":[22],"tags":[26145,122,48,125,46,42,393,38,40,39,41,25199,123,47],"class_list":{"0":"post-151993","1":"post","2":"type-post","3":"status-publish","4":"format-standard","5":"has-post-thumbnail","7":"category-rozrywka","8":"tag-agnieszka_maciag","9":"tag-entertainment","10":"tag-nat_styl","11":"tag-newsy","12":"tag-omp","13":"tag-pl","14":"tag-pogrzeb","15":"tag-poland","16":"tag-polish","17":"tag-polska","18":"tag-polski","19":"tag-rebrand_ai_tst1","20":"tag-rozrywka","21":"tag-screening_general"},"share_on_mastodon":{"url":"https:\/\/pubeurope.com\/@pl\/115723571515706417","error":""},"_links":{"self":[{"href":"https:\/\/www.europesays.com\/pl\/wp-json\/wp\/v2\/posts\/151993","targetHints":{"allow":["GET"]}}],"collection":[{"href":"https:\/\/www.europesays.com\/pl\/wp-json\/wp\/v2\/posts"}],"about":[{"href":"https:\/\/www.europesays.com\/pl\/wp-json\/wp\/v2\/types\/post"}],"author":[{"embeddable":true,"href":"https:\/\/www.europesays.com\/pl\/wp-json\/wp\/v2\/users\/2"}],"replies":[{"embeddable":true,"href":"https:\/\/www.europesays.com\/pl\/wp-json\/wp\/v2\/comments?post=151993"}],"version-history":[{"count":0,"href":"https:\/\/www.europesays.com\/pl\/wp-json\/wp\/v2\/posts\/151993\/revisions"}],"wp:featuredmedia":[{"embeddable":true,"href":"https:\/\/www.europesays.com\/pl\/wp-json\/wp\/v2\/media\/151994"}],"wp:attachment":[{"href":"https:\/\/www.europesays.com\/pl\/wp-json\/wp\/v2\/media?parent=151993"}],"wp:term":[{"taxonomy":"category","embeddable":true,"href":"https:\/\/www.europesays.com\/pl\/wp-json\/wp\/v2\/categories?post=151993"},{"taxonomy":"post_tag","embeddable":true,"href":"https:\/\/www.europesays.com\/pl\/wp-json\/wp\/v2\/tags?post=151993"}],"curies":[{"name":"wp","href":"https:\/\/api.w.org\/{rel}","templated":true}]}}