{"id":152043,"date":"2025-12-15T12:56:08","date_gmt":"2025-12-15T12:56:08","guid":{"rendered":"https:\/\/www.europesays.com\/pl\/152043\/"},"modified":"2025-12-15T12:56:08","modified_gmt":"2025-12-15T12:56:08","slug":"odcisk-palca-na-starozytnej-lodzi-napastnicy-sprzed-2400-lat-pochodzili-z-wybrzezy-baltyku","status":"publish","type":"post","link":"https:\/\/www.europesays.com\/pl\/152043\/","title":{"rendered":"Odcisk palca na staro\u017cytnej \u0142odzi. Napastnicy sprzed 2400 lat pochodzili z wybrze\u017cy Ba\u0142tyku?"},"content":{"rendered":"<p class=\"Paragraph_desktopParagraph__U31Gm\">Badaj\u0105cy \u0142\u00f3d\u017a naukowcy z Uniwersytetu w Lund niespodziewanie trafili na fragment, kt\u00f3ry nie zosta\u0142 chemiczne zakonserwowany po wydobyciu zabytku. To da\u0142o okazj\u0119 do przeprowadzenia bada\u0144, kt\u00f3rych w innym wypadku nie uda\u0142oby si\u0119 wykona\u0107. Ku swojemu zdumieniu zauwa\u017cyli, \u017ce \u0142\u00f3d\u017a zosta\u0142a pokryta smo\u0142\u0105 z sosny, dzi\u0119ki czemu zyska\u0142a wodoodporno\u015b\u0107. To wskazuje, \u017ce wybudowano j\u0105 gdzie\u015b, gdzie ros\u0142o du\u017co las\u00f3w sosnowych, m\u00f3wi profesor Mikael Fauvelle. O ile wcze\u015bniej przypuszczano, \u017ce \u0142\u00f3d\u017a i jej za\u0142oga mog\u0142y pochodzi\u0107 z okolic dzisiejszego Hamburga, autorzy nowych bada\u0144 uwa\u017caj\u0105, \u017ce napastnicy mieszkali nad Ba\u0142tykiem. Je\u015bli \u0142odzie przyby\u0142y z bogatych w sosny wybrze\u017cy Morza Ba\u0142tyckiego, oznacza to, \u017ce wojownicy, kt\u00f3rzy zaatakowali Als, przep\u0142yn\u0119li setki kilometr\u00f3w po otwartym morzu, m\u00f3wi Fauvelle. Zdaniem badaczy \u0142\u00f3d\u017a powsta\u0142a w IV lub III wieku na wsch\u00f3d od Rugii i Skanii.<\/p>\n<ul class=\"OchatFollowUps_wrapper__1ry7X\">\n<li class=\"OchatFollowUps_item__Dhyly OchatFollowUps_itemDesktop__R6aBv\">Jakie miejsce zosta\u0142o zaatakowane w III wieku przed nasz\u0105 er\u0105?<\/li>\n<li class=\"OchatFollowUps_item__Dhyly OchatFollowUps_itemDesktop__R6aBv\">Ile \u0142odzi przyp\u0142yn\u0119\u0142o podczas ataku?<\/li>\n<li class=\"OchatFollowUps_item__Dhyly OchatFollowUps_itemDesktop__R6aBv\">Jak\u0105 technik\u0119 u\u017cyto do budowy \u0142odzi?<\/li>\n<li class=\"OchatFollowUps_item__Dhyly OchatFollowUps_itemDesktop__R6aBv\">Jakie badania planuj\u0105 przeprowadzi\u0107 naukowcy na \u0142odzi?<\/li>\n<\/ul>\n<p class=\"Paragraph_desktopParagraph__U31Gm\">Naukowcy chc\u0105 teraz dok\u0142adniej zbada\u0107 pier\u015bcienie drzew, z kt\u00f3rego zbudowano statek. Maj\u0105 te\u017c nadziej\u0119, \u017ce uda im si\u0119 pozyska\u0107 DNA ro\u015blin ze smo\u0142y szkutniczej, kt\u00f3r\u0105 u\u017cywano do uszczelnie\u0144 mi\u0119dzy deskami. Takie badania mog\u0105 dok\u0142adniej wskaza\u0107 miejsce, w kt\u00f3rym zbudowano \u0142\u00f3d\u017a.<\/p>\n<p class=\"Paragraph_desktopParagraph__U31Gm\">\u0179r\u00f3d\u0142o: New investigations of the Hjortspring boat: Dating and analysis of the cordage and caulking materials used in a pre-Roman iron age plank boat, https:\/\/journals.plos.org\/plosone\/article?id=10.1371\/journal.pone.0336965<\/p>\n","protected":false},"excerpt":{"rendered":"Badaj\u0105cy \u0142\u00f3d\u017a naukowcy z Uniwersytetu w Lund niespodziewanie trafili na fragment, kt\u00f3ry nie zosta\u0142 chemiczne zakonserwowany po wydobyciu&hellip;\n","protected":false},"author":2,"featured_media":152044,"comment_status":"","ping_status":"","sticky":false,"template":"","format":"standard","meta":{"footnotes":""},"categories":[12],"tags":[32,33,36,37,27,1785,34,35,28,31,53,25,52,68,51,312,55,42,38,40,39,41,47,29,30,50,26],"class_list":{"0":"post-152043","1":"post","2":"type-post","3":"status-publish","4":"format-standard","5":"has-post-thumbnail","7":"category-polska","8":"tag-breaking-news","9":"tag-breakingnews","10":"tag-featured-news","11":"tag-featurednews","12":"tag-headlines","13":"tag-kopalniawiedzypl","14":"tag-latest-news","15":"tag-latestnews","16":"tag-naglowki","17":"tag-najwazniejsze-artykuly","18":"tag-new_header","19":"tag-news","20":"tag-onet3","21":"tag-onet3d","22":"tag-onet3d_2i","23":"tag-pcz","24":"tag-phx","25":"tag-pl","26":"tag-poland","27":"tag-polish","28":"tag-polska","29":"tag-polski","30":"tag-screening_general","31":"tag-top-stories","32":"tag-topstories","33":"tag-v2021","34":"tag-wiadomosci"},"share_on_mastodon":{"url":"https:\/\/pubeurope.com\/@pl\/115723697167227522","error":""},"_links":{"self":[{"href":"https:\/\/www.europesays.com\/pl\/wp-json\/wp\/v2\/posts\/152043","targetHints":{"allow":["GET"]}}],"collection":[{"href":"https:\/\/www.europesays.com\/pl\/wp-json\/wp\/v2\/posts"}],"about":[{"href":"https:\/\/www.europesays.com\/pl\/wp-json\/wp\/v2\/types\/post"}],"author":[{"embeddable":true,"href":"https:\/\/www.europesays.com\/pl\/wp-json\/wp\/v2\/users\/2"}],"replies":[{"embeddable":true,"href":"https:\/\/www.europesays.com\/pl\/wp-json\/wp\/v2\/comments?post=152043"}],"version-history":[{"count":0,"href":"https:\/\/www.europesays.com\/pl\/wp-json\/wp\/v2\/posts\/152043\/revisions"}],"wp:featuredmedia":[{"embeddable":true,"href":"https:\/\/www.europesays.com\/pl\/wp-json\/wp\/v2\/media\/152044"}],"wp:attachment":[{"href":"https:\/\/www.europesays.com\/pl\/wp-json\/wp\/v2\/media?parent=152043"}],"wp:term":[{"taxonomy":"category","embeddable":true,"href":"https:\/\/www.europesays.com\/pl\/wp-json\/wp\/v2\/categories?post=152043"},{"taxonomy":"post_tag","embeddable":true,"href":"https:\/\/www.europesays.com\/pl\/wp-json\/wp\/v2\/tags?post=152043"}],"curies":[{"name":"wp","href":"https:\/\/api.w.org\/{rel}","templated":true}]}}