{"id":152047,"date":"2025-12-15T12:58:11","date_gmt":"2025-12-15T12:58:11","guid":{"rendered":"https:\/\/www.europesays.com\/pl\/152047\/"},"modified":"2025-12-15T12:58:11","modified_gmt":"2025-12-15T12:58:11","slug":"piotr-zielinski-na-czele-serie-a-inter-mediolan-wyprzedzil-niezdarnych-rywali","status":"publish","type":"post","link":"https:\/\/www.europesays.com\/pl\/152047\/","title":{"rendered":"Piotr Zieli\u0144ski na czele Serie A. Inter Mediolan wyprzedzi\u0142 niezdarnych rywali"},"content":{"rendered":"\n<p class=\"contentpart contentpart--default contentpart--text\" data-position=\"0\">W niedzielnych meczach ligi w\u0142oskiej <a href=\"https:\/\/sportowefakty.wp.pl\/pilka-nozna\/ac-milan\" rel=\"nofollow noopener\" target=\"_blank\">AC Milan<\/a>\u00a0zremisowa\u0142 2:2 z <a href=\"https:\/\/sportowefakty.wp.pl\/pilka-nozna\/us-sassuolo\" rel=\"nofollow noopener\" target=\"_blank\">US Sassuolo<\/a>, a\u00a0<a href=\"https:\/\/sportowefakty.wp.pl\/pilka-nozna\/ssc-napoli\" rel=\"nofollow noopener\" target=\"_blank\">Napoli<\/a>\u00a0przegra\u0142o\u00a00:1 z <a href=\"https:\/\/sportowefakty.wp.pl\/pilka-nozna\/udinese-calcio\" rel=\"nofollow noopener\" target=\"_blank\">Udinese Calcio<\/a>. W ten spos\u00f3b kolejnym w szeregu kandydat\u00f3w na lidera by\u0142 <a href=\"https:\/\/sportowefakty.wp.pl\/pilka-nozna\/inter-mediolan\" rel=\"nofollow noopener\" target=\"_blank\">Inter Mediolan<\/a>. Nerazzurri mogli odzyska\u0107 prowadzenie w <a href=\"https:\/\/sportowefakty.wp.pl\/pilka-nozna\/serie-a\" rel=\"nofollow noopener\" target=\"_blank\">Serie A<\/a>\u00a0na kilka dni przed wylotem do <a href=\"https:\/\/sportowefakty.wp.pl\/arabia-saudyjska\" rel=\"nofollow noopener\" target=\"_blank\">Arabii Saudyjskiej<\/a>\u00a0na miniturniej o <a href=\"https:\/\/sportowefakty.wp.pl\/pilka-nozna\/superpuchar-wloch\" rel=\"nofollow noopener\" target=\"_blank\">Superpuchar W\u0142och<\/a>. Warunkiem by\u0142o pokonanie na wyje\u017adzie <a href=\"https:\/\/sportowefakty.wp.pl\/pilka-nozna\/genoa-cfc\" rel=\"nofollow noopener\" target=\"_blank\">Genoi CFC<\/a>, kt\u00f3ra podnios\u0142a si\u0119 po zmianie trenera z <a href=\"https:\/\/sportowefakty.wp.pl\/pilka-nozna\/patrick-vieira\" rel=\"nofollow noopener\" target=\"_blank\">Patricka Vieiry<\/a>\u00a0na <a href=\"https:\/\/sportowefakty.wp.pl\/pilka-nozna\/daniele-de-rossi\" rel=\"nofollow noopener\" target=\"_blank\">Daniele De Rossiego<\/a>.<\/p>\n<p class=\"contentpart contentpart--default contentpart--text\" data-position=\"1\">Inter atakowa\u0142 pozycj\u0119 lidera bez kontuzjowanego <a href=\"https:\/\/sportowefakty.wp.pl\/pilka-nozna\/hakan-calhanoglu\" rel=\"nofollow noopener\" target=\"_blank\">Hakana Calhanoglu<\/a>, zamiast kt\u00f3rego w \u015brodku pola zagra\u0142 Petar Suci\u0107. Nie zabrak\u0142o w drugiej linii r\u00f3wnie\u017c <a href=\"https:\/\/sportowefakty.wp.pl\/pilka-nozna\/piotr-zielinski\" rel=\"nofollow noopener\" target=\"_blank\">Piotra Zieli\u0144skiego<\/a>, a centralne trio uzupe\u0142ni\u0142 <a href=\"https:\/\/sportowefakty.wp.pl\/pilka-nozna\/nicolo-barella\" rel=\"nofollow noopener\" target=\"_blank\">Nicolo Barella<\/a>. Na \u0142awce rezerwowych zosta\u0142 <a href=\"https:\/\/sportowefakty.wp.pl\/pilka-nozna\/henrich-mchitarjan\" rel=\"nofollow noopener\" target=\"_blank\">Henrich Mchitarjan<\/a>.<\/p>\n<p> <img role=\"presentation\" src=\"https:\/\/std.wpcdn.pl\/images\/adv\/placeholder_wp.svg\" loading=\"lazy\" alt=\"\" decoding=\"async\"\/>  <\/p>\n<p class=\"contentpart contentpart--default contentpart--text\" data-position=\"2\">Dru\u017cyna z <a href=\"https:\/\/sportowefakty.wp.pl\/wlochy\/mediolan\" rel=\"nofollow noopener\" target=\"_blank\">Mediolanu<\/a>\u00a0potraktowa\u0142a zadanie w <a href=\"https:\/\/sportowefakty.wp.pl\/wlochy\/genua\" rel=\"nofollow noopener\" target=\"_blank\">Genui<\/a>\u00a0powa\u017cnie i prowadzi\u0142a 1:0 od 6. minuty. Za zdobycie bramki <a href=\"https:\/\/sportowefakty.wp.pl\/pilka-nozna\/nicola-leali\" rel=\"nofollow noopener\" target=\"_blank\">Nicoli Lealego<\/a>\u00a0zabra\u0142 si\u0119 obro\u0144ca Yann Aurel Bisseck. <a href=\"https:\/\/sportowefakty.wp.pl\/niemcy\" rel=\"nofollow noopener\" target=\"_blank\">Niemiec<\/a>\u00a0dosta\u0142 podanie od <a href=\"https:\/\/sportowefakty.wp.pl\/pilka-nozna\/lautaro-martinez\" rel=\"nofollow noopener\" target=\"_blank\">Lautaro Martineza<\/a>\u00a0blisko naro\u017cnika pola karnego, a reszta nale\u017ca\u0142a ju\u017c do niego. Gospodarze jakby zlekcewa\u017cyli defensora, wi\u0119c ten bezkarnie u\u0142o\u017cy\u0142 sobie pi\u0142k\u0119 na lewej stopie i zmie\u015bci\u0142 pi\u0142k\u0119 przy bli\u017cszym s\u0142upku do siatki.<\/p>\n<p class=\"contentpart contentpart--default contentpart--text\" data-position=\"3\">ZOBACZ WIDEO: #dziejesiewsporcie: Gol z po\u0142owy boiska. Mo\u017cna ogl\u0105da\u0107 i ogl\u0105da\u0107<\/p>\n<p class=\"contentpart contentpart--default contentpart--text\" data-position=\"5\">Po otwarciu wyniku Inter pozosta\u0142 na po\u0142owie Genoi, zgodnie z porzekad\u0142em &#8222;najlepsz\u0105 obron\u0105 jest atak&#8221;. Lautaro Martinez nie pokona\u0142 swoim strza\u0142em Nicol\u0119 Lealiego, a Yann Aurel Bisseck nie skompletowa\u0142 dubletu w 25. minucie z powodu bloku defensora.<\/p>\n<p class=\"contentpart contentpart--default contentpart--text\" data-position=\"6\">Co si\u0119 odwlecze, to nie uciecze i w 38. minucie przewa\u017caj\u0105cy Inter podwy\u017cszy\u0142 wynik na 2:0. Lautaro Martinez zada\u0142 kolejny cios gospodarzom. <a href=\"https:\/\/sportowefakty.wp.pl\/argentyna\" rel=\"nofollow noopener\" target=\"_blank\">Argenty\u0144czyk<\/a>\u00a0wtargn\u0105\u0142 rozp\u0119dzony w pole karne i odda\u0142 precyzyjne uderzenie z kilkunastu metr\u00f3w w naro\u017cnik bramki. Jedn\u0105 z najprostszych asyst w \u017cyciu zaliczy\u0142 Petar Suci\u0107, kt\u00f3ry zanim usun\u0105\u0142 si\u0119 z toru biegu Lautaro Martineza, musn\u0105\u0142 pi\u0142k\u0119.<\/p>\n<p> <img role=\"presentation\" src=\"https:\/\/std.wpcdn.pl\/images\/adv\/placeholder_wp.svg\" loading=\"lazy\" alt=\"\" decoding=\"async\"\/>  <\/p>\n<p class=\"contentpart contentpart--default contentpart--text\" data-position=\"7\">Statystyki po pierwszej po\u0142owie nie zostawia\u0142y z\u0142udze\u0144 gospodarzom. 69 procent posiadania pi\u0142ki Interu prze\u0142o\u017cy\u0142o si\u0119 na 10 strza\u0142\u00f3w, z kt\u00f3rych pi\u0119\u0107 by\u0142o celnych. Genoa odpowiedzia\u0142a jednym, do tego niedok\u0142adnym uderzeniem.<\/p>\n<p class=\"contentpart contentpart--default contentpart--text\" data-position=\"8\">Rossoblu wstrzelili si\u0119 dopiero w drugiej po\u0142owie, konkretnie w 68. minucie. Genoa od razu pokona\u0142a <a href=\"https:\/\/sportowefakty.wp.pl\/pilka-nozna\/yann-sommer\" rel=\"nofollow noopener\" target=\"_blank\">Yanna Sommera<\/a>\u00a0i podnios\u0142a temperatur\u0119 meczu. Vitinha dopad\u0142 do pi\u0142ki po podaniu Caleba Ekubana, omin\u0105\u0142 <a href=\"https:\/\/sportowefakty.wp.pl\/szwajcaria\" rel=\"nofollow noopener\" target=\"_blank\">Szwajcara<\/a>\u00a0i wpakowa\u0142 pi\u0142k\u0119 do ods\u0142oni\u0119tej siatki. Dru\u017cyna <a href=\"https:\/\/sportowefakty.wp.pl\/pilka-nozna\/daniele-de-rossi\" rel=\"nofollow noopener\" target=\"_blank\">Daniele De Rossi<\/a>\u00a0z\u0142apa\u0142a kontakt 1:2, ale to by\u0142a jej jedyna skuteczna akcja. Inter dowi\u00f3z\u0142 jednobramkowe prowadzenie w szarpanej ko\u0144c\u00f3wce spotkania.<\/p>\n<p class=\"contentpart contentpart--default contentpart--text\" data-position=\"9\">W p\u00f3\u0142finale Superpucharu W\u0142och przeciwnikiem Interu Mediolan b\u0119dzie <a href=\"https:\/\/sportowefakty.wp.pl\/pilka-nozna\/bologna-fc\" rel=\"nofollow noopener\" target=\"_blank\">Bologna FC<\/a>. Genoa zostaje w kraju i rozegra jeszcze jeden mecz w Serie A przed \u015bwi\u0119tami Bo\u017cego Narodzenia. Ponownie na w\u0142asnym stadionie, a przeciwnikiem b\u0119dzie <a href=\"https:\/\/sportowefakty.wp.pl\/pilka-nozna\/atalanta-bergamo\" rel=\"nofollow noopener\" target=\"_blank\">Atalanta BC<\/a>.<\/p>\n<p class=\"contentpart contentpart--default contentpart--text\" data-position=\"10\"><a href=\"https:\/\/sportowefakty.wp.pl\/pilka-nozna\/genoa-cfc\" rel=\"nofollow noopener\" target=\"_blank\">Genoa CFC<\/a>\u00a0&#8211; <a href=\"https:\/\/sportowefakty.wp.pl\/pilka-nozna\/inter-mediolan\" rel=\"nofollow noopener\" target=\"_blank\">Inter Mediolan<\/a>\u00a01:2 (0:2)<br \/>0:1 &#8211;\u00a0Yann Aurel Bisseck 6&#8242;<br \/>0:2 &#8211; Lautaro Martinez 38&#8242;<br \/>1:2 &#8211; Vitinha 68&#8242;<\/p>\n<p> <img role=\"presentation\" src=\"https:\/\/std.wpcdn.pl\/images\/adv\/placeholder_wp.svg\" loading=\"lazy\" alt=\"\" decoding=\"async\"\/>  <\/p>\n<p class=\"contentpart contentpart--default contentpart--text\" data-position=\"11\">Sk\u0142ady:<\/p>\n<p class=\"contentpart contentpart--default contentpart--text\" data-position=\"12\">Genoa:\u00a0Nicola Leali &#8211; Alessandro Marcandalli, Sebastian Otoa (89&#8242; Maxwel Cornet), Johan Vasquez &#8211; Brooke Norton-Cuffy, Morten Frendrup (78&#8242; Jeff Ekhator), Rus\u0142an Malinowski, Mikael Ellertsson (89&#8242; Valentin Carboni), Aaron Carricol Martin &#8211; Vitinha (78&#8242; Albert Gronbaek), Lorenzo Colombo (58&#8242; Caleb Ekuban)<\/p>\n<p class=\"contentpart contentpart--default contentpart--text\" data-position=\"13\">Inter: Yann Sommer &#8211; Yann Aurel Bisseck, Manuel Akanji, Alessandro Bastoni &#8211; Luis Henrique, Nicolo Barella, Piotr Zieli\u0144ski (90&#8242; Stefan De Vrij), Petar Suci\u0107 (74&#8242; Marcus Thuram), Carlos Augusto &#8211; Francesco Pio Esposito (74&#8242; Henrich Mchitarjan), Lautaro Martinez (84&#8242; Andy Diouf)<\/p>\n<p class=\"contentpart contentpart--default contentpart--text\" data-position=\"14\">\u017b\u00f3\u0142te kartki:\u00a0Ekhator (Genoa) oraz Akanji, Barella, Bisseck (Inter)<\/p>\n<p class=\"contentpart contentpart--default contentpart--text\" data-position=\"15\">S\u0119dzia: Daniele Doveri<\/p>\n<p class=\"contentpart contentpart--default contentpart--text\" data-position=\"16\">Tabela <a href=\"https:\/\/sportowefakty.wp.pl\/pilka-nozna\/serie-a\" rel=\"nofollow noopener\" target=\"_blank\">Serie A<\/a>:<\/p>\n","protected":false},"excerpt":{"rendered":"W niedzielnych meczach ligi w\u0142oskiej AC Milan\u00a0zremisowa\u0142 2:2 z US Sassuolo, a\u00a0Napoli\u00a0przegra\u0142o\u00a00:1 z Udinese Calcio. W ten spos\u00f3b&hellip;\n","protected":false},"author":2,"featured_media":152048,"comment_status":"","ping_status":"","sticky":false,"template":"","format":"standard","meta":{"footnotes":""},"categories":[24],"tags":[19536,30360,6585,269,2821,278,6587,42,901,38,40,39,41,3539,127,126,30359,898],"class_list":{"0":"post-152047","1":"post","2":"type-post","3":"status-publish","4":"format-standard","5":"has-post-thumbnail","7":"category-sport","8":"tag-genoa-cfc","9":"tag-genua","10":"tag-inter-mediolan","11":"tag-pilka-nozna","12":"tag-pilka-nozna-we-wloszech","13":"tag-pilka-w-europie","14":"tag-piotr-zielinski","15":"tag-pl","16":"tag-polacy-za-granica","17":"tag-poland","18":"tag-polish","19":"tag-polska","20":"tag-polski","21":"tag-serie-a","22":"tag-sport","23":"tag-sports","24":"tag-stadio-luigi-ferraris-w-genui","25":"tag-wlochy"},"share_on_mastodon":{"url":"https:\/\/pubeurope.com\/@pl\/115723705545251154","error":""},"_links":{"self":[{"href":"https:\/\/www.europesays.com\/pl\/wp-json\/wp\/v2\/posts\/152047","targetHints":{"allow":["GET"]}}],"collection":[{"href":"https:\/\/www.europesays.com\/pl\/wp-json\/wp\/v2\/posts"}],"about":[{"href":"https:\/\/www.europesays.com\/pl\/wp-json\/wp\/v2\/types\/post"}],"author":[{"embeddable":true,"href":"https:\/\/www.europesays.com\/pl\/wp-json\/wp\/v2\/users\/2"}],"replies":[{"embeddable":true,"href":"https:\/\/www.europesays.com\/pl\/wp-json\/wp\/v2\/comments?post=152047"}],"version-history":[{"count":0,"href":"https:\/\/www.europesays.com\/pl\/wp-json\/wp\/v2\/posts\/152047\/revisions"}],"wp:featuredmedia":[{"embeddable":true,"href":"https:\/\/www.europesays.com\/pl\/wp-json\/wp\/v2\/media\/152048"}],"wp:attachment":[{"href":"https:\/\/www.europesays.com\/pl\/wp-json\/wp\/v2\/media?parent=152047"}],"wp:term":[{"taxonomy":"category","embeddable":true,"href":"https:\/\/www.europesays.com\/pl\/wp-json\/wp\/v2\/categories?post=152047"},{"taxonomy":"post_tag","embeddable":true,"href":"https:\/\/www.europesays.com\/pl\/wp-json\/wp\/v2\/tags?post=152047"}],"curies":[{"name":"wp","href":"https:\/\/api.w.org\/{rel}","templated":true}]}}