{"id":152049,"date":"2025-12-15T12:59:10","date_gmt":"2025-12-15T12:59:10","guid":{"rendered":"https:\/\/www.europesays.com\/pl\/152049\/"},"modified":"2025-12-15T12:59:10","modified_gmt":"2025-12-15T12:59:10","slug":"malgorzata-ostrowska-wystapila-po-smierci-meza-poruszajacy-gest-artystki","status":"publish","type":"post","link":"https:\/\/www.europesays.com\/pl\/152049\/","title":{"rendered":"Ma\u0142gorzata Ostrowska wyst\u0105pi\u0142a po \u015bmierci m\u0119\u017ca. Poruszaj\u0105cy gest artystki"},"content":{"rendered":"<p class=\"article-p\" data-section=\"detail-body\">Kilka dni po \u015bmierci m\u0119\u017ca Ma\u0142gorzata Ostrowska zrobi\u0142a co\u015b, co poruszy\u0142o ca\u0142\u0105 publiczno\u015b\u0107. Wysz\u0142a na scen\u0119 i za\u015bpiewa\u0142a. Dla jednych by\u0142o to zaskoczenie, dla innych poruszaj\u0105cy gest. Artystka przyj\u0119\u0142a zaproszenie od Krzysztofa Zalewskiego, by wsp\u00f3lnie wykona\u0107 utw\u00f3r.<\/p>\n<p>        Ma\u0142gorzata Ostrowska wyst\u0105pi\u0142a po \u015bmierci m\u0119\u017ca. Poruszaj\u0105cy gest artystki<\/p>\n<p class=\"article-p\" data-section=\"detail-body\">W niedziel\u0119 14 grudnia o godz. 18.00 scena Mi\u0119dzynarodowych Targ\u00f3w Pozna\u0144skich wype\u0142ni\u0142a si\u0119 muzyk\u0105, emocjami i histori\u0105. Koncert &#8222;Wielkopolska GRA! dla Muzeum\u201d&#8221; zgromadzi\u0142 znanych artyst\u00f3w, a doch\u00f3d z bilet\u00f3w przeznaczono na budow\u0119 Muzeum Powstania Wielkopolskiego 1918\u20131919.<\/p>\n<p class=\"article-p\" data-section=\"detail-body\">W\u015br\u00f3d wykonawc\u00f3w pojawi\u0142a si\u0119 Ma\u0142gorzata Ostrowska. W momencie dla niej niezwykle trudnym. Jej obecno\u015b\u0107 nie by\u0142a oczywista. Tym bardziej poruszy\u0142a publiczno\u015b\u0107.<\/p>\n<p class=\"article-p\" data-section=\"detail-body\"><a href=\"https:\/\/ludzie.fakt.pl\/bliscy-zegnaja-jacka-gulczynskiego-ceremonia-w-lesie-pamieci\/pr240sq\" id=\"4eaeac35-10a5-47ef-a554-cdf3c37513b7\" rel=\"nofollow noopener\" target=\"_blank\">Pozna\u0144 \u017cegna Jacka Gulczy\u0144skiego. Rodzina prosi o wyj\u0105tkow\u0105 form\u0119 pami\u0119ci<\/a><\/p>\n<p class=\"article-p\" data-section=\"detail-body\">W mediach spo\u0142eczno\u015bciowych opublikowano nagranie z koncertu Ostrowskiej i Krzysztofa Zalewskiego. W opisie podkre\u015blono, \u017ce artystka wyst\u0105pi\u0142a na jego zaproszenie, w koncercie o wyj\u0105tkowym znaczeniu osobistym i rodzinnym.<\/p>\n<p class=\"article-p\" data-section=\"detail-body\">&#8222;Min\u0105\u0142 rok, pi\u0119\u0107 lat<\/p>\n<p class=\"article-p\" data-section=\"detail-body\">Ty zn\u00f3w si\u0119 pojawiasz<\/p>\n<p class=\"article-p\" data-section=\"detail-body\">Jak gdyby nigdy nic<\/p>\n<p class=\"article-p\" data-section=\"detail-body\">Znowu masz ten sam<\/p>\n<p class=\"article-p\" data-section=\"detail-body\">Wzrok i makija\u017c<\/p>\n<p class=\"article-p\" data-section=\"detail-body\">Tylko opad\u0142y Ci brwi&#8221; \u2014 wybrzmiewa tekst utworu &#8222;Polsko&#8221;.<\/p>\n<p class=\"article-p\" data-section=\"detail-body\">Gdy tylko pojawia si\u0119 refren, do piosenki do\u0142\u0105cza Ma\u0142gorzata Ostrowska.<\/p>\n<p class=\"article-p\" data-section=\"detail-body\"><a href=\"https:\/\/ludzie.fakt.pl\/pogrzeb-meza-ostrowskiej-pojawil-sie-dawno-niewidziany-celebryta\/ff91jjy\" id=\"c800ddd6-1e11-4326-8e8b-2e49abd43c6a\" rel=\"nofollow noopener\" target=\"_blank\">Pogrzeb m\u0119\u017ca Ma\u0142gorzaty Ostrowskiej. Na ceremonii pojawi\u0142 si\u0119 dawno niewidziany celebryta<\/a><\/p>\n<p>        Pogrzeb Jacka Gulczy\u0144skiego. Kim by\u0142 zmar\u0142y m\u0105\u017c Ma\u0142gorzaty Ostrowskiej?<\/p>\n<p class=\"article-p\" data-section=\"detail-body\">Kilka dni wcze\u015bniej, 11 grudnia, w Lesie Pami\u0119ci na Cmentarzu Junikowskim w Poznaniu odby\u0142 si\u0119 pogrzeb Jacka Gulczy\u0144skiego. By\u0142 wszechstronnie utalentowanym artyst\u0105: cenionym malarzem, grafikiem i fotografem.<\/p>\n<p class=\"article-p\" data-section=\"detail-body\"><a href=\"https:\/\/ludzie.fakt.pl\/pogrzeb-jacka-gulczynskiego-ostatnie-zyczenie-bliskich-zostalo-spelnione\/k4m6g32\" id=\"70277a2a-23e2-40fd-99a5-b95c02512623\" rel=\"nofollow noopener\" target=\"_blank\">Pogrzeb Jacka Gulczy\u0144skiego. Jedna pro\u015bba rodziny nada\u0142a ton ca\u0142ej ceremonii<\/a><\/p>\n<p>        \/4<\/p>\n<p>                    <img decoding=\"async\" class=\"article-image-img\" loading=\"lazy\" alt=\"\" src=\"https:\/\/www.europesays.com\/pl\/wp-content\/uploads\/2025\/12\/T4qk9kuTURBXy84YzhiMDE1MS1kYmY1LTQyMWMtYWQ2Yi1kZjJjNWZlNGZlOGUuanBlZ5GTAs0DSM0B194AAqEwAaExAQ.jpeg\" width=\"840\" height=\"471\"\/><\/p>\n<p>                  ostrowska.official \/ Instagram<\/p>\n<p class=\"article-gallery-p\">\n        Ma\u0142gorzata Ostrowska i Krzysztof Zalewski.\n    <\/p>\n<p>        \/4<\/p>\n<p>                    <img decoding=\"async\" class=\"article-image-img\" loading=\"lazy\" alt=\"\" src=\"https:\/\/www.europesays.com\/pl\/wp-content\/uploads\/2025\/12\/8GFk9kuTURBXy8wZDRkYjBiMi1kMjA3LTQzMzktYjYxMS1iMDE0ZWIzNzNhYWUuanBlZ5GTAs0DSM0Eod4AAqEwAaExAQ.jpeg\" width=\"840\" height=\"1185\"\/><\/p>\n<p>                  ostrowska.official \/ Instagram<\/p>\n<p class=\"article-gallery-p\">\n        Ma\u0142gorzata Ostrowska i Krzysztof Zalewski.\n    <\/p>\n","protected":false},"excerpt":{"rendered":"Kilka dni po \u015bmierci m\u0119\u017ca Ma\u0142gorzata Ostrowska zrobi\u0142a co\u015b, co poruszy\u0142o ca\u0142\u0105 publiczno\u015b\u0107. Wysz\u0142a na scen\u0119 i za\u015bpiewa\u0142a.&hellip;\n","protected":false},"author":2,"featured_media":152050,"comment_status":"","ping_status":"","sticky":false,"template":"","format":"standard","meta":{"footnotes":""},"categories":[22],"tags":[122,42,38,40,39,41,123],"class_list":{"0":"post-152049","1":"post","2":"type-post","3":"status-publish","4":"format-standard","5":"has-post-thumbnail","7":"category-rozrywka","8":"tag-entertainment","9":"tag-pl","10":"tag-poland","11":"tag-polish","12":"tag-polska","13":"tag-polski","14":"tag-rozrywka"},"share_on_mastodon":{"url":"https:\/\/pubeurope.com\/@pl\/115723708847493470","error":""},"_links":{"self":[{"href":"https:\/\/www.europesays.com\/pl\/wp-json\/wp\/v2\/posts\/152049","targetHints":{"allow":["GET"]}}],"collection":[{"href":"https:\/\/www.europesays.com\/pl\/wp-json\/wp\/v2\/posts"}],"about":[{"href":"https:\/\/www.europesays.com\/pl\/wp-json\/wp\/v2\/types\/post"}],"author":[{"embeddable":true,"href":"https:\/\/www.europesays.com\/pl\/wp-json\/wp\/v2\/users\/2"}],"replies":[{"embeddable":true,"href":"https:\/\/www.europesays.com\/pl\/wp-json\/wp\/v2\/comments?post=152049"}],"version-history":[{"count":0,"href":"https:\/\/www.europesays.com\/pl\/wp-json\/wp\/v2\/posts\/152049\/revisions"}],"wp:featuredmedia":[{"embeddable":true,"href":"https:\/\/www.europesays.com\/pl\/wp-json\/wp\/v2\/media\/152050"}],"wp:attachment":[{"href":"https:\/\/www.europesays.com\/pl\/wp-json\/wp\/v2\/media?parent=152049"}],"wp:term":[{"taxonomy":"category","embeddable":true,"href":"https:\/\/www.europesays.com\/pl\/wp-json\/wp\/v2\/categories?post=152049"},{"taxonomy":"post_tag","embeddable":true,"href":"https:\/\/www.europesays.com\/pl\/wp-json\/wp\/v2\/tags?post=152049"}],"curies":[{"name":"wp","href":"https:\/\/api.w.org\/{rel}","templated":true}]}}