{"id":152059,"date":"2025-12-15T13:05:07","date_gmt":"2025-12-15T13:05:07","guid":{"rendered":"https:\/\/www.europesays.com\/pl\/152059\/"},"modified":"2025-12-15T13:05:07","modified_gmt":"2025-12-15T13:05:07","slug":"sprokurowal-karnego-z-bayernem-i-nagle-takie-slowa-trenera-o-18-letnim-polaku-sportowefakty","status":"publish","type":"post","link":"https:\/\/www.europesays.com\/pl\/152059\/","title":{"rendered":"Sprokurowa\u0142 karnego z Bayernem. I nagle takie s\u0142owa trenera o 18-letnim Polaku &#8211; SportoweFakty"},"content":{"rendered":"<ol>\n<li><a href=\"https:\/\/news.google.com\/rss\/articles\/CBMiwwFBVV95cUxOUGtIWHBQbzlVdWNteEtUbWdYeVdDTWY4bGN6by1vTDlDcjBNNFNOQ3JHWHlIblNMODJFU3lsdV93cVdkVlJHc0xMTEp3dkY2dXV3dml3MzF0TnQtRHlyTmhBSW9kVE1COE0yUUZ4NHBsTVRmZDdzb1F0bXRtN19pci0zbzVSdUgybU9oSWNzaDI3ZTAtV2VGZkdUcm9rNjB4TDJiZjBTczN6cGpqb1ZpdlByWUFvakt2UmJCbzlfaUcxczg?oc=5\" target=\"_blank\" rel=\"nofollow noopener\">Sprokurowa\u0142 karnego z Bayernem. I nagle takie s\u0142owa trenera o 18-letnim Polaku<\/a>&nbsp;&nbsp;SportoweFakty<\/li>\n<li><a href=\"https:\/\/news.google.com\/rss\/articles\/CBMi0gFBVV95cUxNLU0yNEpjWTB5VTFaUXpVTXFPSGVKTUhZdFhSU2Y0Y1BEX0ZXYUNidURtYmE4cGcyNzlDNzA5SWVpQmVZcmdESGNfb2thSTVKTzBMWjRKR1FKVjdfZlZ4Q0stWDgzN201cTZEMkJycnY1ZnpxOTZpZnNDbUlLTFJ1WVNEYzA1cFJ3ZTVERTIwZEJUR1lDR242MU9IelVmcEltOW1CajhDNU1SemtyN05SLThCeW1hY2UxdkxYeURPRmhYdlpUTnVaMFlIdVNIbmV0enc?oc=5\" target=\"_blank\" rel=\"nofollow noopener\">18-letni Polak robi furor\u0119 w Niemczech. Ale w kadrze nie gra. Oto dlaczego<\/a>&nbsp;&nbsp;Przegl\u0105d Sportowy Onet<\/li>\n<li><a href=\"https:\/\/news.google.com\/rss\/articles\/CBMipAFBVV95cUxQbGtfVi1MTExHOFBZUDlIQTk5aGtfN3V4RFA2bVRZY2gtc3RJa1FXVVVrbk5POE1ZWW5CT2tSRTQzMVlwMlBsVWlEQS1adElxa1ZPendVTThjQ0EyWTltVG0wS2UzY016eW8xbjY3NE1JV0FoNzlGVzlSUVdTUjNPT1JvaGpFSWpTT2tOUS1RTUx0ZkpReGN4bzRUeGtkU1pJamllQg?oc=5\" target=\"_blank\" rel=\"nofollow noopener\">Rekord za rekordem! M\u0142ody Polak robi furor\u0119 w Niemczech<\/a>&nbsp;&nbsp;SportoweFakty<\/li>\n<li><a href=\"https:\/\/news.google.com\/rss\/articles\/CBMizwFBVV95cUxPcUVzWE9NZUZSNWJ3WDB4blFPNVN5R2RobmFOTDV0N0JVd2N5Zi1DbXRGQ2JycHNBMHhnbTUzMUZnZjJhTDZZR2hSTmw4eTJJQmRLZXhwZUZqMGwtWm56ZkFYWEkyeGdIU2RpY1F3UWlMUllhM2dSWlFwVUh2XzRpbXhnRTdOek43TFZPWEhZVEE0Y3ItNFp4eXJyNVNCbEVuLWdXVUVGU05wX0p5Ymk0TU90UTBxdHIxRFpmY3QxTDJBNF8yQVJJOU5QYktKYm_SAdQBQVVfeXFMTnNjTHVJaUpFMUVyNTNyLURTVGNjSGxGWEw1U0h1cU5JTnNGMDNKbkdKbFF5RXZycEhzZ2NNUzVJSG5qQlE4aWt2ZTlwLXlIOWdTVkZuR2gzeFZTR2pjUmZiQmNhTjkzckd4LVA0WmMwQlBfbEVTeEJTRkVxWm9DRWU4R05WTGFIeVpjTmNvNlRjemlkQ1RBalJKRnJWY3cwa1g3YjJlMDRiamRUTm9NaFVYYVI1QmV5U2hQYnhsWmtPVnljeDlTb293ZThjR3lIcjlqUFI?oc=5\" target=\"_blank\" rel=\"nofollow noopener\">Kacper Potulski przeszed\u0142 do historii 1. FSV Mainz 05. Polak drugim najm\u0142odszym strzelcem w historii klubu<\/a>&nbsp;&nbsp;sport.tvp.pl<\/li>\n<li><a href=\"https:\/\/news.google.com\/rss\/articles\/CBMiswFBVV95cUxQTm9Xb1pnREUxWWpoMzlsTnN5QUtsNzdtVGZSQXVKN0RhaXk0N21obEVWcTRabU03MTZiUFg0VWpGSnA3Tk0zN3dXYllmSWplTzhadTJPNHdTcjAycWVZS1R1aFhRVVgxaUFVSGstN0VCT0t1ZVdNMC1ZNXFja1BTZnJGb2lNQ052Q0R6SVEtNjJiaGxUbHZjZFNXd2ptVVE2bGtWQjNVaXlhbFFxamJrektWSQ?oc=5\" target=\"_blank\" rel=\"nofollow noopener\">Dlatego Brz\u0119czek nie stawia na Potulskiego. &#8222;Musimy zachowa\u0107 balans&#8221;<\/a>&nbsp;&nbsp;Meczyki.pl<\/li>\n<\/ol>\n","protected":false},"excerpt":{"rendered":"Sprokurowa\u0142 karnego z Bayernem. I nagle takie s\u0142owa trenera o 18-letnim Polaku&nbsp;&nbsp;SportoweFakty 18-letni Polak robi furor\u0119 w Niemczech.&hellip;\n","protected":false},"author":2,"featured_media":152060,"comment_status":"","ping_status":"","sticky":false,"template":"","format":"standard","meta":{"footnotes":""},"categories":[24],"tags":[18600,935,933,9492,21026,932,295,269,930,278,42,38,40,39,41,127,126,29151],"class_list":{"0":"post-152059","1":"post","2":"type-post","3":"status-publish","4":"format-standard","5":"has-post-thumbnail","7":"category-sport","8":"tag-1-fsv-mainz-05","9":"tag-bayern-monachium","10":"tag-bundesliga","11":"tag-kacper-potulski","12":"tag-moguncja","13":"tag-monachium","14":"tag-niemcy","15":"tag-pilka-nozna","16":"tag-pilka-nozna-w-niemczech","17":"tag-pilka-w-europie","18":"tag-pl","19":"tag-poland","20":"tag-polish","21":"tag-polska","22":"tag-polski","23":"tag-sport","24":"tag-sports","25":"tag-urs-fischer"},"share_on_mastodon":{"url":"https:\/\/pubeurope.com\/@pl\/115723732873012961","error":""},"_links":{"self":[{"href":"https:\/\/www.europesays.com\/pl\/wp-json\/wp\/v2\/posts\/152059","targetHints":{"allow":["GET"]}}],"collection":[{"href":"https:\/\/www.europesays.com\/pl\/wp-json\/wp\/v2\/posts"}],"about":[{"href":"https:\/\/www.europesays.com\/pl\/wp-json\/wp\/v2\/types\/post"}],"author":[{"embeddable":true,"href":"https:\/\/www.europesays.com\/pl\/wp-json\/wp\/v2\/users\/2"}],"replies":[{"embeddable":true,"href":"https:\/\/www.europesays.com\/pl\/wp-json\/wp\/v2\/comments?post=152059"}],"version-history":[{"count":0,"href":"https:\/\/www.europesays.com\/pl\/wp-json\/wp\/v2\/posts\/152059\/revisions"}],"wp:featuredmedia":[{"embeddable":true,"href":"https:\/\/www.europesays.com\/pl\/wp-json\/wp\/v2\/media\/152060"}],"wp:attachment":[{"href":"https:\/\/www.europesays.com\/pl\/wp-json\/wp\/v2\/media?parent=152059"}],"wp:term":[{"taxonomy":"category","embeddable":true,"href":"https:\/\/www.europesays.com\/pl\/wp-json\/wp\/v2\/categories?post=152059"},{"taxonomy":"post_tag","embeddable":true,"href":"https:\/\/www.europesays.com\/pl\/wp-json\/wp\/v2\/tags?post=152059"}],"curies":[{"name":"wp","href":"https:\/\/api.w.org\/{rel}","templated":true}]}}