{"id":152067,"date":"2025-12-15T13:13:11","date_gmt":"2025-12-15T13:13:11","guid":{"rendered":"https:\/\/www.europesays.com\/pl\/152067\/"},"modified":"2025-12-15T13:13:11","modified_gmt":"2025-12-15T13:13:11","slug":"w-pytaniu-na-sniadanie-zrobilo-sie-nerwowo-jeszcze-raz-powiesz-pani-i-wyjdziesz-2","status":"publish","type":"post","link":"https:\/\/www.europesays.com\/pl\/152067\/","title":{"rendered":"W &#8222;Pytaniu na \u015bniadanie&#8221; zrobi\u0142o si\u0119 nerwowo. &#8222;Jeszcze raz powiesz \u00bbpani\u00ab i wyjdziesz&#8221;"},"content":{"rendered":"<p class=\"ods-c-paragraph \">Agnieszka Fitkau-Perepeczko po latach wraca do obsady &#8222;M jak mi\u0142o\u015b\u0107&#8221;. Aktorka ponownie wcieli si\u0119 w posta\u0107 Simony, przyjaci\u00f3\u0142ki Barbary Mostowiak (<a href=\"https:\/\/plejada.pl\/temat\/teresa-lipowska\/nq6pmnx\" id=\"0cfcb64a-4ce8-4891-971b-f52c82335b7b\" rel=\"nofollow noopener\" target=\"_blank\">Teresa Lipowska<\/a>). 82-latka w poniedzia\u0142ek by\u0142a go\u015bciem &#8222;Pytania na \u015bniadanie&#8221;, gdzie opowiedzia\u0142a o emocjach zwi\u0105zanych z powrotem na plan.<\/p>\n<p> Dlaczego Agnieszka Fitkau-Perepeczko nie lubi by\u0107 nazywana 'pani&#8217;? <\/p>\n<p> Jakie emocje towarzyszy\u0142y aktorce przy powrocie do 'M jak mi\u0142o\u015b\u0107&#8217;? <\/p>\n<p> Czy Agnieszka Fitkau-Perepeczko planuje d\u0142u\u017csz\u0105 obecno\u015b\u0107 w serialu? <\/p>\n<p> Jak\u0105 rol\u0119 odegra\u0142 TikTok w powrocie Agnieszki do 'M jak mi\u0142o\u015b\u0107&#8217;? <\/p>\n<p>  \u0141ukasz Kadziewicz zwr\u00f3ci\u0142 si\u0119 do Agnieszki Fitkau-Perepeczko per &#8222;pani&#8221;. Aktorka natychmiast zareagowa\u0142a<\/p>\n<p class=\"ods-c-paragraph \">Zanim rozmowa zesz\u0142a na temat jej powrotu do &#8222;M jak mi\u0142o\u015b\u0107&#8221;, ju\u017c na pocz\u0105tku rozmowy <a href=\"https:\/\/plejada.pl\/temat\/agnieszka-fitkau-perepeczko\/y7ppvhp\" id=\"6b5346cd-1bab-4283-bbf4-bdb2ae853e09\" rel=\"nofollow noopener\" target=\"_blank\">Agnieszka Fitkau-Perepeczko<\/a> da\u0142a jasno do zrozumienia, \u017ce nie przepada za oficjalnymi formami grzeczno\u015bciowymi. Gdy <a href=\"https:\/\/plejada.pl\/temat\/lukasz-kadziewicz\/521s8mt\" id=\"6f025aa3-1c05-4eb7-bcc8-19e9a907bc06\" rel=\"nofollow noopener\" target=\"_blank\">\u0141ukasz Kadziewicz<\/a> zwr\u00f3ci\u0142 si\u0119 do niej per &#8222;pani&#8221;, aktorka natychmiast zareagowa\u0142a.<\/p>\n<blockquote class=\"ods-o-quota\">\n<p class=\"ods-o-quota__paragraph\">Nie, dzi\u0119kuj\u0119, \u0141ukaszu. Pani nie jestem. Jeszcze raz powiesz &#8222;pani&#8221; i wyjdziesz<\/p>\n<\/blockquote>\n<p class=\"ods-c-paragraph \">\u2014 rzuci\u0142a p\u00f3\u0142 \u017cartem, p\u00f3\u0142 serio.<\/p>\n<blockquote class=\"ods-o-quota\"><\/blockquote>\n<p class=\"ods-c-paragraph \">\u2014 odpowiedzia\u0142 Kadziewicz i p\u0142ynnie przeszed\u0142 dalej.<\/p>\n<p><img decoding=\"async\" src=\"https:\/\/www.europesays.com\/pl\/wp-content\/uploads\/2025\/12\/ApZk9lBaHR0cHM6Ly9vY2RuLmV1L3B1bHNjbXMvTURBXy9jMGM1ODAyYmM0OTEwZGZhNTYxZTc2ODkyNTUxNDg0OS5wbmeRlQLNB.jpeg\" height=\"530\" width=\"940\" alt=\"Anna Lewandowska i \u0141ukasz Kadziewicz\" loading=\"lazy\" class=\"ods-c-image__img ods-c-image__img--viewport-width\"\/><\/p>\n<p>Anna Lewandowska i \u0141ukasz Kadziewiczscreen, &#8222;Pytanie na \u015bniadanie&#8221;\/TVP \/ TVP<\/p>\n<p class=\"ods-c-paragraph \">W kolejnych minutach rozmowy aktorka nie ukrywa\u0142a, \u017ce powr\u00f3t na plan &#8222;M jak mi\u0142o\u015b\u0107&#8221; nie by\u0142 \u0142atwy. Zapytana, czy praca na planie to dobra zabawa czy g\u0142\u00f3wnie wysi\u0142ek, odpowiedzia\u0142a bez wahania.<\/p>\n<blockquote class=\"ods-o-quota\">\n<p class=\"ods-o-quota__paragraph\">To jest orka. Orka przyjemna, ale nerwowa. Trzeba rano wstawa\u0107, czego nie lubimy<\/p>\n<\/blockquote>\n<p class=\"ods-c-paragraph \">\u2014 m\u00f3wi\u0142a, zdradzaj\u0105c kulisy pracy po latach przerwy.<\/p>\n<p class=\"ods-c-paragraph \">Jak podkre\u015bli\u0142a, Simona sprzed 20 lat i ta dzisiejsza to zupe\u0142nie inne postacie. Zale\u017ca\u0142o jej, by scenarzy\u015bci zachowali w bohaterce to, co najwa\u017cniejsze \u2014 autentyczno\u015b\u0107, dobro\u0107 i charakterystyczn\u0105 filuterno\u015b\u0107.<\/p>\n<blockquote class=\"ods-o-quota\">\n<p class=\"ods-o-quota__paragraph\">Simona mia\u0142a prawd\u0119. Mia\u0142a absolutn\u0105 dobro\u0107, ale te\u017c naiwno\u015b\u0107 i co\u015b niepokornego. Modli\u0142am si\u0119, \u017ceby to zosta\u0142o \u2014 i zosta\u0142o<\/p>\n<\/blockquote>\n<p class=\"ods-c-paragraph \">\u2014 przyzna\u0142a.<\/p>\n<p><img decoding=\"async\" src=\"https:\/\/www.europesays.com\/pl\/wp-content\/uploads\/2025\/12\/WXGk9lBaHR0cHM6Ly9vY2RuLmV1L3B1bHNjbXMvTURBXy8yMmFmOTk5YjU5NjE0OGJjNjFhZmVhZjI1ZjFhYTZmNC5wbmeRlQLNB.jpeg\" height=\"530\" width=\"940\" alt=\"Agnieszka Fitkau-Perepeczko\" loading=\"lazy\" class=\"ods-c-image__img ods-c-image__img--viewport-width\"\/><\/p>\n<p>Agnieszka Fitkau-Perepeczkoscreen, &#8222;Pytanie na \u015bniadanie&#8221;\/TVP \/ TVP<\/p>\n<p class=\"ods-c-paragraph \">Fitkau-Perepeczko zwr\u00f3ci\u0142a te\u017c uwag\u0119 na to, \u017ce jej dalsza obecno\u015b\u0107 w serialu zale\u017cy nie od producent\u00f3w, a od reakcji publiczno\u015bci.<\/p>\n<blockquote class=\"ods-o-quota\">\n<p class=\"ods-o-quota__paragraph\">Tu decyduj\u0105 internauci. Je\u017celi pokochaj\u0105 Simon\u0119 po 20 latach, to mo\u017ce si\u0119 wydarzy\u0107 co\u015b dalej<\/p>\n<\/blockquote>\n<p class=\"ods-c-paragraph \">\u2014 m\u00f3wi\u0142a, podkre\u015blaj\u0105c, \u017ce to widzowie maj\u0105 dzi\u015b realny wp\u0142yw na losy bohater\u00f3w.<\/p>\n<p class=\"ods-c-paragraph \">Nie kry\u0142a przy tym, \u017ce ogromn\u0105 rol\u0119 w jej powrocie odegra\u0142 TikTok.<\/p>\n<blockquote class=\"ods-o-quota\">\n<p class=\"ods-o-quota__paragraph\">To wy mi dali\u015bcie odwag\u0119. Komentarze, energia, nawet te bardziej odwa\u017cne wiadomo\u015bci \u2014 to mnie nap\u0119dza. To dzi\u0119ki wam wr\u00f3ci\u0142am jako Simona<\/p>\n<\/blockquote>\n<p class=\"ods-c-paragraph \">\u2014 powiedzia\u0142a wprost, zwracaj\u0105c si\u0119 do obserwator\u00f3w.<\/p>\n<p class=\"ods-c-paragraph \">Cho\u0107 na razie aktorka pojawi si\u0119 jedynie w odcinku walentynkowym, nie ukrywa satysfakcji. \u2014 Nawet je\u015bli to jeden odcinek, zaznaczy\u0142am si\u0119 na kolorowo. Simona dzi\u015b rozrabia wi\u0119cej ni\u017c 20 lat temu \u2014 \u015bmia\u0142a si\u0119.<\/p>\n<p class=\"ods-c-paragraph \">Spotkanie zako\u0144czy\u0142o si\u0119 wr\u0119czeniem kwiat\u00f3w i ciep\u0142ymi s\u0142owami, a sama Peprepeczko nie kry\u0142a, \u017ce do <a href=\"https:\/\/plejada.pl\/temat\/pytanie-na-sniadanie\/3mqbclq\" id=\"3c412230-e4d1-443b-bbfb-03aaae5386d6\" rel=\"nofollow noopener\" target=\"_blank\">&#8222;Pytania na \u015bniadanie&#8221;<\/a> zawsze wraca z przyjemno\u015bci\u0105. \u2014 Uwielbiam tu by\u0107. Jest tu atmosfera, kt\u00f3r\u0105 naprawd\u0119 lubi\u0119 \u2014 podsumowa\u0142a.<\/p>\n<p><img decoding=\"async\" src=\"https:\/\/www.europesays.com\/pl\/wp-content\/uploads\/2025\/12\/6jIk9lBaHR0cHM6Ly9vY2RuLmV1L3B1bHNjbXMvTURBXy83YTkwNDM1M2M2OTNhNjlmZDdlYTgxMTY2OWZkN2JiMy5wbmeRlQLNB.jpeg\" height=\"530\" width=\"940\" alt=\"Agnieszka Fitkau-Perepeczko oraz Anna Lewandowska i \u0141ukasz Kadziewicz\" loading=\"lazy\" class=\"ods-c-image__img ods-c-image__img--viewport-width\"\/><\/p>\n<p>Agnieszka Fitkau-Perepeczko oraz Anna Lewandowska i \u0141ukasz Kadziewiczscreen, &#8222;Pytanie na \u015bniadanie&#8221;\/TVP \/ TVP<\/p>\n<p class=\"ods-c-paragraph \">Dzi\u0119kujemy, \u017ce przeczyta\u0142a\u015b\/e\u015b nasz artyku\u0142 do ko\u0144ca. W serwisie Plejada.pl ka\u017cdego dnia piszemy o najwa\u017cniejszych wydarzeniach show-biznesowych. B\u0105d\u017a na bie\u017c\u0105co! <a rel=\"nofollow noopener\" href=\"https:\/\/profile.google.com\/cp\/Cg0vZy8xMWJ6X19wdHBx\" id=\"29b2330c-aad4-4d58-a7a6-d901c4ce5f10\" target=\"_blank\">Obserwuj<\/a> Plejad\u0119 w Wiadomo\u015bciach Google. Odwied\u017a nas tak\u017ce na <a rel=\"nofollow noopener\" href=\"https:\/\/www.facebook.com\/plejadapl\" id=\"66717251-a37b-4c43-ab00-4cfcf8c59123\" target=\"_blank\">Facebooku<\/a>, <a rel=\"nofollow noopener\" href=\"https:\/\/www.instagram.com\/plejadapl\/\" id=\"8462e87c-7151-4590-a647-89b4a3add9a4\" target=\"_blank\">Instagramie<\/a>, <a rel=\"nofollow noopener\" href=\"https:\/\/www.youtube.com\/c\/plejada\" id=\"755f0f12-fdef-4984-a974-36fbd019bd0d\" target=\"_blank\">YouTube<\/a> oraz <a rel=\"nofollow noopener\" href=\"https:\/\/www.tiktok.com\/@plejada_pl\" id=\"8a02c670-6fd5-4a5b-bd8b-7898ac9ae9d6\" target=\"_blank\">TikToku<\/a>.<\/p>\n<p class=\"ods-c-paragraph \">Chcesz podzieli\u0107 si\u0119 ciekawym newsem lub zaproponowa\u0107 temat? Skontaktuj si\u0119 z nami, pisz\u0105c e-maila na adres: <a rel=\"nofollow noopener\" href=\"https:\/\/plejada.pl\/newsy\/w-pytaniu-na-sniadanie-zrobilo-sie-nerwowo-jeszcze-raz-powiesz-pani-i-wyjdziesz\/mailto:plejada@redakcjaonet.pl\" id=\"a52ddc4c-1612-42af-a642-759185f219e9\" target=\"_blank\">plejada@redakcjaonet.pl<\/a>.<\/p>\n<p><script async src=\"\/\/www.instagram.com\/embed.js\"><\/script><script async src=\"\/\/www.tiktok.com\/embed.js\"><\/script><\/p>\n","protected":false},"excerpt":{"rendered":"Agnieszka Fitkau-Perepeczko po latach wraca do obsady &#8222;M jak mi\u0142o\u015b\u0107&#8221;. Aktorka ponownie wcieli si\u0119 w posta\u0107 Simony, przyjaci\u00f3\u0142ki&hellip;\n","protected":false},"author":2,"featured_media":152068,"comment_status":"","ping_status":"","sticky":false,"template":"","format":"standard","meta":{"footnotes":""},"categories":[22],"tags":[12406,122,15703,48,125,46,42,38,40,39,41,2577,25199,123,47,506],"class_list":{"0":"post-152067","1":"post","2":"type-post","3":"status-publish","4":"format-standard","5":"has-post-thumbnail","7":"category-rozrywka","8":"tag-agnieszka_fitkau_perepeczko","9":"tag-entertainment","10":"tag-lukasz_kadziewicz","11":"tag-nat_styl","12":"tag-newsy","13":"tag-omp","14":"tag-pl","15":"tag-poland","16":"tag-polish","17":"tag-polska","18":"tag-polski","19":"tag-pytanie_na_sniadanie","20":"tag-rebrand_ai_tst1","21":"tag-rozrywka","22":"tag-screening_general","23":"tag-tvp"},"share_on_mastodon":{"url":"https:\/\/pubeurope.com\/@pl\/115723764109487385","error":""},"_links":{"self":[{"href":"https:\/\/www.europesays.com\/pl\/wp-json\/wp\/v2\/posts\/152067","targetHints":{"allow":["GET"]}}],"collection":[{"href":"https:\/\/www.europesays.com\/pl\/wp-json\/wp\/v2\/posts"}],"about":[{"href":"https:\/\/www.europesays.com\/pl\/wp-json\/wp\/v2\/types\/post"}],"author":[{"embeddable":true,"href":"https:\/\/www.europesays.com\/pl\/wp-json\/wp\/v2\/users\/2"}],"replies":[{"embeddable":true,"href":"https:\/\/www.europesays.com\/pl\/wp-json\/wp\/v2\/comments?post=152067"}],"version-history":[{"count":0,"href":"https:\/\/www.europesays.com\/pl\/wp-json\/wp\/v2\/posts\/152067\/revisions"}],"wp:featuredmedia":[{"embeddable":true,"href":"https:\/\/www.europesays.com\/pl\/wp-json\/wp\/v2\/media\/152068"}],"wp:attachment":[{"href":"https:\/\/www.europesays.com\/pl\/wp-json\/wp\/v2\/media?parent=152067"}],"wp:term":[{"taxonomy":"category","embeddable":true,"href":"https:\/\/www.europesays.com\/pl\/wp-json\/wp\/v2\/categories?post=152067"},{"taxonomy":"post_tag","embeddable":true,"href":"https:\/\/www.europesays.com\/pl\/wp-json\/wp\/v2\/tags?post=152067"}],"curies":[{"name":"wp","href":"https:\/\/api.w.org\/{rel}","templated":true}]}}