{"id":152075,"date":"2025-12-15T13:19:11","date_gmt":"2025-12-15T13:19:11","guid":{"rendered":"https:\/\/www.europesays.com\/pl\/152075\/"},"modified":"2025-12-15T13:19:11","modified_gmt":"2025-12-15T13:19:11","slug":"zuzel-kompletny-facundo-albin-na-inauguracje-jeden-obcokrajowiec-w-finale","status":"publish","type":"post","link":"https:\/\/www.europesays.com\/pl\/152075\/","title":{"rendered":"\u017bu\u017cel. Kompletny Facundo Albin na inauguracj\u0119. Jeden obcokrajowiec w finale"},"content":{"rendered":"\n<p class=\"contentpart contentpart--default contentpart--text\" data-position=\"0\"><a href=\"https:\/\/sportowefakty.wp.pl\/zuzel\/facundo-albin\" rel=\"nofollow noopener\" target=\"_blank\">Facundo Albin<\/a>\u00a0jest niew\u0105tpliwie jednym z faworyt\u00f3w do z\u0142otego medalu w Argentynie, a turniej w Bahia Blanca potwierdzi\u0142, \u017ce reprezentant gospodarzy jest w dobrej formie. By\u0142y zawodnik m.in. Kolejarza Rawicz sze\u015bciokrotnie wyje\u017cd\u017ca\u0142 na tor i tyle te\u017c razy meldowa\u0142 si\u0119 na mecie na pierwszym miejscu.<\/p>\n<p class=\"contentpart contentpart--default contentpart--text\" data-position=\"1\">W finale za jego plecami przyjecha\u0142 <a href=\"https:\/\/sportowefakty.wp.pl\/zuzel\/drew-kemp\" rel=\"nofollow noopener\" target=\"_blank\">Drew Kemp<\/a>. Brytyjczyk, kt\u00f3ry w polskiej lidze zwi\u0105za\u0142 si\u0119 z <a href=\"https:\/\/sportowefakty.wp.pl\/zuzel\/lokomotiv\" rel=\"nofollow noopener\" target=\"_blank\">Lokomotivem Daugavpils<\/a>, w rundzie zasadniczej wywalczy\u0142 13 oczek, a do najwa\u017cniejszej gonitwy wieczoru przebi\u0142 si\u0119 po zwyci\u0119stwie w p\u00f3\u0142finale. Trzecie miejsce dla <a href=\"https:\/\/sportowefakty.wp.pl\/zuzel\/eber-ampugnani\" rel=\"nofollow noopener\" target=\"_blank\">Carlos Ebera Ampugnaniego<\/a>, a tu\u017c za nimi do mety dojecha\u0142 <a href=\"https:\/\/sportowefakty.wp.pl\/zuzel\/cristian-zubillaga\" rel=\"nofollow noopener\" target=\"_blank\">Cristian Zubillaga<\/a>.<\/p>\n<p> <img role=\"presentation\" src=\"https:\/\/std.wpcdn.pl\/images\/adv\/placeholder_wp.svg\" loading=\"lazy\" alt=\"\" decoding=\"async\"\/>  <\/p>\n<p class=\"contentpart contentpart--default contentpart--text\" data-position=\"2\">ZOBACZ WIDEO: Chomski t\u0142umaczy brak Palucha i Janowskiego w kadrze<\/p>\n<p class=\"contentpart contentpart--default contentpart--text\" data-position=\"4\">Dobrze w debiucie na argenty\u0144skiej ziemi wypad\u0142 <a href=\"https:\/\/sportowefakty.wp.pl\/zuzel\/roman-kapustin\" rel=\"nofollow noopener\" target=\"_blank\">Roman Kapustin<\/a>, kt\u00f3ry dotar\u0142 do p\u00f3\u0142fina\u0142u, ale w nim musia\u0142 uzna\u0107 wy\u017cszo\u015b\u0107 dw\u00f3ch konkurent\u00f3w. O pechu mo\u017ce m\u00f3wi\u0107 <a href=\"https:\/\/sportowefakty.wp.pl\/zuzel\/danko-hladkowski\" rel=\"nofollow noopener\" target=\"_blank\">Danko Hladkowski<\/a>, kt\u00f3ry po upadku w pierwszym starcie wi\u0119cej ju\u017c na owal w Bahia Blanca nie wyje\u017cd\u017ca\u0142.<\/p>\n<p class=\"contentpart contentpart--default contentpart--text\" data-position=\"5\">Druga runda odb\u0119dzie si\u0119 20 grudnia w Daireaux.<\/p>\n<p class=\"contentpart contentpart--default contentpart--text\" data-position=\"6\">Punktacja:<br \/>1. Facundo Albin &#8211; 15+3 (3,3,3,3,3) &#8211; 1. miejsce w finale<br \/>2. Drew Kemp (Wielka Brytania) &#8211; 13+3+2 (2,2,3,3,3) &#8211; 1. miejsce w p\u00f3\u0142finale &#8211; 2. miejsce w finale<br \/>3. Eber Ampugnani &#8211; 14+1 (3,3,2,3,3) &#8211; 3. miejsce w finale<br \/>4. Cristian Zubillaga &#8211; 12+3+u (3,3,1,2,3) &#8211; 1. miejsce w p\u00f3\u0142finale &#8211; upadek w finale<br \/>5. Facundo Cuello &#8211; 9+2 (3,1,3,1,1) &#8211; 2. miejsce w p\u00f3\u0142finale<br \/>6. Nicolas Gomez &#8211; 11+2 (2,2,2,3,2) &#8211; 2. miejsce w p\u00f3\u0142finale<br \/>7. Roman Kapustin (Ukraina) &#8211; 9+1 (2,3,0,2,2) &#8211; 3. miejsce w p\u00f3\u0142finale<br \/>8. Matias Galdos &#8211; 6+1 (0,1,3,w,2) &#8211; 3. miejsce w p\u00f3\u0142finale<br \/>9. Agustin Kreder &#8211; 9+0 (2,2,1,2,2) &#8211; 4. miejsce w p\u00f3\u0142finale<br \/>10. Renzo Garbuglia &#8211; 5+0 (1,2,1,1,0) &#8211; 4. miejsce w p\u00f3\u0142finale<br \/>11. Lisandro Lobos &#8211; 4 (1,0,1,2,u)<br \/>12. Diego Eleno &#8211; 4 (u,2,2,0,0)<br \/>13. Joaquin Felix &#8211; 1 (1,u,u,u,-)<br \/>14. Fernando Olivera &#8211; 1 (u,0,1,-,-)<br \/>15. Nicolas Marquez &#8211; 0 (0,-,-,-,-)<br \/>16. Danko Hladkowski (Ukraina) &#8211; 0 (u,-,-,-,-)<br \/>17. Kevin Acuna &#8211; ns (-,-,-,-,-)<\/p>\n<p> <img role=\"presentation\" src=\"https:\/\/std.wpcdn.pl\/images\/adv\/placeholder_wp.svg\" loading=\"lazy\" alt=\"\" decoding=\"async\"\/>  <\/p>\n<p class=\"contentpart contentpart--default contentpart--text\" data-position=\"7\">Bieg po biegu:<br \/>1. Ampugnani, Gomez, Felix, Galdos<br \/>2. Cuello, Kreder, Hladkowski (u)<br \/>3. Zubillaga, Kapustin, Lobos, Marquez<br \/>4. Albin, Kemp, Olivera (U), Eleno (u)<br \/>5. Kapustin, Eleno, Felix (u)<br \/>6. AMpugnani, Kemp, Cuello, Lobos<br \/>7. Albin, Gomez, Garbuglia<br \/>8. Zubillaga, Kreder, Galdos, Olivera<br \/>9. Cuello, Garbuglia, Olivera, Felix (u)<br \/>10. Albin, Ampugani, Zubillaga<br \/>11. Kemp, Gomez, Kreder, Kapustin<br \/>12. Galdos, Eleno, Lobos<br \/>13. Kemp, Zubillaga, Felix (u)<br \/>14. Ampugnani, Kreder, Garbuglia, Eleno<br \/>15. Gomez, Lobos<br \/>16. Albin, Kapustin, Cuello<br \/>17. Albin, Kreder, Lobos (u)<br \/>18. Ampugnani, Kapustin<br \/>19. Zubillaga, Gomez, Cuello, ELeno<br \/>20. Kemp, Galdos, Garbuglia<\/p>\n<p class=\"contentpart contentpart--default contentpart--text\" data-position=\"8\">P\u00f3\u0142fina\u0142y:<br \/>21. Kemp, Cuello, Galdos, Kreder<br \/>22. Zubillaga, Gomez, Kapustin, Garbuglia<\/p>\n<p class=\"contentpart contentpart--default contentpart--text\" data-position=\"9\">Fina\u0142: <br \/>23. Albin, Kemp, Ampugnani, Zubillaga (u)<\/p>\n","protected":false},"excerpt":{"rendered":"Facundo Albin\u00a0jest niew\u0105tpliwie jednym z faworyt\u00f3w do z\u0142otego medalu w Argentynie, a turniej w Bahia Blanca potwierdzi\u0142, \u017ce&hellip;\n","protected":false},"author":2,"featured_media":152076,"comment_status":"","ping_status":"","sticky":false,"template":"","format":"standard","meta":{"footnotes":""},"categories":[24],"tags":[968,30604,30601,30605,30602,30600,29521,42,38,40,39,41,30603,127,126,174,9802],"class_list":{"0":"post-152075","1":"post","2":"type-post","3":"status-publish","4":"format-standard","5":"has-post-thumbnail","7":"category-sport","8":"tag-argentyna","9":"tag-carlos-eber-ampugnani","10":"tag-cristian-zubillaga","11":"tag-danko-hladkowski","12":"tag-drew-kemp","13":"tag-facundo-albin","14":"tag-lokomotiv-daugavpils","15":"tag-pl","16":"tag-poland","17":"tag-polish","18":"tag-polska","19":"tag-polski","20":"tag-roman-kapustin","21":"tag-sport","22":"tag-sports","23":"tag-zuzel","24":"tag-zuzel-na-swiecie"},"share_on_mastodon":{"url":"https:\/\/pubeurope.com\/@pl\/115723787973548105","error":""},"_links":{"self":[{"href":"https:\/\/www.europesays.com\/pl\/wp-json\/wp\/v2\/posts\/152075","targetHints":{"allow":["GET"]}}],"collection":[{"href":"https:\/\/www.europesays.com\/pl\/wp-json\/wp\/v2\/posts"}],"about":[{"href":"https:\/\/www.europesays.com\/pl\/wp-json\/wp\/v2\/types\/post"}],"author":[{"embeddable":true,"href":"https:\/\/www.europesays.com\/pl\/wp-json\/wp\/v2\/users\/2"}],"replies":[{"embeddable":true,"href":"https:\/\/www.europesays.com\/pl\/wp-json\/wp\/v2\/comments?post=152075"}],"version-history":[{"count":0,"href":"https:\/\/www.europesays.com\/pl\/wp-json\/wp\/v2\/posts\/152075\/revisions"}],"wp:featuredmedia":[{"embeddable":true,"href":"https:\/\/www.europesays.com\/pl\/wp-json\/wp\/v2\/media\/152076"}],"wp:attachment":[{"href":"https:\/\/www.europesays.com\/pl\/wp-json\/wp\/v2\/media?parent=152075"}],"wp:term":[{"taxonomy":"category","embeddable":true,"href":"https:\/\/www.europesays.com\/pl\/wp-json\/wp\/v2\/categories?post=152075"},{"taxonomy":"post_tag","embeddable":true,"href":"https:\/\/www.europesays.com\/pl\/wp-json\/wp\/v2\/tags?post=152075"}],"curies":[{"name":"wp","href":"https:\/\/api.w.org\/{rel}","templated":true}]}}