{"id":152079,"date":"2025-12-15T13:22:10","date_gmt":"2025-12-15T13:22:10","guid":{"rendered":"https:\/\/www.europesays.com\/pl\/152079\/"},"modified":"2025-12-15T13:22:10","modified_gmt":"2025-12-15T13:22:10","slug":"niezwykly-prezent-donalda-trumpa-dla-putina-i-xi-to-glowny-temat-ich-kampanii","status":"publish","type":"post","link":"https:\/\/www.europesays.com\/pl\/152079\/","title":{"rendered":"&#8222;Niezwyk\u0142y&#8221; prezent Donalda Trumpa dla Putina i Xi. To g\u0142\u00f3wny temat ich kampanii"},"content":{"rendered":"<p>Chocia\u017c wielu mo\u017ce ulec pokusie, aby zerwa\u0107 wsp\u00f3\u0142prac\u0119 z USA jako sojusznikiem i partnerem, mam nadziej\u0119, \u017ce nasi przyjaciele nie zrezygnuj\u0105 z nas tak \u0142atwo \u2014 komentuje Laura Thornton, starsza dyrektor ds. program\u00f3w demokratycznych w Instytucie McCaina, kt\u00f3ra sp\u0119dzi\u0142a ponad dwie dekady w Azji i by\u0142ym Zwi\u0105zku Radzieckim, pracuj\u0105c dla Narodowego Instytutu Demokratycznego.<\/p>\n<p>Na pocz\u0105tku tego miesi\u0105ca przemawia\u0142am na konferencji w Bukareszcie dla dzia\u0142aczy i lider\u00f3w demokratycznych z Europy Wschodniej. Omawia\u0142am zagraniczne dzia\u0142ania maj\u0105ce na celu wywieranie negatywnego wp\u0142ywu, szczeg\u00f3lnie w kontek\u015bcie wybor\u00f3w, podkre\u015blaj\u0105c hybrydow\u0105 wojn\u0119 Rosji w Mo\u0142dawii, kiedy to jedna z w\u0119gierskich uczestniczek zwr\u00f3ci\u0142a uwag\u0119, \u017ce <a href=\"https:\/\/wiadomosci.onet.pl\/swiat\/pokerowa-zagrywka-orbana-wykoleja-strategie-zachodu-viktator-dostaje-wielki-prezent\/3lq6hdz\" id=\"c191652f-a1d1-4689-b8f9-872356fba2c4\" rel=\"nofollow noopener\" target=\"_blank\">prezydent USA Donald Trump zaoferowa\u0142 nieliberalnemu przyw\u00f3dcy W\u0119gier Viktorowi Orbanowi roczne odroczenie sankcji<\/a> za korzystanie z rosyjskiej ropy i gazu. W zwi\u0105zku ze zbli\u017caj\u0105cymi si\u0119 wyborami na W\u0119grzech i tym, \u017ce odroczenie to stanowi bezpo\u015bredni\u0105 ulg\u0119 dla gospodarki Orbana, zapyta\u0142a: &#8222;Czy to nie jest ingerencja w wybory?&#8221;.<\/p>\n<p>Nast\u0119pnego dnia, podczas Forum Bezpiecze\u0144stwa Mo\u0142dawii w Kiszyniowie, polski urz\u0119dnik rz\u0105dowy wyrazi\u0142 g\u0142\u0119bokie zaniepokojenie dotycz\u0105ce dzielenia si\u0119 informacjami wywiadowczymi z obecn\u0105 administracj\u0105 ameryka\u0144sk\u0105. Chocia\u017c darzy\u0142 ambasad\u0119 [USA] w Warszawie wielkim szacunkiem, zwr\u00f3ci\u0142 uwag\u0119 na brak zaufania do niekt\u00f3rych przyw\u00f3dc\u00f3w w Waszyngtonie i wyrazi\u0142 obaw\u0119, \u017ce informacje wywiadowcze mog\u0105 zosta\u0107 ujawnione, w najgorszym przypadku Rosji \u2014 tak jak to <a href=\"https:\/\/wiadomosci.onet.pl\/swiat\/kreml-doniesienia-o-ujawnieniu-przez-trumpa-tajemnic-wywiadu-to-bzdura\/ywd72cf\" id=\"5029944e-1cf3-4ccc-87b0-450d4179fe5b\" rel=\"nofollow noopener\" target=\"_blank\">mia\u0142o miejsce podczas pierwszej kadencji Trumpa<\/a>.<\/p>\n<p class=\"ods-c-paragraph \">M\u00f3j tydzie\u0144 zako\u0144czy\u0142 si\u0119 dwudniowymi warsztatami dla dzia\u0142aczy na rzecz demokracji, kt\u00f3rzy opisywali katastrofalny wp\u0142yw <a href=\"https:\/\/wiadomosci.onet.pl\/swiat\/najokrutniejszy-wybor-to-moze-byc-poczatek-swiatowego-kryzysu-zdrowia\/vkw2ft4\" id=\"ef36f71d-7bcd-441c-82eb-d4fc94ee4dd6\" rel=\"nofollow noopener\" target=\"_blank\">likwidacji Ameryka\u0144skiej Agencji ds. Rozwoju Mi\u0119dzynarodowego (USAID)<\/a> na ich prac\u0119, niezale\u017cnie od tego, czy chodzi\u0142o o ochron\u0119 wolnych i uczciwych wybor\u00f3w, walk\u0119 z kampaniami dezinformacyjnymi, czy wspieranie niezale\u017cnych medi\u00f3w. \u2014 Nie chodzi tylko o pieni\u0105dze. Chodzi o utrat\u0119 Stan\u00f3w Zjednoczonych jako demokratycznego partnera \u2014 powiedzia\u0142 jeden z gruzi\u0144skich uczestnik\u00f3w.<\/p>\n<p class=\"ods-c-paragraph \">Inni z kolei opisali, jak wycofanie si\u0119 USA by\u0142o niezwyk\u0142ym prezentem dla Rosji, Chin i innych autokratycznych re\u017cim\u00f3w, staj\u0105c si\u0119 g\u0142\u00f3wnym tematem ich kampanii dezinformacyjnych. Wed\u0142ug jednego z mo\u0142dawskich uczestnik\u00f3w &#8222;USA porzuci\u0142y Mo\u0142dawi\u0119&#8221; to obecnie powszechna rosyjska narracja, podczas gdy chi\u0144skie komunikaty na globalnym po\u0142udniu r\u00f3wnie\u017c wykorzystuj\u0105 likwidacj\u0119 USAID, aby przedstawi\u0107 Waszyngton jako niewiarygodnego sojusznika.<\/p>\n<p class=\"ods-c-paragraph \">Poniewa\u017c sp\u0119dzi\u0142am znaczn\u0105 cz\u0119\u015b\u0107 swojej kariery, \u015bledz\u0105c szkodliwe dzia\u0142ania zagranicznych podmiot\u00f3w, kt\u00f3re podwa\u017caj\u0105 demokracj\u0119 na ca\u0142ym \u015bwiecie, i opracowuj\u0105c strategie obrony przed nimi, by\u0142a to dla mnie bolesna lekcja rzeczywisto\u015bci. Musia\u0142am zada\u0107 sobie pytanie: &#8222;Chwila, czy to my jeste\u015bmy tymi z\u0142ymi?&#8221;.<\/p>\n<p class=\"ods-c-paragraph \">By\u0142oby naiwno\u015bci\u0105 sugerowa\u0107, \u017ce Stany Zjednoczone zawsze dzia\u0142a\u0142y w dobrej wierze, broni\u0105c globalnej demokracji w ca\u0142ej swojej historii. W ko\u0144cu Ameryka ingerowa\u0142a w wewn\u0119trzne konflikty wielu kraj\u00f3w, wspieraj\u0105c przyw\u00f3dc\u00f3w, kt\u00f3rzy nie mieli na uwadze dobra ani wolno\u015bci swoich obywateli. Jednak mimo \u017ce w przesz\u0142o\u015bci nie zawsze si\u0119 to udawa\u0142o, zawsze istnia\u0142o szerokie porozumienie ponad podzia\u0142ami partyjnymi co do tego, czym powinny by\u0107 Stany Zjednoczone: niezawodnym sojusznikiem, krajem wspieraj\u0105cym tych, kt\u00f3rym powiod\u0142o si\u0119 gorzej, przeciwstawiaj\u0105cym si\u0119 tyranii na ca\u0142ym \u015bwiecie i b\u0119d\u0105cym ostoj\u0105 wolno\u015bci dla obro\u0144c\u00f3w praw cz\u0142owieka.<\/p>\n<p class=\"ods-c-paragraph \">Warto\u015bci i interesy Ameryki by\u0142y postrzegane jako ze sob\u0105 powi\u0105zane \u2014 zw\u0142aszcza przekonanie, \u017ce \u015bwiat z wolnymi i otwartymi demokracjami przyniesie korzy\u015bci Stanom Zjednoczonym. Jak powiedzia\u0142 nie\u017cyj\u0105cy ju\u017c senator John McCain: &#8222;Nasze interesy s\u0105 naszymi warto\u015bciami, a nasze warto\u015bci s\u0105 naszymi interesami&#8221;.<\/p>\n<p class=\"ods-c-paragraph \">Z dum\u0105 obserwowa\u0142am, jak to si\u0119 sprawdza w mojej pracy. Mieszka\u0142am w kilku krajach, kt\u00f3re mia\u0142y niewiele do zaoferowania Stanom Zjednoczonym w zakresie handlu, przemys\u0142u wydobywczego czy wp\u0142yw\u00f3w, a mimo to wspierali\u015bmy ich programy zdrowotne, edukacyjne i rolnicze. Bronili\u015bmy r\u00f3wnie\u017c obro\u0144c\u00f3w demokracji i bojownik\u00f3w o wolno\u015b\u0107 na ca\u0142ym \u015bwiecie, nie czerpi\u0105c z tego \u017cadnych korzy\u015bci materialnych. W swoim \u017cyciu wsp\u00f3\u0142pracowa\u0142am z setkami pracownik\u00f3w pomocy zagranicznej i organizacji pozarz\u0105dowych i mog\u0119 powiedzie\u0107, \u017ce \u017caden z nich nie robi\u0142 tego dla &#8222;korzystnej umowy handlowej&#8221; lub kolonizacji zasob\u00f3w.<\/p>\n<p class=\"ods-c-paragraph \">Jednak dzisiejsza polityka zagraniczna Stan\u00f3w Zjednoczonych odesz\u0142a od tego podej\u015bcia. Porzuci\u0142a powojenny konsensus w sprawie sojusznik\u00f3w i warto\u015bci obrony wolno\u015bci, skupiaj\u0105c si\u0119 zamiast tego na transakcjach i zawieraniu um\u00f3w, stosuj\u0105c c\u0142a w celu karania lub nagradzania oraz definiuj\u0105c sojusznik\u00f3w na podstawie korzy\u015bci finansowych, a nie wsp\u00f3lnych warto\u015bci demokratycznych.<\/p>\n<p class=\"ods-c-paragraph \">Pojawiaj\u0105 si\u0119 r\u00f3wnie\u017c nowe powi\u0105zania ideologiczne \u2014 nie s\u0105 to jednak demokratyczne sojusze z przesz\u0142o\u015bci. Podczas <a href=\"https:\/\/www.onet.pl\/informacje\/onetwiadomosci\/witold-jurasz-przemowienie-jd-vancea-przejdzie-do-historii-hannibal-u-bram\/zzgklwk,79cfc278\" id=\"84cd2d0b-0bb6-4656-8dbe-7cf5c0c1d226\" rel=\"nofollow noopener\" target=\"_blank\">Forum Bezpiecze\u0144stwa w Monachium na pocz\u0105tku tego roku wiceprezydent USA J.D. Vance<\/a> zdecydowa\u0142 si\u0119 spotka\u0107 ze skrajnie prawicow\u0105 parti\u0105 Alternatywa dla Niemiec [AfD], a nie z \u00f3wczesnym [socjaldemokratycznym] kanclerzem Olafem Scholzem. Konserwatywny Komitet Dzia\u0142ania Politycznego s\u0142u\u017cy\u0142 r\u00f3wnie\u017c jako transatlantycki pomost \u0142\u0105cz\u0105cy skrajnie prawicowe ruchy w Europie z tymi w USA, zapewniaj\u0105c platform\u0119 dla strongman\u00f3w, takich jak Orban.<\/p>\n<p>   <img decoding=\"async\" src=\"https:\/\/www.europesays.com\/pl\/wp-content\/uploads\/2025\/12\/Gcik9lBaHR0cHM6Ly9vY2RuLmV1L3B1bHNjbXMvTURBXy9hZGYzYjEzZTBjNDgwNGZkYzM5ZWFkYmI2MTY1MjdlYy5qcGeRlQLNB.jpeg\" height=\"627\" width=\"940\" alt=\"Prezydent Stan\u00f3w Zjednoczonych Donald Trump (L) i premier W\u0119gier Viktor Orban przy wej\u015bciu do Bia\u0142ego Domu w Waszyngtonie, DC, USA, 7 listopada 2025 r.\" loading=\"lazy\" class=\"ods-c-image__img ods-c-image__img--viewport-width\"\/><\/p>\n<p>Prezydent Stan\u00f3w Zjednoczonych Donald Trump (L) i premier W\u0119gier Viktor Orban przy wej\u015bciu do Bia\u0142ego Domu w Waszyngtonie, DC, USA, 7 listopada 2025 r.AARON SCHWARTZ \/ POOL \/ PAP<\/p>\n<p class=\"ods-c-paragraph \">Niedawno opublikowana <a href=\"https:\/\/wiadomosci.onet.pl\/swiat\/trump-przekroczyl-rubikon-nowa-strategia-to-sygnal-alarmowy-usa-rozpoczynaja-ere-w\/pk8mpgy\" id=\"e8dc13dc-e71f-439b-ab5d-8309a2cceb04\" rel=\"nofollow noopener\" target=\"_blank\">ameryka\u0144ska strategia bezpiecze\u0144stwa narodowego<\/a> wyra\u017anie popiera odej\u015bcie od warto\u015bci na rzecz sojuszy bardziej transakcyjnych, a tak\u017ce sympati\u0119 dla &#8222;patriotycznych partii europejskich&#8221; i wezwanie do &#8222;oporu&#8221; wobec &#8222;obecnej trajektorii&#8221; regionu \u2014 co jest wyra\u017anym odniesieniem do nieliberalnych, skrajnie prawicowych ruch\u00f3w w Europie.<\/p>\n<p class=\"ods-c-paragraph \">Tymczasem, wed\u0142ug szko\u0142y zdrowia publicznego Uniwersytetu Harvarda, zamkni\u0119cie USAID spowodowa\u0142o tragedi\u0119 w postaci setek tysi\u0119cy ofiar \u015bmiertelnych, jednocze\u015bnie os\u0142abiaj\u0105c dzia\u0142ania os\u00f3b walcz\u0105cych o wolno\u015b\u0107, prawa cz\u0142owieka i demokracj\u0119. Wed\u0142ug mo\u0142dawskich organizacji, z kt\u00f3rymi rozmawia\u0142am, podczas gdy UE i inne organizacje nadal wspieraj\u0105 je w walce z hybrydowymi atakami Rosji przed wrze\u015bniowymi wyborami, wycofanie si\u0119 Ameryki de facto pomaga Kremlowi w jego dzia\u0142aniach.<\/p>\n<p class=\"ods-c-paragraph \">Nie powinno mnie dziwi\u0107, \u017ce nasi partnerzy s\u0105 zaniepokojeni i zastanawiaj\u0105 si\u0119, po kt\u00f3rej stronie naprawd\u0119 stoj\u0105 Stany Zjednoczone. Uwa\u017cam jednak, \u017ce chocia\u017c polityka zagraniczna danego kraju cz\u0119sto odzwierciedla priorytety i warto\u015bci ca\u0142ego narodu, Amerykanie nadal mog\u0105 znale\u017a\u0107 spos\u00f3b, aby zmieni\u0107 to postrzeganie.<\/p>\n<p class=\"ods-c-paragraph \">Sojusze nie s\u0105 budowane wy\u0142\u0105cznie mi\u0119dzy pa\u0144stwami \u2014 mog\u0105 one powstawa\u0107 r\u00f3wnie\u017c na szczeblu regionalnym, tworz\u0105c wi\u0119zi mi\u0119dzy demokratycznymi miastami lub stanami w Stanach Zjednoczonych a podobnie my\u015bl\u0105cymi samorz\u0105dami lokalnymi w innych cz\u0119\u015bciach \u015bwiata. Podobnie jak Budapeszt nie odzwierciedla antydemokratycznego przyw\u00f3dztwa krajowego, mo\u017cemy znale\u017a\u0107 powi\u0105zania i dzieli\u0107 si\u0119 zdobyt\u0105 wiedz\u0105.<\/p>\n<p class=\"ods-c-paragraph \">Ponadto partnerstwa mo\u017cna nawi\u0105zywa\u0107 r\u00f3wnie\u017c na poziomie spo\u0142ecze\u0144stwa obywatelskiego. Wiele ameryka\u0144skich organizacji demokratycznych i obywatelskich, dziennikarzy i fundacji g\u0142\u0119boko wierzy w prodemokratyczn\u0105 polityk\u0119 zagraniczn\u0105 Stan\u00f3w Zjednoczonych i chce budowa\u0107 spo\u0142eczno\u015bci z demokratycznymi podmiotami na ca\u0142ym \u015bwiecie.<\/p>\n<p class=\"ods-c-paragraph \">Podczas spotkania w Pradze w zesz\u0142ym miesi\u0105cu by\u0142y niemiecki urz\u0119dnik rz\u0105dowy uderzy\u0142 d\u0142oni\u0105 w st\u00f3\u0142, stanowczo stwierdzaj\u0105c: &#8222;Stosunki transatlantyckie s\u0105 martwe!&#8221;. Rozumiem to.<\/p>\n<p class=\"ods-c-paragraph \">Rozumiem, \u017ce demokratyczny \u015bwiat mo\u017ce ulec pokusie, by zerwa\u0107 sojusz i partnerstwo ze Stanami Zjednoczonymi. Chcia\u0142abym jednak powiedzie\u0107 tym osobom, \u017ce to nie nasze organizacje demokratyczne, organizacje finansuj\u0105ce i szeroko poj\u0119ty rz\u0105d porzuci\u0142y je, gdy zmieni\u0142o si\u0119 kierownictwo kraju. Relacje mog\u0105 przybiera\u0107 r\u00f3\u017cne formy, mie\u0107 r\u00f3\u017cne poziomy i powi\u0105zania, a po obu stronach Atlantyku zwolennicy demokracji musz\u0105 teraz znale\u017a\u0107 nowe, kreatywne sposoby wsp\u00f3\u0142pracy i wsparcia.<\/p>\n<p class=\"ods-c-paragraph \">Mam nadziej\u0119, \u017ce nasi przyjaciele nie zrezygnuj\u0105 z nas tak \u0142atwo.<\/p>\n","protected":false},"excerpt":{"rendered":"Chocia\u017c wielu mo\u017ce ulec pokusie, aby zerwa\u0107 wsp\u00f3\u0142prac\u0119 z USA jako sojusznikiem i partnerem, mam nadziej\u0119, \u017ce nasi&hellip;\n","protected":false},"author":2,"featured_media":152080,"comment_status":"","ping_status":"","sticky":false,"template":"","format":"standard","meta":{"footnotes":""},"categories":[16],"tags":[56,113,112,4332,44,189,3318,48,46,42,38,40,1314,39,41,87,47,71,2669],"class_list":{"0":"post-152079","1":"post","2":"type-post","3":"status-publish","4":"format-standard","5":"has-post-thumbnail","7":"category-biznes","8":"tag-article_premium","9":"tag-biznes","10":"tag-business","11":"tag-demokracja","12":"tag-donald_trump","13":"tag-europa","14":"tag-moldawia","15":"tag-nat_styl","16":"tag-omp","17":"tag-pl","18":"tag-poland","19":"tag-polish","20":"tag-politico","21":"tag-polska","22":"tag-polski","23":"tag-rosja","24":"tag-screening_general","25":"tag-usa","26":"tag-viktor_orban"},"share_on_mastodon":{"url":"https:\/\/pubeurope.com\/@pl\/115723799721904366","error":""},"_links":{"self":[{"href":"https:\/\/www.europesays.com\/pl\/wp-json\/wp\/v2\/posts\/152079","targetHints":{"allow":["GET"]}}],"collection":[{"href":"https:\/\/www.europesays.com\/pl\/wp-json\/wp\/v2\/posts"}],"about":[{"href":"https:\/\/www.europesays.com\/pl\/wp-json\/wp\/v2\/types\/post"}],"author":[{"embeddable":true,"href":"https:\/\/www.europesays.com\/pl\/wp-json\/wp\/v2\/users\/2"}],"replies":[{"embeddable":true,"href":"https:\/\/www.europesays.com\/pl\/wp-json\/wp\/v2\/comments?post=152079"}],"version-history":[{"count":0,"href":"https:\/\/www.europesays.com\/pl\/wp-json\/wp\/v2\/posts\/152079\/revisions"}],"wp:featuredmedia":[{"embeddable":true,"href":"https:\/\/www.europesays.com\/pl\/wp-json\/wp\/v2\/media\/152080"}],"wp:attachment":[{"href":"https:\/\/www.europesays.com\/pl\/wp-json\/wp\/v2\/media?parent=152079"}],"wp:term":[{"taxonomy":"category","embeddable":true,"href":"https:\/\/www.europesays.com\/pl\/wp-json\/wp\/v2\/categories?post=152079"},{"taxonomy":"post_tag","embeddable":true,"href":"https:\/\/www.europesays.com\/pl\/wp-json\/wp\/v2\/tags?post=152079"}],"curies":[{"name":"wp","href":"https:\/\/api.w.org\/{rel}","templated":true}]}}