{"id":15209,"date":"2025-09-25T12:01:07","date_gmt":"2025-09-25T12:01:07","guid":{"rendered":"https:\/\/www.europesays.com\/pl\/15209\/"},"modified":"2025-09-25T12:01:07","modified_gmt":"2025-09-25T12:01:07","slug":"nagle-pogorszenie-stanu-zdrowia-andrzej-golota-trafil-do-szpitala","status":"publish","type":"post","link":"https:\/\/www.europesays.com\/pl\/15209\/","title":{"rendered":"Nag\u0142e pogorszenie stanu zdrowia. Andrzej Go\u0142ota trafi\u0142 do szpitala"},"content":{"rendered":"\n<p class=\"contentpart contentpart--default contentpart--text\" data-position=\"0\"><a href=\"https:\/\/sportowefakty.wp.pl\/boks-zawodowy\/andrzej-golota\" rel=\"nofollow noopener\" target=\"_blank\">Andrzej Go\u0142ota<\/a> kilka  dni temu pojawi\u0142 si\u0119 jako go\u015b\u0107 honorowy na Forum Boksu oraz  Mi\u0119dzynarodowych Targach Bran\u017cy Bokserskiej w Kielcach. Jak czytamy w &#8222;Super Expressie&#8221; podczas wydarzenia cieszy\u0142 si\u0119 ogromnym zainteresowaniem  fan\u00f3w, zw\u0142aszcza m\u0142odego pokolenia.<\/p>\n<p class=\"contentpart contentpart--default contentpart--text\" data-position=\"1\">Go\u0142ota, kt\u00f3ry na co dzie\u0144 mieszka w Stanach Zjednoczonych, ch\u0119tnie  pozowa\u0142 do zdj\u0119\u0107 i rozmawia\u0142 z kibicami. W rozmowie z dziennikarzami  podkre\u015bli\u0142: &#8211; Super, dzi\u0119kuj\u0119 bardzo tym wszystkim ma\u0142olatom. &#8211; Potem doda\u0142: &#8211; Co\u015b si\u0119 w tym boksie ruszy\u0142o, jest fajnie &#8211; odnosz\u0105c si\u0119 do  sukces\u00f3w polskich pi\u0119\u015bciarek na mistrzostwach \u015bwiata w Liverpoolu.<\/p>\n<p class=\"contentpart contentpart--default contentpart--text\" data-position=\"2\">Podczas targ\u00f3w Go\u0142ota prezentowa\u0142 si\u0119 w dobrej formie, \u017cartowa\u0142 i  u\u015bmiecha\u0142 si\u0119 do zgromadzonych. Jednak po zako\u0144czeniu wydarzenia trafi\u0142  do Wojew\u00f3dzkiego Szpitala Zespolonego w Kielcach, gdzie przeszed\u0142 zabieg  kardiologiczny oraz seri\u0119 bada\u0144.<\/p>\n<p class=\"contentpart contentpart--default contentpart--text\" data-position=\"3\">ZOBACZ WIDEO: #dziejesiewsporcie: Co oni zrobili! Niesamowity gol w \u00f3smej sekundzie<\/p>\n<p class=\"contentpart contentpart--default contentpart--text\" data-position=\"5\">&#8211; Mog\u0119  potwierdzi\u0107, \u017ce pan Andrzej Go\u0142ota by\u0142 w tym tygodniu hospitalizowany w  Wojew\u00f3dzkim Szpitalu Zespolonym. Panem Andrzejem opiekowa\u0142 si\u0119 zesp\u00f3\u0142  \u015awi\u0119tokrzyskiego Centrum Kardiologii. Szczeg\u00f3\u0142\u00f3w nie ujawniamy. Pan  Andrzej wczoraj opu\u015bci\u0142 szpital &#8211; powiedzia\u0142a rzeczniczka szpitala, Anna Mazur-Ka\u0142u\u017ca.<\/p>\n<p class=\"contentpart contentpart--default contentpart--text\" data-position=\"6\">Go\u0142ota, mimo nag\u0142ego pogorszenia stanu zdrowia, szybko wr\u00f3ci\u0142 do  formy i opu\u015bci\u0142 plac\u00f3wk\u0119. Jego obecno\u015b\u0107 na targach oraz kontakt z fanami  pokazuj\u0105, \u017ce wci\u0105\u017c cieszy si\u0119 ogromnym uznaniem w \u015brodowisku sportowym.<\/p>\n<p class=\"contentpart contentpart--default contentpart--text\" data-position=\"7\">Pierwszy znacz\u0105cy sukces Go\u0142ota osi\u0105gn\u0105\u0142 ju\u017c w 1988 roku.  Mia\u0142 wtedy 20 lat i zdoby\u0142 br\u0105zowy medal na Igrzyskach Olimpijskich  w Seulu. Nieca\u0142y rok p\u00f3\u017aniej zaj\u0105\u0142 r\u00f3wnie\u017c trzecie miejsce na  Mistrzostwach Europy. W 1992 roku przeszed\u0142 na zawodowstwo, co otworzy\u0142o  przed nim nowe mo\u017cliwo\u015bci.<\/p>\n<p class=\"contentpart contentpart--default contentpart--text\" data-position=\"8\">W sumie Andrzej Go\u0142ota stoczy\u0142 52 walki, z czego wygra\u0142  41, a 33 z tych zwyci\u0119stw zako\u0144czy\u0142o si\u0119 nokautem. Jego pierwsza  pora\u017cka nast\u0105pi\u0142a dopiero w 1996 roku, kiedy zosta\u0142 zdyskwalifikowany  w walce z Riddickiem Bowe (sytuacja powt\u00f3rzy\u0142a si\u0119 kilka miesi\u0119cy  p\u00f3\u017aniej). Opr\u00f3cz tego, Go\u0142ota zmierzy\u0142 si\u0119 z takimi s\u0142awami jak Lennox  Lewis, Mike Tyson czy Chris Byrd.<\/p>\n","protected":false},"excerpt":{"rendered":"Andrzej Go\u0142ota kilka dni temu pojawi\u0142 si\u0119 jako go\u015b\u0107 honorowy na Forum Boksu oraz Mi\u0119dzynarodowych Targach Bran\u017cy Bokserskiej&hellip;\n","protected":false},"author":2,"featured_media":15210,"comment_status":"","ping_status":"","sticky":false,"template":"","format":"standard","meta":{"footnotes":""},"categories":[24],"tags":[2878,2514,2512,42,38,40,39,41,127,126,1256],"class_list":{"0":"post-15209","1":"post","2":"type-post","3":"status-publish","4":"format-standard","5":"has-post-thumbnail","7":"category-sport","8":"tag-andrzej-golota","9":"tag-boks","10":"tag-boks-zawodowy","11":"tag-pl","12":"tag-poland","13":"tag-polish","14":"tag-polska","15":"tag-polski","16":"tag-sport","17":"tag-sports","18":"tag-sporty-walki"},"share_on_mastodon":{"url":"","error":""},"_links":{"self":[{"href":"https:\/\/www.europesays.com\/pl\/wp-json\/wp\/v2\/posts\/15209","targetHints":{"allow":["GET"]}}],"collection":[{"href":"https:\/\/www.europesays.com\/pl\/wp-json\/wp\/v2\/posts"}],"about":[{"href":"https:\/\/www.europesays.com\/pl\/wp-json\/wp\/v2\/types\/post"}],"author":[{"embeddable":true,"href":"https:\/\/www.europesays.com\/pl\/wp-json\/wp\/v2\/users\/2"}],"replies":[{"embeddable":true,"href":"https:\/\/www.europesays.com\/pl\/wp-json\/wp\/v2\/comments?post=15209"}],"version-history":[{"count":0,"href":"https:\/\/www.europesays.com\/pl\/wp-json\/wp\/v2\/posts\/15209\/revisions"}],"wp:featuredmedia":[{"embeddable":true,"href":"https:\/\/www.europesays.com\/pl\/wp-json\/wp\/v2\/media\/15210"}],"wp:attachment":[{"href":"https:\/\/www.europesays.com\/pl\/wp-json\/wp\/v2\/media?parent=15209"}],"wp:term":[{"taxonomy":"category","embeddable":true,"href":"https:\/\/www.europesays.com\/pl\/wp-json\/wp\/v2\/categories?post=15209"},{"taxonomy":"post_tag","embeddable":true,"href":"https:\/\/www.europesays.com\/pl\/wp-json\/wp\/v2\/tags?post=15209"}],"curies":[{"name":"wp","href":"https:\/\/api.w.org\/{rel}","templated":true}]}}