{"id":152094,"date":"2025-12-15T13:33:13","date_gmt":"2025-12-15T13:33:13","guid":{"rendered":"https:\/\/www.europesays.com\/pl\/152094\/"},"modified":"2025-12-15T13:33:13","modified_gmt":"2025-12-15T13:33:13","slug":"skoki-narciarskie-japonska-ofensywa-w-klingenthal","status":"publish","type":"post","link":"https:\/\/www.europesays.com\/pl\/152094\/","title":{"rendered":"Skoki narciarskie. Japo\u0144ska ofensywa w Klingenthal"},"content":{"rendered":"<p style=\"text-align: justify;\">Reprezentacja Japonii jest jedn\u0105 z najwi\u0119kszych wygranych ca\u0142ego weekendu Pucharu \u015awiata w Klingenthal. Ju\u017c sobotni konkurs pokaza\u0142 potencja\u0142 ekipy z Kraju Kwitn\u0105cej Wi\u015bni. Niedziela tylko to potwierdzi\u0142a, przynosz\u0105c drugie miejsce Rena Nikaido, trzecie Ryoyu Kobayashiego oraz \u017cyciowy rezultat Tomofumiego Naito, kt\u00f3ry uplasowa\u0142 si\u0119 na sz\u00f3stej lokacie.<\/p>\n<p>                            <a class=\"fancybox\" href=\"https:\/\/www.skijumping.pl\/content\/images\/news\/powieksz\/expa-tad-251214-7108_2025-12-15_01-16-50.jpg\" data-fancybox=\"gallery37663\" data-caption=\"Ren Nikaido i Ryoyu Kobayashi, fot. Tadeusz Mieczy\u0144ski\" rel=\"nofollow noopener\" target=\"_blank\"><img decoding=\"async\" class=\"img-responsive lazyload\" src=\"https:\/\/www.europesays.com\/pl\/wp-content\/uploads\/2025\/12\/280x190_q80_expa-tad-251214-7108_2025-12-15_01-16-50.jpg\" alt=\"Ren Nikaido i Ryoyu Kobayashi\" title=\"Ren Nikaido i Ryoyu Kobayashi\"\/><\/a>Ren Nikaido i Ryoyu Kobayashi<\/p>\n<p style=\"text-align: justify;\">W sobotnich zawodach na obiekcie HS140 Ren Nikaido otar\u0142 si\u0119 o podium, ko\u0144cz\u0105c rywalizacj\u0119\u00a0na 4. miejscu. Druga seria by\u0142a rozgrywana w trudnych warunkach, przy g\u0119stej mgle i wietrze wiej\u0105cym w plecy, jednak 24-latek poradzi\u0142 sobie znakomicie. W finale uzyska\u0142 133 metry, awansuj\u0105c a\u017c z 11. pozycji na p\u00f3\u0142metku.<\/p>\n<p style=\"text-align: justify;\">&#8211; Zbli\u017cenie si\u0119 do podium doda\u0142o mi pewno\u015bci siebie. Wa\u017cne jest, \u017ceby skaka\u0107 bez tracenia rytmu. My\u015bl\u0119, \u017ce to dzi\u0119ki do\u015bwiadczeniu, kt\u00f3re zdoby\u0142em w poprzednich startach &#8211; m\u00f3wi\u0142 Nikaido.<\/p>\n<p style=\"text-align: justify;\">Zadowolenia nie kry\u0142 r\u00f3wnie\u017c trener kadry Japonii, Kento Sakuyama.<\/p>\n<p style=\"text-align: justify;\">&#8211; Je\u015bli b\u0119dzie w stanie powtarza\u0107 skoki z drugiej serii, na pewno stanie na podium &#8211; oceni\u0142 szkoleniowiec, dodaj\u0105c, \u017ce Nikaido jest dzi\u015b gotowy rywalizowa\u0107 jak r\u00f3wny z r\u00f3wnym z najmocniejszymi zawodnikami \u015bwiata.\u00a0<\/p>\n<p style=\"text-align: justify;\">Swoj\u0105 klas\u0119 po raz kolejny potwierdzi\u0142 tak\u017ce Ryoyu Kobayashi, kt\u00f3ry zaj\u0105\u0142 5. miejsce. By\u0142 to ju\u017c \u00f3smy z rz\u0119du konkurs, w kt\u00f3rym mistrz olimpijski meldowa\u0142 si\u0119 w czo\u0142owej dziesi\u0105tce, co w tym sezonie pozostaje osi\u0105gni\u0119ciem bez precedensu.<\/p>\n<p style=\"text-align: justify;\">&#8211; Kolejny konkurs ju\u017c niebawem. Chc\u0119 dok\u0142adnie przeanalizowa\u0107 nagrania i podej\u015b\u0107 do nast\u0119pnych pr\u00f3b z dobr\u0105 wizj\u0105 &#8211; zapowiada\u0142 po sobocie.<\/p>\n<p style=\"text-align: justify;\">Niedzielne zawody by\u0142y dla Japo\u0144czyk\u00f3w jeszcze bardziej udane. Ren Nikaido zrobi\u0142 kolejny krok naprz\u00f3d, finiszuj\u0105c na 2. miejscu, a Ryoyu Kobayashi stan\u0105\u0142 obok niego na najni\u017cszym stopniu podium. By\u0142 to pierwszy raz, gdy obaj zawodnicy wsp\u00f3lnie znale\u017ali si\u0119 na podium indywidualnych zawod\u00f3w P\u015a.<\/p>\n<p style=\"text-align: justify;\">\u00a0<\/p>\n<p>&#13;<\/p>\n<blockquote class=\"instagram-media\" data-instgrm-captioned=\"\" data-instgrm-permalink=\"https:\/\/www.instagram.com\/reel\/DSQZMOeCFfO\/?utm_source=ig_embed&amp;utm_campaign=loading\" data-instgrm-version=\"14\" style=\" background:#FFF; border:0; border-radius:3px; box-shadow:0 0 1px 0 rgba(0,0,0,0.5),0 1px 10px 0 rgba(0,0,0,0.15); margin: 1px; max-width:540px; min-width:326px; padding:0; width:99.375%; width:-webkit-calc(100% - 2px); width:calc(100% - 2px);\"><p>&#13;<br \/>\n&#13;\n<\/p><\/blockquote>\n<p>&#13;<\/p>\n<p>\u00a0<\/p>\n<p style=\"text-align: justify;\">Kobayashi mia\u0142 za sob\u0105 trudne kwalifikacje, kt\u00f3re uko\u0144czy\u0142 dopiero na 30. miejscu. Po rozmowie ze swoim trenerem Janne Vaatainenem zdecydowa\u0142 si\u0119 jednak na wprowadzenie korekty, kt\u00f3ra szybko przynios\u0142a efekt. W pierwszej serii przekroczy\u0142 rozmiar skoczni l\u0105duj\u0105c na 142. metrze, a w finale popisa\u0142 si\u0119\u00a0133,5-metrow\u0105 pr\u00f3b\u0105.<\/p>\n<p style=\"text-align: justify;\">&#8211; Gdybym skaka\u0142 tak jak w kwalifikacjach, nie by\u0142oby to zbyt bezpieczne. Na szcz\u0119\u015bcie w konkursie odda\u0142em dwa dobre skoki &#8211; przyzna\u0142 wicelider Pucharu \u015awiata.<\/p>\n<p style=\"text-align: justify;\">Cho\u0107 do Nikaido straci\u0142 zaledwie 1,1 punktu, rado\u015b\u0107 z wsp\u00f3lnego podium by\u0142a dla niego szczeg\u00f3lna.<\/p>\n<p style=\"text-align: justify;\">&#8211; Nie my\u015bla\u0142em, \u017ce nadejdzie taki dzie\u0144. Jestem bardzo szcz\u0119\u015bliwy &#8211; m\u00f3wi\u0142 Kobayashi, chwal\u0105c m\u0142odszego koleg\u0119. &#8211; Potrafi skupi\u0107 si\u0119 na sobie i nie my\u015ble\u0107 o niepotrzebnych rzeczach.<\/p>\n<p style=\"text-align: justify;\">Mimo wyra\u017anej straty do zwyci\u0119zcy, Domena Prevca, lider japo\u0144skiej kadry zachowa\u0142 spok\u00f3j.<\/p>\n<p style=\"text-align: justify;\">&#8211; Sezon dopiero si\u0119 zaczyna. Nie chc\u0119 si\u0119 spieszy\u0107 &#8211; zaznaczy\u0142.<\/p>\n<p style=\"text-align: justify;\">Jednym z bohater\u00f3w niedzieli na Vogtland Arenie zosta\u0142 Tomofumi Naito. 32-latek, kt\u00f3rego najlepszym wynikiem w karierze by\u0142o dot\u0105d 22. miejsce, sensacyjnie zaj\u0105\u0142 6. pozycj\u0119. Tym samym po raz pierwszy w karierze zameldowa\u0142 si\u0119 w czo\u0142owej dziesi\u0105tce Pucharu \u015awiata. W pierwszej serii polecia\u0142 139,5 metra, za\u015b\u00a0w fina\u0142owej rundzie wyl\u0105dowa\u0142 na 136. metrze, awansuj\u0105c o pi\u0119\u0107 lokat.<\/p>\n<p style=\"text-align: justify;\">&#8211; Dobre warunki i moje skoki spotka\u0142y si\u0119 w idealnym momencie. Nie spodziewa\u0142em si\u0119 takiego wyniku, jestem bardzo wzruszony &#8211; m\u00f3wi\u0142 po zawodach.<\/p>\n<p style=\"text-align: justify;\">Zawodnik, kt\u00f3ry marzy o wyst\u0119pie na swoich pierwszych igrzyskach olimpijskich, nie kry\u0142 emocji. &#8211; To jeden z najlepszych dni w moim \u017cyciu &#8211; kr\u00f3tko podsumowa\u0142.<\/p>\n<p>                        <script async src=\"\/\/www.instagram.com\/embed.js\"><\/script><\/p>\n","protected":false},"excerpt":{"rendered":"Reprezentacja Japonii jest jedn\u0105 z najwi\u0119kszych wygranych ca\u0142ego weekendu Pucharu \u015awiata w Klingenthal. Ju\u017c sobotni konkurs pokaza\u0142 potencja\u0142&hellip;\n","protected":false},"author":2,"featured_media":152095,"comment_status":"","ping_status":"","sticky":false,"template":"","format":"standard","meta":{"footnotes":""},"categories":[24],"tags":[1574,1546,1557,1558,1561,1573,1571,1563,291,1553,1564,1549,1551,1543,1550,1562,1547,1565,1540,1568,1544,42,38,40,39,41,1554,1359,1567,1560,1559,1566,1556,1569,1539,1538,1555,127,126,1552,1541,1548,1542,1570,1572,645,1545],"class_list":{"0":"post-152094","1":"post","2":"type-post","3":"status-publish","4":"format-standard","5":"has-post-thumbnail","7":"category-sport","8":"tag-4skocznie","9":"tag-adam","10":"tag-adam-malysz","11":"tag-adammalysz","12":"tag-coc","13":"tag-czteryskocznie","14":"tag-fis","15":"tag-fis-cup","16":"tag-historia","17":"tag-horngacher","18":"tag-io","19":"tag-kobayashi","20":"tag-kraft","21":"tag-kuba","22":"tag-kubacki","23":"tag-lotos-cup","24":"tag-malysz","25":"tag-ms","26":"tag-narciarskie","27":"tag-narty","28":"tag-piotrek","29":"tag-pl","30":"tag-poland","31":"tag-polish","32":"tag-polska","33":"tag-polski","34":"tag-polskie","35":"tag-ranking","36":"tag-ski-jumping","37":"tag-skijump","38":"tag-skijumping","39":"tag-skoczkowie","40":"tag-skocznia","41":"tag-skocznie","42":"tag-skoki","43":"tag-skoki-narciarskie","44":"tag-skokinarciarskie","45":"tag-sport","46":"tag-sports","47":"tag-stefan","48":"tag-stoch","49":"tag-wellinger","50":"tag-wolny","51":"tag-zakopane","52":"tag-zawody","53":"tag-zdjecia","54":"tag-zyla"},"share_on_mastodon":{"url":"","error":"Validation failed: Text character limit of 500 exceeded"},"_links":{"self":[{"href":"https:\/\/www.europesays.com\/pl\/wp-json\/wp\/v2\/posts\/152094","targetHints":{"allow":["GET"]}}],"collection":[{"href":"https:\/\/www.europesays.com\/pl\/wp-json\/wp\/v2\/posts"}],"about":[{"href":"https:\/\/www.europesays.com\/pl\/wp-json\/wp\/v2\/types\/post"}],"author":[{"embeddable":true,"href":"https:\/\/www.europesays.com\/pl\/wp-json\/wp\/v2\/users\/2"}],"replies":[{"embeddable":true,"href":"https:\/\/www.europesays.com\/pl\/wp-json\/wp\/v2\/comments?post=152094"}],"version-history":[{"count":0,"href":"https:\/\/www.europesays.com\/pl\/wp-json\/wp\/v2\/posts\/152094\/revisions"}],"wp:featuredmedia":[{"embeddable":true,"href":"https:\/\/www.europesays.com\/pl\/wp-json\/wp\/v2\/media\/152095"}],"wp:attachment":[{"href":"https:\/\/www.europesays.com\/pl\/wp-json\/wp\/v2\/media?parent=152094"}],"wp:term":[{"taxonomy":"category","embeddable":true,"href":"https:\/\/www.europesays.com\/pl\/wp-json\/wp\/v2\/categories?post=152094"},{"taxonomy":"post_tag","embeddable":true,"href":"https:\/\/www.europesays.com\/pl\/wp-json\/wp\/v2\/tags?post=152094"}],"curies":[{"name":"wp","href":"https:\/\/api.w.org\/{rel}","templated":true}]}}