{"id":152100,"date":"2025-12-15T13:37:10","date_gmt":"2025-12-15T13:37:10","guid":{"rendered":"https:\/\/www.europesays.com\/pl\/152100\/"},"modified":"2025-12-15T13:37:10","modified_gmt":"2025-12-15T13:37:10","slug":"potezny-sojusznik-europy-w-waszyngtonie-nie-pozwoli-trumpowi-wycofac-amerykanskich-wojsk","status":"publish","type":"post","link":"https:\/\/www.europesays.com\/pl\/152100\/","title":{"rendered":"Pot\u0119\u017cny sojusznik Europy w Waszyngtonie. Nie pozwoli Trumpowi wycofa\u0107 ameryka\u0144skich wojsk"},"content":{"rendered":"<p>Kompleksowa ustawa o obronno\u015bci, nad kt\u00f3r\u0105 Senat USA b\u0119dzie g\u0142osowa\u0142 w przysz\u0142ym tygodniu, nak\u0142ada ograniczenia na Pentagon [Departament Wojny USA] w przypadku przysz\u0142ej redukcji ameryka\u0144skich si\u0142 zbrojnych w Europie. Je\u015bli ustawa zwi\u0105zana z rocznym bud\u017cetem zostanie przyj\u0119ta \u2014 a wszystko na to wskazuje \u2014 b\u0119dzie to oznacza\u0142o ponadpartyjne zahamowanie dzia\u0142a\u0144 rz\u0105du Trumpa. Zdaniem Republikan\u00f3w i Demokrat\u00f3w mog\u0142yby one bowiem podwa\u017cy\u0107 zobowi\u0105zania sojusznicze USA na kontynencie europejskim.<\/p>\n<p>W projekcie, kt\u00f3ry Izba Reprezentant\u00f3w przyj\u0119\u0142a ju\u017c zdecydowan\u0105 wi\u0119kszo\u015bci\u0105 g\u0142os\u00f3w 312 do 112, pada stwierdzenie: &#8222;\u017badna z kwot przyznanych na mocy niniejszej ustawy lub w inny spos\u00f3b zatwierdzonych na rok bud\u017cetowy 2026 nie mo\u017ce zosta\u0107 wykorzystana lub wydana w celu zmniejszenia \u0142\u0105cznej liczby cz\u0142onk\u00f3w si\u0142 zbrojnych stacjonuj\u0105cych lub rozmieszczonych na sta\u0142e w obszarze odpowiedzialno\u015bci Dow\u00f3dztwa Si\u0142 Zbrojnych Stan\u00f3w Zjednoczonych w Europie na okres d\u0142u\u017cszy ni\u017c 45 dni poni\u017cej 76 tys. [\u017co\u0142nierzy]&#8221;.<\/p>\n<p>Liczba \u017co\u0142nierzy ameryka\u0144skich stacjonuj\u0105cych obecnie w Europie wynosi od 80 tys. do 100 tys., w zale\u017cno\u015bci od tego, czy uwzgl\u0119dnia si\u0119 si\u0142y rotacyjne. Zdolno\u015bci wojskowe ameryka\u0144skich oddzia\u0142\u00f3w, zw\u0142aszcza w zakresie obrony powietrznej i logistyki, s\u0105 uwa\u017cane za kluczowe dla bezpiecze\u0144stwa Europy, poniewa\u017c pa\u0144stwa europejskie nie s\u0105 w stanie wype\u0142ni\u0107 tych luk.<\/p>\n<p class=\"ods-c-paragraph \">Inicjatywa ta stanowi wyra\u017any kontrast w stosunku do <a href=\"https:\/\/wiadomosci.onet.pl\/swiat\/trump-przekroczyl-rubikon-nowa-strategia-to-sygnal-alarmowy-usa-rozpoczynaja-ere-w\/pk8mpgy\" id=\"7b741448-56a4-43e1-a029-05f8721fe892\" rel=\"nofollow noopener\" target=\"_blank\">nowej strategii bezpiecze\u0144stwa narodowego (NSS) prezydenta Donalda Trumpa<\/a>, kt\u00f3ra ostro krytykowa\u0142a europejskich sojusznik\u00f3w i sugerowa\u0142a, \u017ce kontynent znajduje si\u0119 w fazie upadku kulturowego.<\/p>\n<p class=\"ods-c-paragraph \">Nad ustaw\u0105 o autoryzacji obrony narodowej (NDAA), kt\u00f3ra co roku zatwierdza program i polityk\u0119 Pentagonu przez Kongres, pracowano przez wiele miesi\u0119cy. Ostateczny projekt ustawy jest wynikiem wielotygodniowych negocjacji mi\u0119dzy kierownictwem Izby Reprezentant\u00f3w i Senatu z obu partii, przewodnicz\u0105cymi komisji obrony oraz Bia\u0142ym Domem.<\/p>\n<p>   Sprzeciw partyjnych koleg\u00f3w wobec Trumpa<\/p>\n<p class=\"ods-c-paragraph \">Zar\u00f3wno projekt ustawy Izby Reprezentant\u00f3w, jak i Senatu odzwierciedlaj\u0105 ponadpartyjne obawy, \u017ce administracja Trumpa mo\u017ce d\u0105\u017cy\u0107 do znacznego ograniczenia zaanga\u017cowania wojskowego w Europie. Oba projekty zawiera\u0142y sformu\u0142owania okre\u015blaj\u0105ce wymagania, kt\u00f3re Pentagon musi spe\u0142ni\u0107, zanim liczebno\u015b\u0107 wojsk na kontynencie b\u0119dzie mog\u0142a spa\u015b\u0107 poni\u017cej okre\u015blonych prog\u00f3w.<\/p>\n<p class=\"ods-c-paragraph \"><a href=\"https:\/\/wiadomosci.onet.pl\/swiat\/w-waszyngtonie-zawrzalo-plan-trumpa-dla-europy-wykolejony-kongres-postawil-mur\/vws5jp0\" id=\"43333c67-e7e1-4b9e-98ca-6fea38b0cb39\" rel=\"nofollow noopener\" target=\"_blank\">Debata nad ustaw\u0105 pokazuje r\u00f3wnie\u017c, \u017ce partyjni koledzy Trumpa coraz bardziej sprzeciwiaj\u0105 si\u0119 prezydentowi<\/a>. Przewodnicz\u0105cy republika\u0144skiej komisji obrony Senatu Roger Wicker i przewodnicz\u0105cy komisji obrony Izby Reprezentant\u00f3w Mike Rogers argumentowali, \u017ce redukcja si\u0142 zbrojnych \u2014 taka jak ostatnia decyzja o wycofaniu rotacyjnej brygady wojskowej z Rumunii \u2014 sprzyja agresji Rosji.<\/p>\n<p class=\"ods-c-paragraph \">&#8222;Decyzja ta wysy\u0142a Rosji niew\u0142a\u015bciwy sygna\u0142, zw\u0142aszcza teraz, gdy prezydent Trump wywiera presj\u0119, aby zmusi\u0107 W\u0142adimira Putina do podj\u0119cia negocjacji w celu osi\u0105gni\u0119cia trwa\u0142ego pokoju na Ukrainie&#8221; \u2014 wyja\u015bni\u0142 senator Wicker ju\u017c kilka tygodni temu.<\/p>\n<p>Hamulec dla Pentagonu<\/p>\n<p class=\"ods-c-paragraph \">Ostateczny projekt ustawy uniemo\u017cliwia Pentagonowi zmniejszenie liczby \u017co\u0142nierzy stacjonuj\u0105cych lub s\u0142u\u017c\u0105cych na sta\u0142e w Europie poni\u017cej 76 tys. przez okres d\u0142u\u017cszy ni\u017c 45 dni, dop\u00f3ki sekretarz obrony Pete Hegseth i dow\u00f3dca Si\u0142 Zbrojnych Stan\u00f3w Zjednoczonych w Europie nie po\u015bwiadcz\u0105 przed Kongresem, \u017ce le\u017cy to w interesie bezpiecze\u0144stwa narodowego Stan\u00f3w Zjednoczonych i \u017ce skonsultowano si\u0119 z sojusznikami z NATO. Ponadto musz\u0105 oni przedstawi\u0107 ocen\u0119 skutk\u00f3w takiej decyzji.<\/p>\n<p><img decoding=\"async\" src=\"https:\/\/www.europesays.com\/pl\/wp-content\/uploads\/2025\/12\/Hy7k9lBaHR0cHM6Ly9vY2RuLmV1L3B1bHNjbXMvTURBXy9kZmRhY2UwOWZjY2E3ODNlYWYxNmQ1NjQ4MWM1ZTBkZC5qcGeRlQLNB.jpeg\" height=\"626\" width=\"940\" alt=\"Sekretarz wojny Stan\u00f3w Zjednoczonych Pete Hegseth wyg\u0142aszaj\u0105cy przem\u00f3wienie podczas dwustronnych rozm\u00f3w z australijskimi odpowiednikami, Waszyngton, USA, 8 grudnia 2025 r. \" loading=\"lazy\" class=\"ods-c-image__img ods-c-image__img--viewport-width\"\/><\/p>\n<p>Sekretarz wojny Stan\u00f3w Zjednoczonych Pete Hegseth wyg\u0142aszaj\u0105cy przem\u00f3wienie podczas dwustronnych rozm\u00f3w z australijskimi odpowiednikami, Waszyngton, USA, 8 grudnia 2025 r.AA\/ABACA \/ PAP<\/p>\n<p class=\"ods-c-paragraph \">Ustawa nak\u0142ada te same warunki, aby <a href=\"https:\/\/wiadomosci.onet.pl\/swiat\/zaskakujace-slowa-wyslannika-usa-donald-trump-chce-aby-berlin-przejal-dowodztwo-w\/p1fsjxc\" id=\"951b412f-164a-4a65-9ed0-2a90c012670c\" rel=\"nofollow noopener\" target=\"_blank\">uniemo\u017cliwi\u0107 Stanom Zjednoczonym rezygnacj\u0119 z roli Naczelnego Dow\u00f3dcy Si\u0142 Sojuszniczych w Europie<\/a> \u2014 stanowiska, kt\u00f3re tradycyjnie pe\u0142ni jednocze\u015bnie dow\u00f3dca Dow\u00f3dztwa Si\u0142 Zbrojnych Stan\u00f3w Zjednoczonych w Europie.<\/p>\n<p class=\"ods-c-paragraph \">Ostateczne porozumienie w sprawie NDAA zaleca r\u00f3wnie\u017c zwi\u0119kszenie bud\u017cetu obronnego o osiem miliard\u00f3w dolar\u00f3w, co daje \u0142\u0105czn\u0105 kwot\u0119 oko\u0142o 901 miliard\u00f3w dolar\u00f3w dla Pentagonu, rozwoju broni j\u0105drowej i innych program\u00f3w bezpiecze\u0144stwa narodowego.<\/p>\n","protected":false},"excerpt":{"rendered":"Kompleksowa ustawa o obronno\u015bci, nad kt\u00f3r\u0105 Senat USA b\u0119dzie g\u0142osowa\u0142 w przysz\u0142ym tygodniu, nak\u0142ada ograniczenia na Pentagon [Departament&hellip;\n","protected":false},"author":2,"featured_media":152101,"comment_status":"","ping_status":"","sticky":false,"template":"","format":"standard","meta":{"footnotes":""},"categories":[14],"tags":[56,32,33,44,189,27,34,35,28,31,48,160,25,46,5027,40,41,47,80,29,30,26,82,83,84],"class_list":{"0":"post-152100","1":"post","2":"type-post","3":"status-publish","4":"format-standard","5":"has-post-thumbnail","7":"category-swiat","8":"tag-article_premium","9":"tag-breaking-news","10":"tag-breakingnews","11":"tag-donald_trump","12":"tag-europa","13":"tag-headlines","14":"tag-latest-news","15":"tag-latestnews","16":"tag-naglowki","17":"tag-najwazniejsze-artykuly","18":"tag-nat_styl","19":"tag-nato","20":"tag-news","21":"tag-omp","22":"tag-partia_republikanska","23":"tag-polish","24":"tag-polski","25":"tag-screening_general","26":"tag-swiat","27":"tag-top-stories","28":"tag-topstories","29":"tag-wiadomosci","30":"tag-world","31":"tag-world-news","32":"tag-worldnews"},"share_on_mastodon":{"url":"https:\/\/pubeurope.com\/@pl\/115723858552523344","error":""},"_links":{"self":[{"href":"https:\/\/www.europesays.com\/pl\/wp-json\/wp\/v2\/posts\/152100","targetHints":{"allow":["GET"]}}],"collection":[{"href":"https:\/\/www.europesays.com\/pl\/wp-json\/wp\/v2\/posts"}],"about":[{"href":"https:\/\/www.europesays.com\/pl\/wp-json\/wp\/v2\/types\/post"}],"author":[{"embeddable":true,"href":"https:\/\/www.europesays.com\/pl\/wp-json\/wp\/v2\/users\/2"}],"replies":[{"embeddable":true,"href":"https:\/\/www.europesays.com\/pl\/wp-json\/wp\/v2\/comments?post=152100"}],"version-history":[{"count":0,"href":"https:\/\/www.europesays.com\/pl\/wp-json\/wp\/v2\/posts\/152100\/revisions"}],"wp:featuredmedia":[{"embeddable":true,"href":"https:\/\/www.europesays.com\/pl\/wp-json\/wp\/v2\/media\/152101"}],"wp:attachment":[{"href":"https:\/\/www.europesays.com\/pl\/wp-json\/wp\/v2\/media?parent=152100"}],"wp:term":[{"taxonomy":"category","embeddable":true,"href":"https:\/\/www.europesays.com\/pl\/wp-json\/wp\/v2\/categories?post=152100"},{"taxonomy":"post_tag","embeddable":true,"href":"https:\/\/www.europesays.com\/pl\/wp-json\/wp\/v2\/tags?post=152100"}],"curies":[{"name":"wp","href":"https:\/\/api.w.org\/{rel}","templated":true}]}}