{"id":152215,"date":"2025-12-15T14:50:17","date_gmt":"2025-12-15T14:50:17","guid":{"rendered":"https:\/\/www.europesays.com\/pl\/152215\/"},"modified":"2025-12-15T14:50:17","modified_gmt":"2025-12-15T14:50:17","slug":"tenis-polina-kudiermietowa-podjela-decyzje-cios-dla-rosjan","status":"publish","type":"post","link":"https:\/\/www.europesays.com\/pl\/152215\/","title":{"rendered":"Tenis. Polina Kudiermietowa podj\u0119\u0142a decyzj\u0119. Cios dla Rosjan"},"content":{"rendered":"<p class=\"typography ids-typeset-body ids-typeset-body--preset-large link paragraph ids-paragraph ids-paragraph--default\">Inauguracja nowego sezonu w tenisie zbli\u017ca si\u0119 wielkimi krokami, tymczasem pojawia si\u0119 coraz wi\u0119cej doniesie\u0144 o zawodniczkach, kt\u00f3re w 2026 roku b\u0119d\u0105 prezentowa\u0142y si\u0119 w nowych barwach. Na taki krok zdecydowa\u0142y si\u0119 m.in. Anastazja Potapowa i Kamilla Rachimowa &#8211; Rosjanki, kt\u00f3re do tej pory wyst\u0119powa\u0142y pod neutraln\u0105 flag\u0105 (z powodu sankcji na\u0142o\u017conych przez tenisowe w\u0142adze po rozpocz\u0119ciu rosyjskiej inwazji na Ukrain\u0119 nie mog\u0142y startowa\u0107 pod rosyjsk\u0105 flag\u0105), zdecydowa\u0142y si\u0119 na zmian\u0119 sportowego obywatelstwa. Potapowa b\u0119dzie reprezentowa\u0142a Austri\u0119, <a href=\"https:\/\/sport.interia.pl\/tenis\/news-rywalka-swiatek-porzucila-rosje-stanowcza-reakcja-prezydenta,nId,22463615\" target=\"_self\" rel=\"nofollow noopener\">z kolei Rachimowa Uzbekistan.<\/a><\/p>\n<p class=\"typography ids-typeset-body ids-typeset-body--preset-large link paragraph ids-paragraph ids-paragraph--default\">Na tym jednak nie koniec. W niedziel\u0119 w mediach spo\u0142eczno\u015bciowych zacz\u0119\u0142a kr\u0105\u017cy\u0107 informacja o kolejnej Rosjance, kt\u00f3ra zdecydowa\u0142a si\u0119 na &#8222;porzucenie&#8221; swojej ojczyzny. Mowa o Polinie Kudiermietowej, finalistce ostatniego turnieju w Brisbane (<a href=\"https:\/\/sport.interia.pl\/tenis\/news-przegrany-set-sabalenki-w-finale-a-to-nie-byl-koniec-sensacy,nId,7886195\" target=\"_self\" rel=\"nofollow noopener\">w boju o trofeum przegra\u0142a z Aryn\u0105 Sabalenk\u0105<\/a>). Doniesienia w sprawie 22-latki potwierdza WTA &#8211; na oficjalnej stronie organizacji zarz\u0105dzaj\u0105cej \u015bwiatowym tenisem Kudiermietowa widnieje jako reprezentantka&#8230; Uzbekistanu.<\/p>\n<p>Polina Kudiermietowa b\u0119dzie reprezentowa\u0142a Uzbekistan<\/p>\n<p class=\"typography ids-typeset-body ids-typeset-body--preset-large link paragraph ids-paragraph ids-paragraph--default\">Identyczna informacja pojawi\u0142a si\u0119 tak\u017ce w serwisie ITF, czyli Mi\u0119dzynarodowej Federacji Tenisowej, co zauwa\u017cy\u0142 rosyjski serwis championat.ru.<\/p>\n<p class=\"typography ids-typeset-body ids-typeset-body--preset-large link paragraph ids-paragraph ids-paragraph--default\">&#8222;Rosyjska tenisistka Polina Kudiermietowa, zajmuj\u0105ca 92. miejsce na \u015bwiecie (tu Rosjanie pope\u0142nili b\u0142\u0105d, 22-latka jest 104. w zestawieniu &#8211; przyp. red.), jest reprezentowana pod flag\u0105 Uzbekistanu na oficjalnej stronie Mi\u0119dzynarodowej Federacji Tenisowej (ITF). Na razie nie ma oficjalnego og\u0142oszenia o zmianie jej narodowo\u015bci sportowej&#8221; &#8211; czytamy.<\/p>\n<p class=\"typography ids-typeset-body ids-typeset-body--preset-large link paragraph ids-paragraph ids-paragraph--default\">Zacytowano tak\u017ce komentarz\u00a0Natalji Wichlancewej &#8211; rosyjskiej tenisistki, kt\u00f3ra w 2017 roku znalaz\u0142a si\u0119 na 54. miejscu w \u015bwiatowym rankingu, a w kolejnych sezonach coraz s\u0142abiej radzi\u0142a sobie w elicie. 28-latka oficjalnie kariery nie zako\u0144czy\u0142a, ale pr\u00f3\u017cno szuka\u0107 jej nazwiska w turniejach pod egid\u0105 WTA.<\/p>\n<p class=\"typography ids-typeset-body ids-typeset-body--preset-large link paragraph ids-paragraph ids-paragraph--default\">&#8222;Nie lubi\u0119 komentowa\u0107 zmian w obywatelstwie sportowym, ale w bardzo kr\u00f3tkim czasie dosz\u0142o do zbyt wielu transfer\u00f3w. Nie podoba mi si\u0119 to, poniewa\u017c wiem z w\u0142asnego do\u015bwiadczenia: je\u015bli dziewczyny by\u0142y w sk\u0142adzie reprezentacji Rosji, otrzymywa\u0142y zwrot koszt\u00f3w turnieju&#8221; &#8211; napisa\u0142a w serwisie Telegram.<\/p>\n<p class=\"typography ids-typeset-body ids-typeset-body--preset-large link paragraph ids-paragraph ids-paragraph--default\">Wichlancewa przypomnia\u0142a te\u017c, \u017ce rosyjskie tenisistki mog\u0142y liczy\u0107 na zwrot koszt\u00f3w obowi\u0105zkowych bada\u0144 lekarskich, reprezentantki kraju otrzymywa\u0142y te\u017c stypendium. I da\u0142a do zrozumienia, \u017ce zmiana obywatelstwa niesie ze sob\u0105 mo\u017cliwo\u015b\u0107 zdobycia bardziej lukratywnych kontrakt\u00f3w sponsorskich.\u00a0Na co sama, w przeciwie\u0144stwie do Kudiermietowej, si\u0119 nie zdecydowa\u0142a, co stanowi przytyk w stron\u0119 22-latki.<\/p>\n<blockquote role=\"blockquote\" class=\"quote ids-quote ids-quote--nosurface--short--medium\"><p>Przez kontrakty sponsorskie rozumiem odzie\u017c sportow\u0105, rakiety, samochody, kosmetyki, stroje codzienne lub wieczorowe, okulary itd. Takie kontrakty tradycyjnie by\u0142y bardziej atrakcyjne dla tenisist\u00f3w z Europy, USA, Kanady i Azji. Dlatego w pewnym momencie mojej kariery zaproponowano mi gr\u0119 dla Francji, ale wszyscy wiecie, jaki by\u0142 m\u00f3j wyb\u00f3r<\/p><\/blockquote>\n<p class=\"typography ids-typeset-body ids-typeset-body--preset-large link paragraph ids-paragraph ids-paragraph--default\">Przypomnijmy, \u017ce Polina Kudiermietowa ma starsz\u0105 siostr\u0119 Wieronik\u0119, kt\u00f3ra r\u00f3wnie\u017c jest tenisistk\u0105 (w swoim dorobku ma m.in. deblowy triumf w Wimbledonie). Starsza z si\u00f3str Kudiermietowych jednak p\u00f3ki co nie posz\u0142a w strony Poliny i nadal wyst\u0119puje jako Rosjanka.<\/p>\n<ul class=\"typography ids-typeset-body ids-typeset-body--preset-small list--article-list ids-list ids-list--unordered ids-list--size-small \" datatype=\"disc\">\n<li class=\"ids-list-item ids-list-item__content brief-list-item\"><a class=\"ids-undecorated-link link ids-link \" data-spons=\"false\" href=\"https:\/\/sport.interia.pl\/sportowe-zycie\/news-takie-wyksztalcenie-ma-aryna-sabalenka-rzadko-sie-chwali-o-t,nId,22497733\" rel=\"nofollow noopener\" target=\"_blank\">Takie wykszta\u0142cenie ma Aryna Sabalenka. Rzadko si\u0119 chwali, o tym wie niewielu<\/a><\/li>\n<li class=\"ids-list-item ids-list-item__content brief-list-item\"><a class=\"ids-undecorated-link link ids-link \" data-spons=\"false\" href=\"https:\/\/sport.interia.pl\/pilka-nozna\/liga-konferencji\/news-media-rosyjscy-chuligani-urzadzili-polowanie-na-kibicow-legi,nId,22498065\" rel=\"nofollow noopener\" target=\"_blank\">Media: Rosyjscy chuligani urz\u0105dzili polowanie na kibic\u00f3w Legii. Nowe echa ws. zatrzyma\u0144 w Armenii<\/a><\/li>\n<\/ul>\n<p>Polska ma nowy talent? \u015awi\u0105tek chwali m\u0142od\u0105 reprezentantk\u0119 podczas BJK CupPolsat Sport<\/p>\n<p><img decoding=\"async\" class=\"ids-image-holder__img\" loading=\"lazy\" alt=\"Polina Kudiermietowa\" title=\"Polina Kudiermietowa\" width=\"3006\" height=\"2004\" src=\"https:\/\/www.europesays.com\/pl\/wp-content\/uploads\/2025\/12\/000L3J5EDDQMXTA1-C323-F4.webp.webp\"\/><\/p>\n<p>Polina KudiermietowaJULIEN DE ROSAAFP<\/p>\n<p><img decoding=\"async\" class=\"ids-image-holder__img\" loading=\"lazy\" alt=\"Polina Kudiermietowa\" title=\"Polina Kudiermietowa\" width=\"6000\" height=\"4000\" src=\"https:\/\/www.europesays.com\/pl\/wp-content\/uploads\/2025\/12\/000KKUYHG5B4O3CI-C323-F4.webp.webp\"\/><\/p>\n<p>Polina KudiermietowaPatrick HAMILTONAFP<\/p>\n<p><img decoding=\"async\" class=\"ids-image-holder__img\" loading=\"lazy\" alt=\"Tenisistka w niebieskiej sukience podczas gry na kortach twardych, biegn\u0105ca w kierunku pi\u0142ki, skoncentrowana na odbiciu, w dynamicznej pozie.\" title=\"Polina Kudiermietowa\" width=\"5512\" height=\"3675\" src=\"https:\/\/www.europesays.com\/pl\/wp-content\/uploads\/2025\/12\/000LIFF6LJ0DWEBE-C323-F4.webp.webp\"\/><\/p>\n<p>Polina KudiermietowaMINAS PANAGIOTAKIS \/ GETTY IMAGES NORTH AMERICA \/ GETTY IMAGES VIA AFPAFP<\/p>\n<p><a class=\"ids-undecorated-link source ids-page-info--source__link\" href=\"https:\/\/www.interia.pl\" rel=\"nofollow noopener\" target=\"_blank\"><img decoding=\"async\" class=\"ids-image-holder__img\" loading=\"lazy\" alt=\"\" title=\"\" height=\"24px\" src=\"https:\/\/www.europesays.com\/pl\/wp-content\/uploads\/2025\/12\/1765807331_324_0009A60QQ5I2TYF7-C202-F4.webp.webp\"\/><\/a><\/p>\n<p>Masz sugestie, uwagi albo widzisz b\u0142\u0105d? Napisz do nas<\/p>\n","protected":false},"excerpt":{"rendered":"Inauguracja nowego sezonu w tenisie zbli\u017ca si\u0119 wielkimi krokami, tymczasem pojawia si\u0119 coraz wi\u0119cej doniesie\u0144 o zawodniczkach, kt\u00f3re&hellip;\n","protected":false},"author":2,"featured_media":152216,"comment_status":"","ping_status":"","sticky":false,"template":"","format":"standard","meta":{"footnotes":""},"categories":[24],"tags":[42,38,40,39,41,127,126],"class_list":{"0":"post-152215","1":"post","2":"type-post","3":"status-publish","4":"format-standard","5":"has-post-thumbnail","7":"category-sport","8":"tag-pl","9":"tag-poland","10":"tag-polish","11":"tag-polska","12":"tag-polski","13":"tag-sport","14":"tag-sports"},"share_on_mastodon":{"url":"https:\/\/pubeurope.com\/@pl\/115724145767130283","error":""},"_links":{"self":[{"href":"https:\/\/www.europesays.com\/pl\/wp-json\/wp\/v2\/posts\/152215","targetHints":{"allow":["GET"]}}],"collection":[{"href":"https:\/\/www.europesays.com\/pl\/wp-json\/wp\/v2\/posts"}],"about":[{"href":"https:\/\/www.europesays.com\/pl\/wp-json\/wp\/v2\/types\/post"}],"author":[{"embeddable":true,"href":"https:\/\/www.europesays.com\/pl\/wp-json\/wp\/v2\/users\/2"}],"replies":[{"embeddable":true,"href":"https:\/\/www.europesays.com\/pl\/wp-json\/wp\/v2\/comments?post=152215"}],"version-history":[{"count":0,"href":"https:\/\/www.europesays.com\/pl\/wp-json\/wp\/v2\/posts\/152215\/revisions"}],"wp:featuredmedia":[{"embeddable":true,"href":"https:\/\/www.europesays.com\/pl\/wp-json\/wp\/v2\/media\/152216"}],"wp:attachment":[{"href":"https:\/\/www.europesays.com\/pl\/wp-json\/wp\/v2\/media?parent=152215"}],"wp:term":[{"taxonomy":"category","embeddable":true,"href":"https:\/\/www.europesays.com\/pl\/wp-json\/wp\/v2\/categories?post=152215"},{"taxonomy":"post_tag","embeddable":true,"href":"https:\/\/www.europesays.com\/pl\/wp-json\/wp\/v2\/tags?post=152215"}],"curies":[{"name":"wp","href":"https:\/\/api.w.org\/{rel}","templated":true}]}}